{"id":4033,"date":"2020-12-10T12:16:50","date_gmt":"2020-12-10T11:16:50","guid":{"rendered":"http:\/\/skalickyobzor.sk\/cms\/?p=4033"},"modified":"2020-12-10T12:36:31","modified_gmt":"2020-12-10T11:36:31","slug":"vazena-pani-primatorka-vazeni-poslanci-21","status":"publish","type":"post","link":"http:\/\/skalickyobzor.sk\/cms\/vazena-pani-primatorka-vazeni-poslanci-21\/","title":{"rendered":"V\u00e1\u017een\u00e1 pani prim\u00e1torka, v\u00e1\u017een\u00ed poslanci!"},"content":{"rendered":"<p>V\u00a0novembri ubehli dva roky od komun\u00e1lnych volieb a\u00a0za vami je polovica v\u00e1\u0161ho volebn\u00e9ho obdobia. Je to pr\u00edle\u017eitos\u0165 na mal\u00fa rekapitul\u00e1ciu a\u00a0radi by sme sa v\u00e1s sp\u00fdtali:<\/p>\n<p><strong>Zhoduj\u00fa sa va\u0161e predstavy o\u00a0pr\u00e1ci poslanca, ktor\u00e9 ste mali pred vo\u013ebami, s\u00a0re\u00e1lnou pr\u00e1cou?<\/strong><\/p>\n<p>Popros\u00edme v\u00e1s v\u00a0prvom rade o\u00a0jednozna\u010dn\u00fa odpove\u010f na ot\u00e1zku (<strong>\u00c1NO<\/strong> \/ <strong>NIE<\/strong> \/ <strong>SK\u00d4R \u00c1NO<\/strong> \/ <strong>SK\u00d4R NIE<\/strong> \/ <strong>NEVIEM<\/strong>). Budeme v\u0161ak v\u010fa\u010dn\u00ed aj za \u0161ir\u0161ie spresnenie va\u0161ej odpovede a\u00a0ak n\u00e1m nap\u00ed\u0161ete bli\u017e\u0161ie v\u00a0\u010dom sa va\u0161e predstavy l\u00ed\u0161ia \u010di zhoduj\u00fa, \u010do v\u00e1s v\u00a0tomto obdob\u00ed najviac prekvapilo, pr\u00edpadne, \u010do pova\u017eujete z\u00a0tohto obdobia za to najd\u00f4le\u017eitej\u0161ie.<\/p>\n<p>\u010eakujeme a\u00a0\u017eel\u00e1me pekn\u00fd de\u0148.<\/p>\n<p>P.S: Va\u0161e odpovede bud\u00fa zverejnen\u00e9 v\u00a0decembrovom \u010d\u00edsle, preto m\u00f4\u017eete vyu\u017ei\u0165 t\u00fato cestu a\u00a0pr\u00edpadne na\u0161im prostredn\u00edctvom zasla\u0165 Skali\u010danom kr\u00e1tke \u017eelanie.<\/p>\n<p><strong>VYSVETLIVKY:<\/strong><\/p>\n<p><strong>0 neodpovedal<\/strong><br \/>\n<strong>? nedal jednozna\u010dn\u00fa odpove\u010f<\/strong><\/p>\n<div id=\"poslanci\">\n<div class=\"poslanec\">\n<div class=\"foto\"><img decoding=\"async\" src=\"http:\/\/skalickyobzor.sk\/cms\/wp-content\/uploads\/2019\/01\/anna_mierna.jpg\" \/><\/div>\n<div class=\"meno\">MIERNA Anna<\/div>\n<div class=\"odpoved\">SK\u00d4R \u00c1NO<\/div>\n<\/div>\n<div class=\"poslanec\">\n<div class=\"foto\"><img decoding=\"async\" src=\"http:\/\/skalickyobzor.sk\/cms\/wp-content\/uploads\/2017\/10\/fotka_poslanca.jpg\" \/><\/div>\n<div class=\"meno\">BAR\u00c1T \u013dudov\u00edt<\/div>\n<div class=\"odpoved\">0<\/div>\n<\/div>\n<div class=\"poslanec\">\n<div class=\"foto\"><img decoding=\"async\" src=\"http:\/\/skalickyobzor.sk\/cms\/wp-content\/uploads\/2019\/01\/lubica_buckova.jpg\" \/><\/div>\n<div class=\"meno\">BU\u010cKOV\u00c1 \u013dubica<\/div>\n<div class=\"odpoved\">0<\/div>\n<\/div>\n<div class=\"poslanec\">\n<div class=\"foto\"><img decoding=\"async\" src=\"http:\/\/skalickyobzor.sk\/cms\/wp-content\/uploads\/2019\/01\/veronika_hanzalikova.jpg\" \/><\/div>\n<div class=\"meno\">HANZAL\u00cdKOV\u00c1 Veronika<\/div>\n<div class=\"odpoved\">0<\/div>\n<\/div>\n<div class=\"poslanec\">\n<div class=\"foto\"><img decoding=\"async\" src=\"http:\/\/skalickyobzor.sk\/cms\/wp-content\/uploads\/2019\/01\/adrian_hertl.jpg\" \/><\/div>\n<div class=\"meno\">HERTL Adri\u00e1n<\/div>\n<div class=\"odpoved\">SK\u00d4R NIE<\/div>\n<\/div>\n<div class=\"poslanec\">\n<div class=\"foto\"><img decoding=\"async\" src=\"http:\/\/skalickyobzor.sk\/cms\/wp-content\/uploads\/2019\/01\/miroslav_hornak.jpg\" \/><\/div>\n<div class=\"meno\">HOR\u0147\u00c1K Miroslav<\/div>\n<div class=\"odpoved\">0<\/div>\n<\/div>\n<div class=\"poslanec\">\n<div class=\"foto\"><img decoding=\"async\" src=\"http:\/\/skalickyobzor.sk\/cms\/wp-content\/uploads\/2019\/02\/vladislav_hornak.jpg\" \/><\/div>\n<div class=\"meno\">HOR\u0147\u00c1K Vladislav<\/div>\n<div class=\"odpoved\">0<\/div>\n<\/div>\n<div class=\"poslanec\">\n<div class=\"foto\"><img decoding=\"async\" src=\"http:\/\/skalickyobzor.sk\/cms\/wp-content\/uploads\/2019\/01\/katarina_chovancova.jpg\" \/><\/div>\n<div class=\"meno\">CHOVANCOV\u00c1 Katar\u00edna<\/div>\n<div class=\"odpoved\">0<\/div>\n<\/div>\n<div class=\"poslanec\">\n<div class=\"foto\"><img decoding=\"async\" src=\"http:\/\/skalickyobzor.sk\/cms\/wp-content\/uploads\/2019\/01\/frantisek_kadlecik.jpg\" \/><\/div>\n<div class=\"meno\">KADLE\u010c\u00cdK Franti\u0161ek<\/div>\n<div class=\"odpoved\">0<\/div>\n<\/div>\n<div class=\"poslanec\">\n<div class=\"foto\"><img decoding=\"async\" src=\"http:\/\/skalickyobzor.sk\/cms\/wp-content\/uploads\/2017\/10\/martin_kojs.jpg\" \/><\/div>\n<div class=\"meno\">KOJ\u0160 Martin<\/div>\n<div class=\"odpoved\">0<\/div>\n<\/div>\n<div class=\"poslanec\">\n<div class=\"foto\"><img decoding=\"async\" src=\"http:\/\/skalickyobzor.sk\/cms\/wp-content\/uploads\/2017\/10\/fotka_poslanca.jpg\" \/><\/div>\n<div class=\"meno\">KO\u0160\u00cdK Peter<\/div>\n<div class=\"odpoved\">0<\/div>\n<\/div>\n<div class=\"poslanec\">\n<div class=\"foto\"><img decoding=\"async\" src=\"http:\/\/skalickyobzor.sk\/cms\/wp-content\/uploads\/2019\/01\/miroslav_lipovsky.jpg\" \/><\/div>\n<div class=\"meno\">LIPOVSK\u00dd Miroslav<\/div>\n<div class=\"odpoved\">0<\/div>\n<\/div>\n<div class=\"poslanec\">\n<div class=\"foto\"><img decoding=\"async\" src=\"http:\/\/skalickyobzor.sk\/cms\/wp-content\/uploads\/2017\/10\/anna_ozabalova.jpg\" \/><\/div>\n<div class=\"meno\">OZ\u00c1BALOV\u00c1 Anna<\/div>\n<div class=\"odpoved\">SK\u00d4R \u00c1NO<\/div>\n<\/div>\n<div class=\"poslanec\">\n<div class=\"foto\"><img decoding=\"async\" src=\"http:\/\/skalickyobzor.sk\/cms\/wp-content\/uploads\/2017\/12\/peter_pagac.jpg\" \/><\/div>\n<div class=\"meno\">PAG\u00c1\u010c Peter<\/div>\n<div class=\"odpoved\">0<\/div>\n<\/div>\n<div class=\"poslanec\">\n<div class=\"foto\"><img decoding=\"async\" src=\"http:\/\/skalickyobzor.sk\/cms\/wp-content\/uploads\/2019\/01\/zigmund_palffy.jpg\" \/><\/div>\n<div class=\"meno\">P\u00c1LFFY \u017digmund<\/div>\n<div class=\"odpoved\">0<\/div>\n<\/div>\n<div class=\"poslanec\">\n<div class=\"foto\"><img decoding=\"async\" src=\"http:\/\/skalickyobzor.sk\/cms\/wp-content\/uploads\/2019\/01\/erik_rangl.jpg\" \/><\/div>\n<div class=\"meno\">RANGL Erik<\/div>\n<div class=\"odpoved\">0<\/div>\n<\/div>\n<div class=\"poslanec\">\n<div class=\"foto\"><img decoding=\"async\" src=\"http:\/\/skalickyobzor.sk\/cms\/wp-content\/uploads\/2017\/10\/jana_rekosova.jpg\" \/><\/div>\n<div class=\"meno\">REKO\u0160OV\u00c1 Jana<\/div>\n<div class=\"odpoved\">NIE<\/div>\n<\/div>\n<div class=\"poslanec\">\n<div class=\"foto\"><img decoding=\"async\" src=\"http:\/\/skalickyobzor.sk\/cms\/wp-content\/uploads\/2017\/10\/fotka_poslanca.jpg\" \/><\/div>\n<div class=\"meno\">ROMAN Milan<\/div>\n<div class=\"odpoved\">0<\/div>\n<\/div>\n<div class=\"poslanec\">\n<div class=\"foto\"><img decoding=\"async\" src=\"http:\/\/skalickyobzor.sk\/cms\/wp-content\/uploads\/2019\/01\/jozef_skala.jpg\" \/><\/div>\n<div class=\"meno\">SK\u00c1LA Jozef<\/div>\n<div class=\"odpoved\">SK\u00d4R NIE<\/div>\n<\/div>\n<div class=\"poslanec\">\n<div class=\"foto\"><img decoding=\"async\" src=\"http:\/\/skalickyobzor.sk\/cms\/wp-content\/uploads\/2017\/10\/fotka_poslanca.jpg\" \/><\/div>\n<div class=\"meno\">\u0160ANTAV\u00dd Rudolf<\/div>\n<div class=\"odpoved\">0<\/div>\n<\/div>\n<\/div>\n<p>Na mesto som nastupovala z poz\u00edcie riadite\u013eky odb. financi\u00ed TTSK a kr\u00edzov\u00e9ho riadenia letiska Pie\u0161\u0165any, mala som u\u017e sk\u00fasenosti s riaden\u00edm samospr\u00e1vy. Poznala som \u00falohy i mo\u017enosti \u00faradu a mala som predstavu do \u010doho idem. Po mojom n\u00e1stupe do funkcie som v\u0161ak zistila, \u017ee mesto je vo v\u00fdrazne hor\u0161ej situ\u00e1cii ne\u017e bolo prezentovan\u00e9. S\u00fadne spory, nezaplaten\u00e9 fakt\u00fary, dlhy a nevysporiadan\u00e9 majetky s\u00fa len zlomok situ\u00e1cie, v akej sa mesto nach\u00e1dzalo. Za dva roky vo funkcii sme zn\u00ed\u017eili po\u010det nezaplaten\u00fdch fakt\u00far na historick\u00e9 minimum. Vysporiadali sme majetok Z\u0160, vyrokovali n\u00e1sobne lep\u0161ie \u00favery, vysporiadali s\u00fadne spory TV a\u00a0zn\u00ed\u017eili dlh. Nastavili sme nov\u00e9 procesy fungovania \u00faradu, rekon\u0161trukcie chodn\u00edkov a\u00a0dnes sa aj uch\u00e1dzame o\u00a0eurofondy na ve\u013ek\u00e9 projekty. Ver\u00edm, \u017ee na\u0161e pl\u00e1ny sa podar\u00ed splni\u0165.<br \/>\n<strong>Anna Mierna, prim\u00e1torka<\/strong><\/p>\n<p>Predpokladala som, \u017ee nov\u00e9 zlo\u017eenie poslaneck\u00e9ho zboru bude tvorivej\u0161ie ako predch\u00e1dzaj\u00face, no ve\u013emi som sa m\u00fdlila. Je na \u0161kodu n\u00e1\u0161ho mesta, \u017ee snahou mnoh\u00fdch poslancov je \u00fato\u010di\u0165 na v\u0161etky strany, vytv\u00e1ra\u0165 kon\u0161pir\u00e1cie, poni\u017eova\u0165. V\u0161etk\u00fdm ob\u010danom n\u00e1\u0161ho mesta \u017eel\u00e1m pokojn\u00e9 viano\u010dn\u00e9 sviatky, v\u0161etko najlep\u0161ie, ve\u013ea zdravia, rodinnej pohody v\u00a0novom roku 2021.<br \/>\n<strong>Anna Oz\u00e1balov\u00e1, poslanky\u0148a<\/strong><\/p>\n<p><a href=\"http:\/\/skalickyobzor.sk\/cms\/wp-content\/uploads\/2020\/12\/otazky-podnety.jpg\"><img loading=\"lazy\" decoding=\"async\" class=\"aligncenter wp-image-4035 size-full\" src=\"http:\/\/skalickyobzor.sk\/cms\/wp-content\/uploads\/2020\/12\/otazky-podnety.jpg\" alt=\"\" width=\"1116\" height=\"310\" srcset=\"http:\/\/skalickyobzor.sk\/cms\/wp-content\/uploads\/2020\/12\/otazky-podnety.jpg 1116w, http:\/\/skalickyobzor.sk\/cms\/wp-content\/uploads\/2020\/12\/otazky-podnety-300x83.jpg 300w, http:\/\/skalickyobzor.sk\/cms\/wp-content\/uploads\/2020\/12\/otazky-podnety-1024x284.jpg 1024w, http:\/\/skalickyobzor.sk\/cms\/wp-content\/uploads\/2020\/12\/otazky-podnety-768x213.jpg 768w\" sizes=\"auto, (max-width: 1116px) 100vw, 1116px\" \/><\/a><\/p>\n","protected":false},"excerpt":{"rendered":"<div class=\"mh-excerpt\"><p>V\u00a0novembri ubehli dva roky od komun\u00e1lnych volieb a\u00a0za vami je polovica v\u00e1\u0161ho volebn\u00e9ho obdobia. Je to pr\u00edle\u017eitos\u0165 na mal\u00fa rekapitul\u00e1ciu a\u00a0radi by sme sa v\u00e1s sp\u00fdtali: Zhoduj\u00fa sa va\u0161e predstavy o\u00a0pr\u00e1ci poslanca, ktor\u00e9 ste mali <a class=\"mh-excerpt-more\" href=\"http:\/\/skalickyobzor.sk\/cms\/vazena-pani-primatorka-vazeni-poslanci-21\/\" title=\"V\u00e1\u017een\u00e1 pani prim\u00e1torka, v\u00e1\u017een\u00ed poslanci!\">[&#8230;]<\/a><\/p>\n<\/div>","protected":false},"author":1,"featured_media":239,"comment_status":"closed","ping_status":"closed","sticky":false,"template":"","format":"standard","meta":{"footnotes":""},"categories":[9],"tags":[],"class_list":{"0":"post-4033","1":"post","2":"type-post","3":"status-publish","4":"format-standard","5":"has-post-thumbnail","7":"category-vazeni-poslanci"},"_links":{"self":[{"href":"http:\/\/skalickyobzor.sk\/cms\/wp-json\/wp\/v2\/posts\/4033","targetHints":{"allow":["GET"]}}],"collection":[{"href":"http:\/\/skalickyobzor.sk\/cms\/wp-json\/wp\/v2\/posts"}],"about":[{"href":"http:\/\/skalickyobzor.sk\/cms\/wp-json\/wp\/v2\/types\/post"}],"author":[{"embeddable":true,"href":"http:\/\/skalickyobzor.sk\/cms\/wp-json\/wp\/v2\/users\/1"}],"replies":[{"embeddable":true,"href":"http:\/\/skalickyobzor.sk\/cms\/wp-json\/wp\/v2\/comments?post=4033"}],"version-history":[{"count":3,"href":"http:\/\/skalickyobzor.sk\/cms\/wp-json\/wp\/v2\/posts\/4033\/revisions"}],"predecessor-version":[{"id":4037,"href":"http:\/\/skalickyobzor.sk\/cms\/wp-json\/wp\/v2\/posts\/4033\/revisions\/4037"}],"wp:featuredmedia":[{"embeddable":true,"href":"http:\/\/skalickyobzor.sk\/cms\/wp-json\/wp\/v2\/media\/239"}],"wp:attachment":[{"href":"http:\/\/skalickyobzor.sk\/cms\/wp-json\/wp\/v2\/media?parent=4033"}],"wp:term":[{"taxonomy":"category","embeddable":true,"href":"http:\/\/skalickyobzor.sk\/cms\/wp-json\/wp\/v2\/categories?post=4033"},{"taxonomy":"post_tag","embeddable":true,"href":"http:\/\/skalickyobzor.sk\/cms\/wp-json\/wp\/v2\/tags?post=4033"}],"curies":[{"name":"wp","href":"https:\/\/api.w.org\/{rel}","templated":true}]}}