{"id":4044,"date":"2020-12-10T12:08:22","date_gmt":"2020-12-10T11:08:22","guid":{"rendered":"http:\/\/skalickyobzor.sk\/cms\/?p=4044"},"modified":"2020-12-10T12:35:48","modified_gmt":"2020-12-10T11:35:48","slug":"skutocne-sviatky-su-v-nas","status":"publish","type":"post","link":"http:\/\/skalickyobzor.sk\/cms\/skutocne-sviatky-su-v-nas\/","title":{"rendered":"Skuto\u010dn\u00e9 sviatky s\u00fa v n\u00e1s"},"content":{"rendered":"<p>Pomaly sa bl\u00ed\u017eia Vianoce, najkraj\u0161ie sviatky roka. V na\u0161ich mysliach sa Vianoce st\u00e1le sp\u00e1jaj\u00fa s predstavami a spomienkami na ka\u017ed\u00fd rok sa opakuj\u00face \u010darovn\u00e9, vesel\u00e9, pokojn\u00e9, \u0161tedr\u00e9, &#8230; Na \u017eiariaci strom\u010dek, rozsvieten\u00e9 mesto, zo st\u00e1nkov sa vzn\u00e1\u0161aj\u00facu v\u00f4\u0148a pun\u010du, \u010di kapustnice, koledy, znej\u00face n\u00e1mest\u00edm a deti, \u0165ahaj\u00face za zvon\u010dek \u017eelan\u00ed. \u013dudia tu na kr\u00e1tku chv\u00ed\u013eu vyst\u00fapia z dennej rutiny, spomalia, s priate\u013emi prehodia zop\u00e1r slov a nad\u00fdchnu sa podmanivej atmosf\u00e9ry. Vyzdoben\u00fd Jezuitsk\u00fd kostol so svoj\u00edm n\u00e1dhern\u00fdm interi\u00e9rom a neskuto\u010dnou akustikou, spokojn\u00e9 a usmiate tv\u00e1re \u013eud\u00ed, ktor\u00ed pri\u0161li nasa\u0165 sviato\u010dn\u00fa atmosf\u00e9ru na niektor\u00fd z adventn\u00fdch koncertov. Dom kult\u00fary, praskaj\u00faci vo \u0161v\u00edkoch, rodi\u010dia, star\u00ed rodi\u010dia, s\u00farodenci, tety, \u010di ujovia \u2013 v\u0161etci, pln\u00ed radosti a o\u010dak\u00e1van\u00ed, \u017ee uvidia to svoje die\u0165a tancova\u0165, spieva\u0165, hra\u0165, \u010di recitova\u0165. Pr\u00e1ve tak\u00e9to sviatky pre v\u0161etk\u00fdch po mnoho rokov znamenali ak\u00fasi\u00a0sl\u00e1vnostn\u00fa bodku za star\u00fdm rokom. To sme v\u0161ak e\u0161te v\u0161etci \u017eili norm\u00e1lnym, be\u017en\u00fdm \u017eivotom, stret\u00e1vali sme sa s\u00a0priate\u013emi, chodili na v\u00fdlety, spolo\u010dne sme sa smiali. V\u0161etko plynulo s\u00a0akousi \u013eahkos\u0165ou a\u00a0samozrejmos\u0165ou.<\/p>\n<p>T\u00f3ny hudby a spevu, nes\u00face sa priestorom s\u00fa pohladen\u00edm a balzamom na du\u0161u. Niet divu, \u017ee pre mnoh\u00fdch pr\u00e1ve prv\u00fd adventn\u00fd koncert predstavuje ak\u00fdsi symbol a pomyseln\u00fd za\u010diatok viano\u010dn\u00e9ho obdobia. V minulosti sme si neuvedomovali, ak\u00e9 v\u00fdnimo\u010dn\u00e9 chv\u00edle vlastne pre\u017e\u00edvame, ak\u00e9 \u00fa\u017easn\u00e9 obdobie \u017eijeme. Kto by si bol pomyslel, \u017ee o\u00a0rok to bude v\u0161etko \u00faplne in\u00e9, &#8230;, \u017ee oby\u010dajn\u00e9 stretnutie kamar\u00e1tov sa stane vz\u00e1cnos\u0165ou, \u017ee priate\u013esk\u00e9 objatie bude rozpa\u010dit\u00e9, \u017ee namiesto podania r\u00fak sa nemotorne obtrieme o\u00a0seba lak\u0165ami, \u017ee na\u0161e em\u00f3cie a\u00a0n\u00e1\u0161 \u00fasmev zostan\u00fa skryt\u00e9 pod r\u00fa\u0161kom.<\/p>\n<h4>KULT\u00daRA NIE JE BEZ N\u00c1S, ANI MY BEZ KULT\u00daRY<\/h4>\n<p>Aj ke\u010f sme na\u0161e \u017eivoty \u017eili mo\u017eno a\u017e pr\u00edli\u0161 r\u00fdchlo, pr\u00e1ve ten predviano\u010dn\u00fd \u010das v n\u00e1s vedel nastoli\u0165 pokoj. Akosi prirodzene n\u00e1s prim\u00e4l zatiahnu\u0165 ru\u010dn\u00fa brzdu a spomali\u0165, zastavi\u0165 sa. Mo\u017eno aj pr\u00e1ve v\u010faka t\u00fdm kr\u00e1snym viano\u010dn\u00fdm podujatiam, o ktor\u00e9 v Skalici nikdy nebola n\u00fadza. V\u010faka t\u00fdm koncertom, \u010di predstaveniam, za ktor\u00fdmi sa skr\u00fdvali hodiny pr\u00e1ce, n\u00e1cvikov a sk\u00fa\u0161ok mno\u017estva \u013eud\u00ed v\u0161etk\u00fdch gener\u00e1ci\u00ed \u2013 od det\u00ed, cez ml\u00e1de\u017e, dospel\u00fdch a\u017e po seniorov. T\u00fdch, ktor\u00ed pre n\u00e1s a\u00a0na\u0161e deti vytv\u00e1raj\u00fa kult\u00faru, obohacuj\u00fa n\u00e1s o\u00a0emo\u010dn\u00e9 z\u00e1\u017eitky, dob\u00edjaj\u00fa energiou a\u00a0prin\u00e1\u0161aj\u00fa harm\u00f3niu v\u00a0du\u0161i.<\/p>\n<p>Tieto Vianoce n\u00e1s svoj\u00edm vyst\u00fapen\u00edm, \u010di koncertom nepote\u0161ia. \u017dia\u013e, patria k t\u00fdm, ktor\u00fdch dne\u0161n\u00e1 kr\u00edza \u00faplne odstavila. Nestr\u00e1cajme v\u0161ak n\u00e1dej, \u017ee n\u00e1s \u010doskoro priv\u00edtaj\u00fa v plnej s\u00e1le alebo na n\u00e1mest\u00ed a my ich spolo\u010dne obdar\u00edme \u017eiv\u00fdm potleskom a \u00faprimn\u00fdm, no hlavne vidite\u013en\u00fdm \u00fasmevom. Preto\u017ee, \u010di si to uvedomujeme alebo nie, kult\u00fara je s\u00fa\u010das\u0165ou n\u00e1s v\u0161etk\u00fdch, je tu s nami od po\u010diatku \u013eudstva, nezni\u010dili ju vojny, ani epid\u00e9mie. A majme na pam\u00e4ti my\u0161lienku, ktor\u00fa raz vyslovil Cicero: Kult\u00fara je \u017eiv\u00e1 len dovtedy, ak ju \u013eudsk\u00e9 spolo\u010denstvo pestuje, kultivuje a\u00a0zdokona\u013euje.<\/p>\n<h4>TICH\u00c1 NIELEN SV\u00c4T\u00c1 NOC<\/h4>\n<p>Tento rok bude mesto v\u00a0predviano\u010dnom obdob\u00ed tich\u00e9. M\u00f4\u017ee sa zda\u0165, \u017ee sviatky bud\u00fa smutnej\u0161ie, skromnej\u0161ie, \u010di dokonca chudobnej\u0161ie. Av\u0161ak ak\u00e9 bud\u00fa v\u00a0skuto\u010dnosti v\u00a0na\u0161ich du\u0161iach, v\u00a0na\u0161ich domovoch?<\/p>\n<p>U\u017e d\u00e1vno pred Vianocami n\u00e1s t\u00e1to zvl\u00e1\u0161tna doba prin\u00fatila spomali\u0165, zastavi\u0165, hodnoti\u0165, &#8230; Dopriala n\u00e1m dostatok \u010dasu uprata\u0165 si v\u00a0hlave, poprehadzova\u0165 hodnoty, priority. Pripravila n\u00e1m v\u0161ak aj mnoho n\u00e1strah. Nedovo\u013eme, aby n\u00e1s pohltili v\u0161etky negat\u00edvne spr\u00e1vy, ktor\u00e9 na n\u00e1s denne chrlia m\u00e9di\u00e1. Vypnime na chv\u00ed\u013eu internet, rozpr\u00e1vajme sa a\u00a0radujme so svojimi bl\u00edzkymi, vybehnime do pr\u00edrody, \u010d\u00edtajme de\u0165om rozpr\u00e1vky a\u00a0pozerajme sa na svet\u00a0pozit\u00edvnym poh\u013eadom. Len na n\u00e1s samotn\u00fdch toti\u017e z\u00e1le\u017e\u00ed, \u010do si z\u00a0tejto zvl\u00e1\u0161tnej doby prenesieme do na\u0161ich \u017eivotov.<\/p>\n<p>Za\u017eelajme si, nech s\u00fa tie tohtoro\u010dn\u00e9 Vianoce podobne kr\u00e1sne ako tie minul\u00e9 a\u00a0verme, \u017ee nasleduj\u00faci rok n\u00e1m prinesie viac dobr\u00fdch spr\u00e1v. Za\u017eelajme si, aby sme sa kone\u010dne mohli vo\u013ene nad\u00fdchnu\u0165, vo\u013ene sa prejs\u0165 po parku, \u010di po meste, z\u00e1js\u0165 si len tak na k\u00e1vu, aby sa deti vr\u00e1tili do lav\u00edc, k\u00a0\u0161portov\u00fdm aktivit\u00e1m, k\u00a0svojim kon\u00ed\u010dkom a\u00a0z\u00e1\u013eub\u00e1m. Nech si kone\u010dne sadneme pred oponu vypredan\u00e9ho divadla, \u010di koncertnej s\u00e1ly. A\u00a0nech sa \u010doskoro z\u00eddeme na niektorom z\u00a0mno\u017estva podujat\u00ed, ktor\u00e9 sme v\u017edy brali ako nie\u010do samozrejm\u00e9 a\u00a0dnes sa stali ak\u00fdmsi vzdialen\u00fdm snom. Pr\u00e1ve tak, ako bohat\u00e9 kult\u00farne Vianoce ak\u00e9 sme poznali doteraz.<\/p>\n","protected":false},"excerpt":{"rendered":"<div class=\"mh-excerpt\"><p>Pomaly sa bl\u00ed\u017eia Vianoce, najkraj\u0161ie sviatky roka. V na\u0161ich mysliach sa Vianoce st\u00e1le sp\u00e1jaj\u00fa s predstavami a spomienkami na ka\u017ed\u00fd rok sa opakuj\u00face \u010darovn\u00e9, vesel\u00e9, pokojn\u00e9, \u0161tedr\u00e9, &#8230; Na \u017eiariaci strom\u010dek, rozsvieten\u00e9 mesto, zo st\u00e1nkov <a class=\"mh-excerpt-more\" href=\"http:\/\/skalickyobzor.sk\/cms\/skutocne-sviatky-su-v-nas\/\" title=\"Skuto\u010dn\u00e9 sviatky s\u00fa v n\u00e1s\">[&#8230;]<\/a><\/p>\n<\/div>","protected":false},"author":20,"featured_media":4045,"comment_status":"closed","ping_status":"closed","sticky":false,"template":"","format":"standard","meta":{"footnotes":""},"categories":[10],"tags":[],"class_list":{"0":"post-4044","1":"post","2":"type-post","3":"status-publish","4":"format-standard","5":"has-post-thumbnail","7":"category-zaujalo-nas"},"_links":{"self":[{"href":"http:\/\/skalickyobzor.sk\/cms\/wp-json\/wp\/v2\/posts\/4044","targetHints":{"allow":["GET"]}}],"collection":[{"href":"http:\/\/skalickyobzor.sk\/cms\/wp-json\/wp\/v2\/posts"}],"about":[{"href":"http:\/\/skalickyobzor.sk\/cms\/wp-json\/wp\/v2\/types\/post"}],"author":[{"embeddable":true,"href":"http:\/\/skalickyobzor.sk\/cms\/wp-json\/wp\/v2\/users\/20"}],"replies":[{"embeddable":true,"href":"http:\/\/skalickyobzor.sk\/cms\/wp-json\/wp\/v2\/comments?post=4044"}],"version-history":[{"count":3,"href":"http:\/\/skalickyobzor.sk\/cms\/wp-json\/wp\/v2\/posts\/4044\/revisions"}],"predecessor-version":[{"id":4048,"href":"http:\/\/skalickyobzor.sk\/cms\/wp-json\/wp\/v2\/posts\/4044\/revisions\/4048"}],"wp:featuredmedia":[{"embeddable":true,"href":"http:\/\/skalickyobzor.sk\/cms\/wp-json\/wp\/v2\/media\/4045"}],"wp:attachment":[{"href":"http:\/\/skalickyobzor.sk\/cms\/wp-json\/wp\/v2\/media?parent=4044"}],"wp:term":[{"taxonomy":"category","embeddable":true,"href":"http:\/\/skalickyobzor.sk\/cms\/wp-json\/wp\/v2\/categories?post=4044"},{"taxonomy":"post_tag","embeddable":true,"href":"http:\/\/skalickyobzor.sk\/cms\/wp-json\/wp\/v2\/tags?post=4044"}],"curies":[{"name":"wp","href":"https:\/\/api.w.org\/{rel}","templated":true}]}}