{"id":405,"date":"2018-01-12T11:38:00","date_gmt":"2018-01-12T10:38:00","guid":{"rendered":"http:\/\/skalickyobzor.sk\/cms\/?p=405"},"modified":"2018-02-09T15:29:10","modified_gmt":"2018-02-09T14:29:10","slug":"vazeni-poslanci-4","status":"publish","type":"post","link":"http:\/\/skalickyobzor.sk\/cms\/vazeni-poslanci-4\/","title":{"rendered":"V\u00e1\u017een\u00ed poslanci"},"content":{"rendered":"<p><strong>U\u017e to, \u017ee ot\u00e1zka po\u010dtu volebn\u00fdch obvodov bola otvoren\u00e1 a\u00a0 diskutovan\u00e1 poslancami nieko\u013ekokr\u00e1t, dokazuje jej d\u00f4le\u017eitos\u0165. Pod\u013ea podnetov, ktor\u00e9 dost\u00e1vame, zauj\u00edma t\u00e1to<br \/>\nt\u00e9ma i\u00a0ob\u010danov. Nie v\u0161etk\u00fdm je v\u0161ak dostato\u010dne jasn\u00e9, v\u00a0\u010dom je probl\u00e9m, a\u00a0 nie v\u0161etci maj\u00fa pre svoj vlastn\u00fd n\u00e1zor dostatok inform\u00e1ci\u00ed. Pre orient\u00e1ciu sme zhrnuli inform\u00e1cie v\u00a0samostatnom \u010dl\u00e1nku na strane 8. Tu sa p\u00fdtame poslancov na ich n\u00e1zor. Poslali sme im list v\u00a0znen\u00ed:<\/strong><\/p>\n<p><!--more--><\/p>\n<p>V\u00e1\u017een\u00fd p\u00e1n prim\u00e1tor a\u00a0v\u00e1\u017een\u00ed poslanci, na z\u00e1klade z\u00e1ujmu ob\u010danov o\u00a0t\u00e9mu volebn\u00fdch obvodov sme tento mesiac pre V\u00e1s pripravili ot\u00e1zku z\u00a0tejto oblasti. V\u00a0s\u00fa\u010dasnosti m\u00e1me v\u00a0Skalici 5 volebn\u00fdch obvodov. Zo z\u00e1kona a\u00a0po\u010dtu poslancov s\u00fa pre po\u010det obyvate\u013eov Skalice ur\u010den\u00e9 minim\u00e1lne 2 volebn\u00e9 obvody. Upozornenie: Nep\u00fdtame sa na okrsky, ktor\u00fdch je v\u00a0Skalici 10.<\/p>\n<p><strong>Ko\u013eko volebn\u00fdch obvodov v Skalici preferujete?<\/strong><\/p>\n<p>Odpove\u010f: uve\u010fte, pros\u00edm, konkr\u00e9tne \u010d\u00edslo. Odpove\u010f, pros\u00edm, za\u0161lite p\u00edsomne najnesk\u00f4r do 13. 12. 2018. Popros\u00edme V\u00e1s o spolupr\u00e1cu a t\u00fdm o Va\u0161e n\u00e1zory na volebn\u00e9 obvody (po\u010det, pr\u00edpadne in\u00e9 inform\u00e1cie). Z va\u0161ich n\u00e1zorov m\u00f4\u017eeme vych\u00e1dza\u0165 v na\u0161om \u010dl\u00e1nku.<\/p>\n<p>Vysvetlivky:<br \/>\n0 neodpovedal<br \/>\n? nedal jednozna\u010dn\u00fa odpove\u010f<\/p>\n<p>&nbsp;<\/p>\n<div id=\"poslanci\">\n<div class=\"poslanec\">\n<div class=\"foto\"><img decoding=\"async\" src=\"http:\/\/skalickyobzor.sk\/cms\/wp-content\/uploads\/2017\/10\/fotka_poslanca.jpg\" \/><\/div>\n<div class=\"meno\">BAR\u00c1T \u013dudov\u00edt<\/div>\n<div class=\"odpoved\">0<\/div>\n<\/div>\n<div class=\"poslanec\">\n<div class=\"foto\"><img decoding=\"async\" src=\"http:\/\/skalickyobzor.sk\/cms\/wp-content\/uploads\/2017\/10\/peter_bartos.jpg\" \/><\/div>\n<div class=\"meno\">BARTO\u0160 Peter<\/div>\n<div class=\"odpoved\">5<\/div>\n<\/div>\n<div class=\"poslanec\">\n<div class=\"foto\"><img decoding=\"async\" src=\"http:\/\/skalickyobzor.sk\/cms\/wp-content\/uploads\/2017\/10\/fotka_poslanca.jpg\" \/><\/div>\n<div class=\"meno\">\u010cUNDERL\u00cdK Juraj<\/div>\n<div class=\"odpoved\">0<\/div>\n<\/div>\n<div class=\"poslanec\">\n<div class=\"foto\"><img decoding=\"async\" src=\"http:\/\/skalickyobzor.sk\/cms\/wp-content\/uploads\/2017\/10\/peter_hertl.jpg\" \/><\/div>\n<div class=\"meno\">HERTL Peter<\/div>\n<div class=\"odpoved\">2<\/div>\n<\/div>\n<div class=\"poslanec\">\n<div class=\"foto\"><img decoding=\"async\" src=\"http:\/\/skalickyobzor.sk\/cms\/wp-content\/uploads\/2017\/10\/fotka_poslanca.jpg\" \/><\/div>\n<div class=\"meno\">CHOVANEC Stanislav<\/div>\n<div class=\"odpoved\">0<\/div>\n<\/div>\n<div class=\"poslanec\">\n<div class=\"foto\"><img decoding=\"async\" src=\"http:\/\/skalickyobzor.sk\/cms\/wp-content\/uploads\/2017\/10\/fotka_poslanca.jpg\" \/><\/div>\n<div class=\"meno\">KADLE\u010c\u00cdK Franti\u0161ek<\/div>\n<div class=\"odpoved\">0<\/div>\n<\/div>\n<div class=\"poslanec\">\n<div class=\"foto\"><img decoding=\"async\" src=\"http:\/\/skalickyobzor.sk\/cms\/wp-content\/uploads\/2017\/10\/martin_kojs.jpg\" \/><\/div>\n<div class=\"meno\">KOJ\u0160 Martin<\/div>\n<div class=\"odpoved\">Neviem<\/div>\n<\/div>\n<div class=\"poslanec\">\n<div class=\"foto\"><img decoding=\"async\" src=\"http:\/\/skalickyobzor.sk\/cms\/wp-content\/uploads\/2017\/10\/ludovit_kosik.jpg\" \/><\/div>\n<div class=\"meno\">KO\u0160\u00cdK \u013dudov\u00edt<\/div>\n<div class=\"odpoved\">5<\/div>\n<\/div>\n<div class=\"poslanec\">\n<div class=\"foto\"><img decoding=\"async\" src=\"http:\/\/skalickyobzor.sk\/cms\/wp-content\/uploads\/2017\/10\/peter_kosik.jpg\" \/><\/div>\n<div class=\"meno\">KO\u0160\u00cdK Peter<\/div>\n<div class=\"odpoved\">4 a\u017e 5<\/div>\n<\/div>\n<div class=\"poslanec\">\n<div class=\"foto\"><img decoding=\"async\" src=\"http:\/\/skalickyobzor.sk\/cms\/wp-content\/uploads\/2017\/10\/dusan_krivsky.jpg\" \/><\/div>\n<div class=\"meno\">KRIVSK\u00dd Du\u0161an<\/div>\n<div class=\"odpoved\">2<\/div>\n<\/div>\n<div class=\"poslanec\">\n<div class=\"foto\"><img decoding=\"async\" src=\"http:\/\/skalickyobzor.sk\/cms\/wp-content\/uploads\/2017\/10\/anna_ozabalova.jpg\" \/><\/div>\n<div class=\"meno\">OZ\u00c1BALOV\u00c1 Anna<\/div>\n<div class=\"odpoved\">2<\/div>\n<\/div>\n<div class=\"poslanec\">\n<div class=\"foto\"><img decoding=\"async\" src=\"http:\/\/skalickyobzor.sk\/cms\/wp-content\/uploads\/2017\/12\/peter_pagac.jpg\" \/><\/div>\n<div class=\"meno\">PAG\u00c1\u010c Peter<\/div>\n<div class=\"odpoved\">0<\/div>\n<\/div>\n<div class=\"poslanec\">\n<div class=\"foto\"><img decoding=\"async\" src=\"http:\/\/skalickyobzor.sk\/cms\/wp-content\/uploads\/2017\/10\/jana_rekosova.jpg\" \/><\/div>\n<div class=\"meno\">REKO\u0160OV\u00c1 Jana<\/div>\n<div class=\"odpoved\">5<\/div>\n<\/div>\n<div class=\"poslanec\">\n<div class=\"foto\"><img decoding=\"async\" src=\"http:\/\/skalickyobzor.sk\/cms\/wp-content\/uploads\/2017\/12\/milan_roman.jpg\" \/><\/div>\n<div class=\"meno\">ROMAN Milan<\/div>\n<div class=\"odpoved\">0<\/div>\n<\/div>\n<div class=\"poslanec\">\n<div class=\"foto\"><img decoding=\"async\" src=\"http:\/\/skalickyobzor.sk\/cms\/wp-content\/uploads\/2017\/10\/fotka_poslanca.jpg\" \/><\/div>\n<div class=\"meno\">\u0160ANTAV\u00dd Rudolf<\/div>\n<div class=\"odpoved\">2<\/div>\n<\/div>\n<div class=\"poslanec\">\n<div class=\"foto\"><img decoding=\"async\" src=\"http:\/\/skalickyobzor.sk\/cms\/wp-content\/uploads\/2017\/10\/michal_srholec.jpg\" \/><\/div>\n<div class=\"meno\">SRHOLEC Michal<\/div>\n<div class=\"odpoved\">0<\/div>\n<\/div>\n<div class=\"poslanec\">\n<div class=\"foto\"><img decoding=\"async\" src=\"http:\/\/skalickyobzor.sk\/cms\/wp-content\/uploads\/2017\/10\/frantisek_stefanec.jpg\" \/><\/div>\n<div class=\"meno\">\u0160TEFANEC Franti\u0161ek<\/div>\n<div class=\"odpoved\">0<\/div>\n<\/div>\n<div class=\"poslanec\">\n<div class=\"foto\"><img decoding=\"async\" src=\"http:\/\/skalickyobzor.sk\/cms\/wp-content\/uploads\/2017\/10\/lukas_tison.jpg\" \/><\/div>\n<div class=\"meno\">TISO\u0147 Luk\u00e1\u0161<\/div>\n<div class=\"odpoved\">0<\/div>\n<\/div>\n<div class=\"poslanec\">\n<div class=\"foto\"><img decoding=\"async\" src=\"http:\/\/skalickyobzor.sk\/cms\/wp-content\/uploads\/2017\/10\/fotka_poslanca.jpg\" \/><\/div>\n<div class=\"meno\">T\u00d3TH Alexander<\/div>\n<div class=\"odpoved\">0<\/div>\n<\/div>\n<div class=\"poslanec\">\n<div class=\"foto\"><img decoding=\"async\" src=\"http:\/\/skalickyobzor.sk\/cms\/wp-content\/uploads\/2017\/10\/daniel_vidovic.jpg\" \/><\/div>\n<div class=\"meno\">VIDOVI\u010c Daniel<\/div>\n<div class=\"odpoved\">2<\/div>\n<\/div>\n<\/div>\n<p>&nbsp;<\/p>\n<p>&nbsp;<\/p>\n<p><em>Mil\u00ed Skali\u010dania, zauj\u00edma v\u00e1s dajak\u00e1 t\u00e9ma alebo m\u00e1te ot\u00e1zku na poslancov? Podnety m\u00f4\u017eete zasiela\u0165 na adresu redakcie skalickyobzor@skalickyobzor.sk. \u010eakujeme!<\/em><\/p>\n<\/div>\n","protected":false},"excerpt":{"rendered":"<div class=\"mh-excerpt\"><p>U\u017e to, \u017ee ot\u00e1zka po\u010dtu volebn\u00fdch obvodov bola otvoren\u00e1 a\u00a0 diskutovan\u00e1 poslancami nieko\u013ekokr\u00e1t, dokazuje jej d\u00f4le\u017eitos\u0165. Pod\u013ea podnetov, ktor\u00e9 dost\u00e1vame, zauj\u00edma t\u00e1to t\u00e9ma i\u00a0ob\u010danov. Nie v\u0161etk\u00fdm je v\u0161ak dostato\u010dne jasn\u00e9, v\u00a0\u010dom je probl\u00e9m, a\u00a0 nie <a class=\"mh-excerpt-more\" href=\"http:\/\/skalickyobzor.sk\/cms\/vazeni-poslanci-4\/\" title=\"V\u00e1\u017een\u00ed poslanci\">[&#8230;]<\/a><\/p>\n<\/div>","protected":false},"author":1,"featured_media":239,"comment_status":"closed","ping_status":"closed","sticky":false,"template":"","format":"standard","meta":{"footnotes":""},"categories":[9],"tags":[],"class_list":{"0":"post-405","1":"post","2":"type-post","3":"status-publish","4":"format-standard","5":"has-post-thumbnail","7":"category-vazeni-poslanci"},"_links":{"self":[{"href":"http:\/\/skalickyobzor.sk\/cms\/wp-json\/wp\/v2\/posts\/405","targetHints":{"allow":["GET"]}}],"collection":[{"href":"http:\/\/skalickyobzor.sk\/cms\/wp-json\/wp\/v2\/posts"}],"about":[{"href":"http:\/\/skalickyobzor.sk\/cms\/wp-json\/wp\/v2\/types\/post"}],"author":[{"embeddable":true,"href":"http:\/\/skalickyobzor.sk\/cms\/wp-json\/wp\/v2\/users\/1"}],"replies":[{"embeddable":true,"href":"http:\/\/skalickyobzor.sk\/cms\/wp-json\/wp\/v2\/comments?post=405"}],"version-history":[{"count":4,"href":"http:\/\/skalickyobzor.sk\/cms\/wp-json\/wp\/v2\/posts\/405\/revisions"}],"predecessor-version":[{"id":409,"href":"http:\/\/skalickyobzor.sk\/cms\/wp-json\/wp\/v2\/posts\/405\/revisions\/409"}],"wp:featuredmedia":[{"embeddable":true,"href":"http:\/\/skalickyobzor.sk\/cms\/wp-json\/wp\/v2\/media\/239"}],"wp:attachment":[{"href":"http:\/\/skalickyobzor.sk\/cms\/wp-json\/wp\/v2\/media?parent=405"}],"wp:term":[{"taxonomy":"category","embeddable":true,"href":"http:\/\/skalickyobzor.sk\/cms\/wp-json\/wp\/v2\/categories?post=405"},{"taxonomy":"post_tag","embeddable":true,"href":"http:\/\/skalickyobzor.sk\/cms\/wp-json\/wp\/v2\/tags?post=405"}],"curies":[{"name":"wp","href":"https:\/\/api.w.org\/{rel}","templated":true}]}}