{"id":4051,"date":"2020-12-10T12:09:19","date_gmt":"2020-12-10T11:09:19","guid":{"rendered":"http:\/\/skalickyobzor.sk\/cms\/?p=4051"},"modified":"2020-12-10T12:35:53","modified_gmt":"2020-12-10T11:35:53","slug":"sutaz-skalicka-poviedka","status":"publish","type":"post","link":"http:\/\/skalickyobzor.sk\/cms\/sutaz-skalicka-poviedka\/","title":{"rendered":"S\u00fa\u0165a\u017e Skalick\u00e1 poviedka"},"content":{"rendered":"<p>Ma\u0165 my\u0161lienku vyhl\u00e1si\u0165 liter\u00e1rnu s\u00fa\u0165a\u017e je jedna vec, ale \u010di sa bude chcie\u0165 deck\u00e1m p\u00edsa\u0165, zase druh\u00e1. Napokon som nelav\u00edrovala medzi krajn\u00fdmi mo\u017enos\u0165ami, ani som neh\u013eadala vyh\u00fdbav\u00e9 odpovede ako neviem, mo\u017eno, sn\u00e1\u010f, h\u00e1dam, &#8230;. Pripustila som iba odpove\u010f \u00c1NO. Mojou prvoradou snahou napokon je, aby deti \u010d\u00edtali, aby im kniha v\u017edy prin\u00e1\u0161ala ur\u010dit\u00fd z\u00e1\u017eitok. \u010c\u00edtanie je \u00fa\u017easn\u00fd proces pozn\u00e1vania, odkr\u00fdvania nov\u00e9ho, osvojovania si neskuto\u010dn\u00e9ho mno\u017estva podnetn\u00fdch my\u0161lienok a\u00a0pr\u00e1vd. Vlastne, pr\u00e1ve cez \u010d\u00edtanie sa vn\u00edmav\u00e9 die\u0165a dost\u00e1va k\u00a0p\u00edsaniu, kde z\u00faro\u010d\u00ed nadobudnut\u00e9 \u010ditate\u013esk\u00e9 zru\u010dnosti, slovn\u00fa z\u00e1sobu a\u00a0svojej fant\u00e1zii umo\u017en\u00ed maxim\u00e1lny rozlet.<\/p>\n<p>V roku 2019 sme ako Z\u00e1kladn\u00e1 \u0161kola na Str\u00e1\u017enickej ulici v Skalici vyhl\u00e1sili nult\u00fd ro\u010dn\u00edk liter\u00e1rnej s\u00fa\u0165a\u017ee Skalick\u00e1 poviedka. Hne\u010f ten nult\u00fd bol ve\u013emi plodn\u00fd, ke\u010f\u017ee do s\u00fa\u0165a\u017ee sa zapojilo 46 mlad\u00fdch autorov. V roku 2020, i napriek probl\u00e9mom s pand\u00e9miou COVID-19, sme vyhl\u00e1sili 1. ro\u010dn\u00edk a na na\u0161e pote\u0161enie ani tento neostal bez odozvy. Mus\u00edm v\u0161ak prizna\u0165, \u017ee mala som ur\u010dit\u00e9 obavy. \u0160kolsk\u00fdch povinnost\u00ed mali \u017eiaci nad hlavu a nielen oni, ale aj ich u\u010ditelia a rodi\u010dia. I napriek tomu sa na prekvapenie do s\u00fa\u0165a\u017ee so svojimi poviedkami zapojilo takmer 30 \u017eiakov. Poslan\u00edm s\u00fa\u0165a\u017ee je verejne prezentova\u0165 a tvorivo konfrontova\u0165 tvorbu mlad\u00fdch liter\u00e1rnych talentov. K ich prezent\u00e1cii sl\u00fa\u017ei aj vydanie zborn\u00edka ocenen\u00fdch pr\u00e1c. Autorom n\u00e1vrhu ob\u00e1lky zborn\u00edka najlep\u0161\u00edch poviedok je zn\u00e1my slovensk\u00fd ilustr\u00e1tor Miro Regitko a\u00a0cel\u00fd projekt zastre\u0161uje slovensk\u00e9 vydavate\u013estvo PERFEKT.<\/p>\n<p>\u010eal\u0161\u00edm cie\u013eom s\u00fa\u0165a\u017ee je rozvin\u00fa\u0165 poviedku ako liter\u00e1rny \u017e\u00e1ner, in\u0161pirova\u0165 mlad\u00fdch autorov k\u00a0jej tvorbe, objavi\u0165 mlad\u00e9 n\u00e1dejn\u00e9 talenty a\u00a0najm\u00e4 s\u00a0l\u00e1skav\u00fdm \u00fasmevom liter\u00e1rne spracova\u0165 p\u00e1l\u010div\u00e9 t\u00e9my zo sveta det\u00ed \u2013 \u010do je im bl\u00edzke, v\u00a0akej dobe \u017eij\u00fa, \u010do pre\u017e\u00edvaj\u00fa, \u010do dok\u00e1\u017eu intelektu\u00e1lne zhodnoti\u0165 a\u00a0to v\u00a0t\u00e9mach <strong>Moja rodina, Najtajnej\u0161ie prianie, Nezi\u0161tn\u00e1 pomoc, Fant\u00e1zia bez hran\u00edc, Kamar\u00e1ti nav\u017edy, Zvieratko a\u00a0ja, ako aj \u013eubovo\u013en\u00e1 t\u00e9ma &#8230; <\/strong><\/p>\n<p>Vyhodnotenie bude op\u00e4\u0165 za pr\u00edtomnosti autorov v\u00ed\u0165azn\u00fdch poviedok a zn\u00e1mych host\u00ed ako poetky Maji Kadle\u010d\u00edkovej, spisovate\u013ea a publicistu \u0160tefana Ni\u017e\u0148ansk\u00e9ho, spisovate\u013ea Tom\u00e1\u0161a Janovica, spisovateliek Marty \u0160urinovej a Marty Hlu\u0161\u00edkovej, herca Jozefa \u0160imonovi\u010da a mnoh\u00fdch \u010fal\u0161\u00edch. Po uzavret\u00ed aktu\u00e1lneho 1. ro\u010dn\u00edka je rados\u0165 skon\u0161tatova\u0165, \u017ee mnoh\u00ed mlad\u00ed autori sa prostredn\u00edctvom svojich textov do s\u00fa\u0165a\u017ee op\u00e4\u0165 vr\u00e1tili a za ten rok liter\u00e1rne podr\u00e1stli. Porotu v zlo\u017een\u00ed spisovate\u013e a publicista \u0160tefan Ni\u017e\u0148ansk\u00fd, spisovate\u013eka Marta \u0160urinov\u00e1 a herec Jozef \u0160imonovi\u010d zaujali a oslovili pr\u00edbehy nap\u00edsan\u00e9 jednoducho, ako aj individu\u00e1lny sp\u00f4sob vyjadrenia my\u0161lienok a n\u00e1zorov. Pote\u0161ilo aj to, s akou v\u00e1\u017enos\u0165ou sa zam\u00fd\u0161\u013eaj\u00fa nad d\u00f4le\u017eit\u00fdmi ot\u00e1zkami, ako l\u00e1ska, priate\u013estvo, \u00facta k star\u0161\u00edm \u010di porozumenie v rodine i mimo nej. U\u017e teraz sa te\u0161\u00edme na vyhl\u00e1senie 2. ro\u010dn\u00edka v janu\u00e1ri 2021. Mlad\u00fdm a mal\u00fdm autorom, spolu so v\u0161etk\u00fdmi, ktor\u00ed s\u00fa\u0165a\u017e podporuj\u00fa, dr\u017e\u00edme palce a prajeme ve\u013ea tvoriv\u00fdch s\u00edl do \u010fal\u0161\u00edch skvel\u00fdch poviedok, aby op\u00e4\u0165 mnoh\u00ed \u201ezahviezdili\u201c a aby p\u00edsali o tom, \u010do vlastne chc\u00fa n\u00e1m dospel\u00e1kom poveda\u0165.<\/p>\n<h4>AKO SA DE\u0164OM LITER\u00c1RNE S\u00da\u0164A\u017dILO<\/h4>\n<p>U\u017e odmali\u010dka m\u00e1m z\u00e1\u013eubu v\u00a0\u010d\u00edtan\u00ed a\u00a0v\u00a0ostatn\u00fdch rokoch tie\u017e aj v\u00a0p\u00edsan\u00ed poviedok. U\u017e minul\u00fd rok som sk\u00fasila \u0161\u0165astie a\u00a0nie nadarmo. Tak som si povedala pre\u010do nie aj tento rok! Op\u00e4\u0165 som bola \u00faspe\u0161n\u00e1. M\u00e1m \u00faprimn\u00fa rados\u0165, \u017ee sa mi v\u00a0p\u00edsan\u00ed dar\u00ed a\u00a0z\u00edskavam nov\u00e9 sk\u00fasenosti.<br \/>\n<strong>Eli\u0161ka Mi\u010dkov\u00e1, 13 rokov, 8. tr.<\/strong><\/p>\n<p>Ve\u013emi rada vym\u00fd\u0161\u013eam, nie\u010do vyr\u00e1bam, ma\u013eujem a\u00a0rada aj \u010d\u00edtam. Cez \u0161kolsk\u00fd rok som nav\u0161tevovala kr\u00fa\u017eok Tvoriv\u00e9 p\u00edsanie s\u00a0pani u\u010dite\u013ekou Mat\u00fa\u0161kovou, ktor\u00e1 n\u00e1m povedala o\u00a0s\u00fa\u0165a\u017ei Skalick\u00e1 poviedka. P\u00edsa\u0165 som za\u010dala hne\u010f v\u00a0\u0161kole. Mamka mi doma pomohla a\u00a0poviedku prep\u00edsala na po\u010d\u00edta\u010di. E\u0161te viac ako p\u00edsa\u0165 ma v\u0161ak bav\u00ed k\u00a0tomu, \u010do nap\u00ed\u0161em, ma\u013eova\u0165 ilustr\u00e1cie.<br \/>\n<strong>Ag\u00e1ta \u010cmikov\u00e1, 8 rokov, 2. D<\/strong><\/p>\n<p>Bav\u00ed ma p\u00edsa\u0165. Doma si p\u00ed\u0161em pr\u00edbehy a\u00a0komiksy. Ke\u010f som sa dozvedela o\u00a0Skalickej poviedke bola som rada, \u017ee sa m\u00f4\u017eem z\u00fa\u010dastni\u0165. T\u00fa\u017eila som vyhra\u0165, \u010do sa mi aj podarilo a\u00a0v\u00a01. ro\u010dn\u00edku s\u00fa\u0165a\u017ee som sa umiestnila na tre\u0165om mieste.<br \/>\n<strong>Alica \u010cmikov\u00e1, 11 rokov, 5. A<\/strong><\/p>\n<p>M\u00e1m rada knihy, ktor\u00e9 maj\u00fa nap\u00ednav\u00e9 pr\u00edbehy. Moja poviedka vznikala, ke\u010f som bola s rodi\u010dmi na ly\u017eova\u010dke v Tatr\u00e1ch. Chodili a jazdili sme okolo lesa, kde som v\u017edy po\u010d\u00favala r\u00f4zne zvuky, niektor\u00e9 \u00faplne stra\u0161ideln\u00e9, hlavne, ke\u010f f\u00fakal poriadny vietor. Cel\u00e9 som to potom vlo\u017eila do poviedky. V\u00f4bec som nemala probl\u00e9m p\u00edsa\u0165, vlastne som zistila, \u017ee p\u00ed\u0161em celkom rada.<br \/>\n<strong>Tamara Sl\u00e1dkov\u00e1, 11 rokov, 5. C<\/strong><\/p>\n<p>&nbsp;<\/p>\n<p><em>Ren\u00e1ta Mat\u00fa\u0161kov\u00e1,<\/em><br \/>\n<em>u\u010dite\u013eka Z\u0160 Str\u00e1\u017enick\u00e1<\/em><\/p>\n","protected":false},"excerpt":{"rendered":"<div class=\"mh-excerpt\"><p>Ma\u0165 my\u0161lienku vyhl\u00e1si\u0165 liter\u00e1rnu s\u00fa\u0165a\u017e je jedna vec, ale \u010di sa bude chcie\u0165 deck\u00e1m p\u00edsa\u0165, zase druh\u00e1. Napokon som nelav\u00edrovala medzi krajn\u00fdmi mo\u017enos\u0165ami, ani som neh\u013eadala vyh\u00fdbav\u00e9 odpovede ako neviem, mo\u017eno, sn\u00e1\u010f, h\u00e1dam, &#8230;. Pripustila <a class=\"mh-excerpt-more\" href=\"http:\/\/skalickyobzor.sk\/cms\/sutaz-skalicka-poviedka\/\" title=\"S\u00fa\u0165a\u017e Skalick\u00e1 poviedka\">[&#8230;]<\/a><\/p>\n<\/div>","protected":false},"author":52,"featured_media":4052,"comment_status":"closed","ping_status":"closed","sticky":false,"template":"","format":"standard","meta":{"footnotes":""},"categories":[10],"tags":[],"class_list":{"0":"post-4051","1":"post","2":"type-post","3":"status-publish","4":"format-standard","5":"has-post-thumbnail","7":"category-zaujalo-nas"},"_links":{"self":[{"href":"http:\/\/skalickyobzor.sk\/cms\/wp-json\/wp\/v2\/posts\/4051","targetHints":{"allow":["GET"]}}],"collection":[{"href":"http:\/\/skalickyobzor.sk\/cms\/wp-json\/wp\/v2\/posts"}],"about":[{"href":"http:\/\/skalickyobzor.sk\/cms\/wp-json\/wp\/v2\/types\/post"}],"author":[{"embeddable":true,"href":"http:\/\/skalickyobzor.sk\/cms\/wp-json\/wp\/v2\/users\/52"}],"replies":[{"embeddable":true,"href":"http:\/\/skalickyobzor.sk\/cms\/wp-json\/wp\/v2\/comments?post=4051"}],"version-history":[{"count":4,"href":"http:\/\/skalickyobzor.sk\/cms\/wp-json\/wp\/v2\/posts\/4051\/revisions"}],"predecessor-version":[{"id":4056,"href":"http:\/\/skalickyobzor.sk\/cms\/wp-json\/wp\/v2\/posts\/4051\/revisions\/4056"}],"wp:featuredmedia":[{"embeddable":true,"href":"http:\/\/skalickyobzor.sk\/cms\/wp-json\/wp\/v2\/media\/4052"}],"wp:attachment":[{"href":"http:\/\/skalickyobzor.sk\/cms\/wp-json\/wp\/v2\/media?parent=4051"}],"wp:term":[{"taxonomy":"category","embeddable":true,"href":"http:\/\/skalickyobzor.sk\/cms\/wp-json\/wp\/v2\/categories?post=4051"},{"taxonomy":"post_tag","embeddable":true,"href":"http:\/\/skalickyobzor.sk\/cms\/wp-json\/wp\/v2\/tags?post=4051"}],"curies":[{"name":"wp","href":"https:\/\/api.w.org\/{rel}","templated":true}]}}