{"id":4088,"date":"2020-12-10T12:19:28","date_gmt":"2020-12-10T11:19:28","guid":{"rendered":"http:\/\/skalickyobzor.sk\/cms\/?p=4088"},"modified":"2020-12-10T12:36:50","modified_gmt":"2020-12-10T11:36:50","slug":"kto-je-rad-vesely","status":"publish","type":"post","link":"http:\/\/skalickyobzor.sk\/cms\/kto-je-rad-vesely\/","title":{"rendered":"Kto je r\u00e1d vesel\u00fd"},"content":{"rendered":"<p><em><strong>Verte-neverte, aj to je titul jednej piesne z reperto\u00e1ru Franti\u0161ka Kri\u0161tofa Vesel\u00e9ho. Skalick\u00fd rod\u00e1k a hviezda \u0161oubiznisu v \u010dasoch, ke\u010f hviezdy boli skuto\u010dne hviezdami, je jedn\u00fdm z na\u0161ich najsl\u00e1vnej\u0161\u00edch spoluob\u010danov. Jeho \u017eivotopis n\u00e1jdeme na poh\u013eadanie kdeko\u013evek, my sme v\u0161ak boli zvedav\u00ed na F. K. Vesel\u00e9ho ako na \u010dloveka. Napr\u00edklad, vedeli ste, \u017ee nemal dve krstn\u00e9 men\u00e1, ale, naopak, dve priezvisk\u00e1? Na \u010dloveka F. K. Vesel\u00e9ho sme sa povypytovali \u010dloveka z\u00a0jemu najbli\u017e\u0161\u00edch \u2013 jeho dc\u00e9ry MUDr. Evy Veselej. Rozhovor bol ve\u013emi pr\u00edjemn\u00fd a\u00a0ke\u010f sa pani Vesel\u00e1 dozvedela, \u017ee b\u00fdvam na ulici, ktor\u00e1 je pomenovan\u00e1 po jej otcovi, bolo to pre \u0148u mil\u00e9 prekvapenie.<\/strong><\/em><\/p>\n<p><strong>Zoznam piesn\u00ed, ktor\u00e9 naspieval V\u00e1\u0161 otec, je tak rozsiahly, \u017ee na Wikip\u00e9dii je rozdelen\u00fd pod\u013ea abecedy. Ktor\u00e1 z nich je Va\u0161a najob\u013e\u00fabenej\u0161ia?<\/strong><br \/>\nM\u00e1m rada v\u0161etky piesne, ktor\u00e9 spieval m\u00f4j otec. Av\u0161ak najviac milujem Podaj mi r\u00fa\u010dku, sn\u00e1\u010f preto, \u017ee otec mal v\u017edy pri sebe moju fotku, ke\u010f to spieval. P\u00e1\u010di sa mi ve\u013emi Vieska pod horami \u2013 je tak\u00e1 rezk\u00e1, modern\u00e1 &#8230; Mama mala rada Svit\u00e1 (pripom\u00ednalo jej to anglick\u00e9 Sweet Heard) a, samozrejme, V\u00a0tom skalickom zelenom h\u00e1ji\u010dku, lebo ju spieval s\u00a0takou rados\u0165ou.<\/p>\n<p><strong>Poci\u0165oval V\u00e1\u0161 otec v\u00e4zbu ku Skalici aj nesk\u00f4r, ke\u010f u\u017e tu d\u00e1vno ne\u017eil?<\/strong><br \/>\nPo cel\u00fd \u017eivot mal Skalicu v\u00a0srdci a\u00a0bol hrd\u00fd, \u017ee je Skali\u010dan. A\u00a0nestratil ani v\u00e4zby so Skali\u010danmi. Ve\u010f aj fakt, \u017ee pr\u00e1ve kamar\u00e1t, Skali\u010dan Dr. Janko Blaho mu nap\u00edsal do Budape\u0161ti list, \u017ee SND v\u00a0Bratislave h\u013ead\u00e1 tenora do divadla. V\u010faka tomu pri\u0161iel na pohovor s\u00a0riadite\u013eom a\u00a0zostal tu. Je v\u0161ak pravdou aj to, \u017ee s\u00a0riadite\u013eom sa rozpr\u00e1val po nemecky, lebo po slovensky vedel akur\u00e1t r\u00edkat po skalicky.<\/p>\n<p><strong>Vracal sa po svojom odchode \u010falej do Skalice?<\/strong><br \/>\nNav\u0161tevoval a\u00a0podporoval svojich star\u00fdch rodi\u010dov, hlavne babi\u010dku. Po jej smrti ka\u017ed\u00fd rok i\u0161iel na cintor\u00edn k\u00a0jej hrobu.<\/p>\n<p><strong>Mal V\u00e1\u0161 otec v\u00a0Skalici nejak\u00e9 ob\u013e\u00faben\u00e9 miesto?<\/strong><br \/>\nJeho ob\u013e\u00faben\u00fdm miestom v\u00a0Skalici bola zrejme Kalv\u00e1ria. Ke\u010f mi rozpr\u00e1val o\u00a0skupin\u00e1ch nezbedn\u00edkov, ku ktor\u00fdm patril, a\u00a0ktor\u00ed tu medzi sebou bojovali, o\u010di mu figliarstvom \u00faplne svietili.<\/p>\n<p><strong>Pohyboval sa v spolo\u010dnosti ve\u013ek\u00fdch hviezd umenia \u2013 Dus\u00edka, Braxatorisa, Blahu, &#8230; Pam\u00e4t\u00e1te si na niektor\u00fdch osobne?<\/strong><br \/>\nHerci, skladatelia, dramaturgovia, spev\u00e1ci s\u00fa ako ve\u013ek\u00e1 rodina. Aj moja, hoci som len potomok. Bola som s\u00a0rodi\u010dmi, ke\u010f sa stret\u00e1vali, niekedy aj tvorivo, napr\u00edklad u\u00a0Dus\u00edkovcov alebo u\u00a0n\u00e1s, \u010di v\u00a0kaviarni. K\u00a0Dus\u00edkov\u00fdm sme chodili cez pr\u00e1zdniny na ich chatu. Janko Blaho bol jedn\u00fdm z\u00a0najv\u00e4\u010d\u0161\u00edch kamar\u00e1tov. In\u00e1\u010d, otec bol ve\u013ek\u00fdm propag\u00e1torom Dus\u00edkov\u00fdch operiet. Bu\u010f v\u00a0nich hral alebo ich re\u017e\u00edroval. Aj zn\u00e1ma piese\u0148 Rodn\u00fd m\u00f4j kraj je z\u00a0operety Hrn\u010diarsky b\u00e1l. Hrala sa prv\u00fdkr\u00e1t na Novej sc\u00e9ne a\u00a0re\u017e\u00edroval ju F. Kri\u0161tof Vesel\u00fd.<\/p>\n<p><strong>Vy\u0161tudoval a\u00a0za\u010dal spieva\u0165, vy\u0161tudoval \u0161t\u00e1tnu hereck\u00fa \u0161kolu, s\u00a0Va\u0161ou mamou Gizkou sa zozn\u00e1mil v\u00a0Mi\u0161kovci, z\u00edskal miesto v\u00a0Kr\u00e1\u013eovskom divadle v\u00a0Budape\u0161ti, &#8230; Ako, on, Slov\u00e1k a\u00a0Skali\u010dan, vn\u00edmal ma\u010farsk\u00e9 prostredie?<\/strong><br \/>\nOtec bol v\u00a0prvom rade hercom. Spom\u00ednal mi, \u017ee ke\u010f sa v\u00a0skalickej \u0161kole u\u010dil ma\u010far\u010dinu \u2013 nemal dobr\u00e9 spomienky, lebo pri chybe ich u\u010dite\u013e bil po prstoch pali\u010dkou. V\u00a0Ma\u010farsku sa ma\u010far\u010dinu dokonale nau\u010dil, lebo tam \u0161tudoval, hral v\u00a0divadl\u00e1ch a\u00a0vlastne tam nieko\u013eko rokov \u017eil. Ob\u010das si rodi\u010dia zaspom\u00ednali na star\u00e9 \u010dasy, ke\u010f sa v\u00a0Budape\u0161ti vracali zo z\u00e1bavy alebo po predstaven\u00ed cestou domov spievali na ulici a\u00a0\u013eudia otv\u00e1rali okn\u00e1 a\u00a0spievali s\u00a0nimi. In\u00e1\u010d moja mama \u2013 volali ju Gizi alebo Gizela \u2013 poch\u00e1dzala z\u00a0P\u00e4\u0165kostolia, teda, P\u00e9csu na juhu Ma\u010farska, a\u00a0to je tie\u017e zauj\u00edmav\u00e9 mesto s\u00a0podobne nadan\u00fdmi \u013eu\u010fmi ako je Skalica.<\/p>\n<p><strong>M\u00e1lo sa vie, \u017ee ho adoptoval nevlastn\u00fd otec, po ktorom za\u010dal pou\u017e\u00edva\u0165 meno.<\/strong><br \/>\nJeho krstn\u00e9 meno po naroden\u00ed bolo Franti\u0161ek Ferdinand Vesel\u00fd. Otcom bol Pavel Vesel\u00fd a\u00a0matka bola Leopold\u00edna Vesel\u00e1, roden\u00e1 Kotekov\u00e1. Pavel Vesel\u00fd, vlastne m\u00f4j dedo, odi\u0161iel do Ameriky a\u00a0u\u017e sa nevr\u00e1til. Matka sa vydala druh\u00fdkr\u00e1t za tov\u00e1rnika Kri\u0161tofa, ktor\u00fd otca adoptoval a\u00a0tak z\u00edskal meno Franti\u0161ek Kri\u0161tof. Tov\u00e1rnik Kri\u0161tof v\u0161ak skrachoval a\u00a0opustil svoju \u017eenu aj s\u00a0nevlastn\u00fdm synom v\u00a0Budape\u0161ti. Franti\u0161ek Kri\u0161tof pracoval a\u00a0hral v\u00a0Prahe. Stal sa hviezdou a\u00a0po\u017eiadal \u00farady o\u00a0zmenu mena a\u00a0pridanie \u010fal\u0161ieho priezviska (aj z\u00a0umeleck\u00fdch d\u00f4vodov) Vesel\u00fd. Tak sa z\u00a0neho stal Franti\u0161ek Kri\u0161tof Vesel\u00fd.<\/p>\n<p><strong>Po 2. svetovej vojne bol zatknut\u00fd a\u00a0umiestnen\u00fd do pracovn\u00e9ho t\u00e1bora len za to, \u017ee spieval aj v\u00a0obdob\u00ed Slovensk\u00e9ho \u0161t\u00e1tu. Ako nesk\u00f4r niesol, \u017ee sa k\u00a0nemu takto zachovala jeho vlas\u0165?<\/strong><br \/>\nO\u00a0jeho zatknut\u00ed u\u00a0n\u00e1s doma nikto nehovoril. Dozvedela som sa to a\u017e z\u00a0nov\u00edn, knihy a\u00a0od zn\u00e1mych. Jeden spom\u00ednal verziu, \u017ee otec v\u00a0operete Netopier hral riadite\u013ea v\u00e4znice Franka. V\u00a0hre pod\u013ea scen\u00e1ra vybral hodinky, aby odr\u00e1tal min\u00faty pred polnocou, no on predt\u00fdm povedal, \u017ee \u201etoto s\u00fa jedin\u00e9 hodinky, ktor\u00e9 Rusi nezobrali\u201c &#8230; Bolo to po vojne, niekedy v\u00a0roku 1946.<\/p>\n<p><a href=\"http:\/\/skalickyobzor.sk\/cms\/wp-content\/uploads\/2020\/12\/fk-vesely.jpg\"><img loading=\"lazy\" decoding=\"async\" class=\"aligncenter wp-image-4090 size-full\" src=\"http:\/\/skalickyobzor.sk\/cms\/wp-content\/uploads\/2020\/12\/fk-vesely.jpg\" alt=\"\" width=\"893\" height=\"363\" srcset=\"http:\/\/skalickyobzor.sk\/cms\/wp-content\/uploads\/2020\/12\/fk-vesely.jpg 893w, http:\/\/skalickyobzor.sk\/cms\/wp-content\/uploads\/2020\/12\/fk-vesely-300x122.jpg 300w, http:\/\/skalickyobzor.sk\/cms\/wp-content\/uploads\/2020\/12\/fk-vesely-768x312.jpg 768w\" sizes=\"auto, (max-width: 893px) 100vw, 893px\" \/><\/a><\/p>\n<p><strong>Re\u017eim mu napriek jeho ve\u013ekej popularite neprial ani nesk\u00f4r. Spom\u00ednate si na to, ako sa k\u00a0tomu staval? Vyjadroval sa v\u00f4bec niekedy k\u00a0politike a\u00a0spolo\u010densk\u00e9mu dianiu?<\/strong><br \/>\nK politike sa staval s nadh\u013eadom, ob\u010das s kamar\u00e1tmi politizovali. Za\u017eila som, \u017ee ak sa stretol s vtedy zn\u00e1mymi politick\u00fdmi osobnos\u0165ami, spr\u00e1val sa vtipne, podpichova\u010dne a\u00a0pritom diplomaticky. Za soc\u00edku dostal titul zasl\u00fa\u017eil\u00e9ho umelca, \u010do bolo v\u00a0tej dobe dos\u0165 vysok\u00e9 vyznamenanie. Prv\u00e1 reakcia bola, \u010di to bude aj posolen\u00e9 (penia\u017ekami). Mysl\u00edm, \u017ee ho ka\u017ed\u00fd mal r\u00e1d pre jeho \u010daro, \u0161arm a\u00a0pracovitos\u0165.<\/p>\n<p><strong>\u017dijete bl\u00edzko Novej sc\u00e9ny, ktor\u00fa V\u00e1\u0161 otec zakladal. Uvedomujete si jeho stopy, ktor\u00e9 zanechal v\u00a0krajine?<\/strong><br \/>\nOtec miloval Slovensko, k\u00a0tomu ho p\u00f4vodne viedla jeho babi\u010dka Kotekov\u00e1. V\u0161etko, \u010do sa nau\u010dil, v\u0161etko, \u010do mal, aj svoj talent, venoval na\u0161ej krajine, hlavne \u013eu\u010fom. Dal im ve\u013ea radosti a\u00a0dobr\u00fd pocit po vzhliadnut\u00ed vyst\u00fapen\u00ed. Ako som sa dopo\u010dula, div\u00e1ci ve\u013eakr\u00e1t chodili do divadla \u201ena Vesel\u00e9ho\u201c. Ur\u010dite bolo \u00fa\u017easn\u00e9 sledova\u0165 ka\u017ed\u00fa nov\u00fa piese\u0148 alebo predstavenie, hoci doba sa menila a\u00a0niekedy bola poriadne \u0165a\u017ek\u00e1.<\/p>\n<p><strong>F. K. Vesel\u00fd je zn\u00e1my ako spev\u00e1k p\u00f4vodn\u00fdch piesn\u00ed. Mal s\u00e1m svojich ob\u013e\u00faben\u00fdch spev\u00e1kov?<\/strong><br \/>\nZo zahrani\u010dn\u00fdch obdivoval Binga Crosbyho a\u00a0Louisa Armstronga, ale aj mnoho in\u00fdch.<\/p>\n<p><strong>Hral na nejakom hudobnom n\u00e1stroji?<\/strong><br \/>\nHral na husliach a\u00a0s\u00e1m sa nau\u010dil hra\u0165 na klav\u00edri.<\/p>\n<p><strong>Piesne, ktor\u00e9 presl\u00e1vil V\u00e1\u0161 otec, nesk\u00f4r nahrali mnoh\u00ed spev\u00e1ci. Dok\u00e1\u017eete vyzdvihn\u00fa\u0165 niektor\u00e9ho z\u00a0interpretov, ktor\u00fd na V\u00e1s zap\u00f4sobil?<\/strong><br \/>\n\u0164a\u017ek\u00e1 ot\u00e1zka \u2013 mo\u017eno Karol Ducho\u0148, Milan K\u0148a\u017eko, Milan Lasica s\u00a0Hot Serenaders. Av\u0161ak je pote\u0161uj\u00face, \u017ee po otcovom reperto\u00e1ri siahaj\u00fa aj mlad\u00e9 kapely a\u00a0spev\u00e1ci.<\/p>\n<figure id=\"attachment_4091\" aria-describedby=\"caption-attachment-4091\" style=\"width: 567px\" class=\"wp-caption aligncenter\"><img loading=\"lazy\" decoding=\"async\" class=\"size-full wp-image-4091\" src=\"http:\/\/skalickyobzor.sk\/cms\/wp-content\/uploads\/2020\/12\/internet-kniha.jpg\" alt=\"\" width=\"567\" height=\"741\" srcset=\"http:\/\/skalickyobzor.sk\/cms\/wp-content\/uploads\/2020\/12\/internet-kniha.jpg 567w, http:\/\/skalickyobzor.sk\/cms\/wp-content\/uploads\/2020\/12\/internet-kniha-230x300.jpg 230w\" sizes=\"auto, (max-width: 567px) 100vw, 567px\" \/><figcaption id=\"caption-attachment-4091\" class=\"wp-caption-text\">Zdroj: internet<\/figcaption><\/figure>\n<p><strong>Kde sa podp\u00edsal dedi\u010dn\u00fd talent na Va\u0161om osude a\u00a0pr\u00e1ci?<\/strong><br \/>\nAko mal\u00e9 die\u0165a som \u00fadajne kr\u00e1sne kolorat\u00farne spievala a\u00a0hrala na klav\u00edri. Bola som roden\u00fd talent na balet, no kv\u00f4li probl\u00e9mu s\u00a0kolenami som musela presta\u0165. No, napokon, ako stomatol\u00f3g, mus\u00edm pri pr\u00e1ci prihliada\u0165 na vzh\u013ead a\u00a0estetiku.<\/p>\n<p><strong>Ak\u00fd bol otec pri jeho vy\u0165a\u017eenosti? Ost\u00e1val mu v\u00f4bec \u010das na rodinu? Ako ste ho vn\u00edmali ako \u010dloveka?<\/strong><br \/>\nAko otec bol dobr\u00fd, ob\u010das, ak to bolo treba, pr\u00edsny. Venoval sa mi v\u00a0ka\u017edom vo\u013enom \u010dase, br\u00e1val ma do divadla na sk\u00fa\u0161ky, aj na estr\u00e1dy po Slovensku. Cez pr\u00e1zdniny sme chodievali do Tatier a\u00a0k\u00a0Balatonu. Najrad\u0161ej som mala Vianoce. Vtedy otec nevystupoval a\u00a0v\u0161etci sme boli v\u00a0k\u013eude, sl\u00e1vnostne spolu. Napriek tomu, \u017ee bol medzi nami 44-ro\u010dn\u00fd vekov\u00fd rozdiel, boli sme ve\u013ek\u00ed kamar\u00e1ti.<\/p>\n<p><strong>Ak\u00e9 vlastnosti boli pre neho charakteristick\u00e9?<\/strong><br \/>\n\u0164a\u017eko pos\u00fadi\u0165 otca, av\u0161ak pok\u00fasim sa. Bol m\u00fadry, vesel\u00fd, pravdovravn\u00fd, spolo\u010densk\u00fd, miloval knihy, mal \u0161irok\u00fd rozh\u013ead. Bol v\u0161estrann\u00fd umelec, kr\u00e1sne kreslil. Nadov\u0161etko miloval moju matku Gizelu a\u00a0ke\u010f mal jubileum, v\u017edy spomenul, \u017ee za to, \u017ee je niek\u00fdm, v\u010fa\u010d\u00ed v\u00a0prvom rade jej.<\/p>\n<p><strong>Poznali ste star\u00fdch rodi\u010dov Kotekov\u00fdch, ktor\u00ed otca vychov\u00e1vali?<\/strong><br \/>\nStar\u00fdch rodi\u010dov som, bohu\u017eia\u013e, pozna\u0165 nemohla, lebo, ke\u010f som pri\u0161la na svet, u\u017e ne\u017eili. Ve\u013ea som o\u00a0nich po\u010dula zo spomienok rodi\u010dov. Napr\u00edklad, \u017ee otcova babi\u010dka nebola typ babi\u010dky Bo\u017eeny N\u011bmcovej, ale bola ako hrd\u00fd gener\u00e1l, bola to siln\u00e1 osobnos\u0165.<\/p>\n<p><strong>Vy sama nav\u0161tevujete Skalicu? M\u00e1te k\u00a0nej bli\u017e\u0161\u00ed vz\u0165ah, priate\u013eov?<\/strong><br \/>\nDo Skalice chodievam ka\u017ed\u00fd rok na babi\u010dkin hrob a\u00a0obdivova\u0165 upraven\u00e9 mesto. P\u00e1rkr\u00e1t som sa stretla so Skali\u010danmi, \u010di u\u017e otcov\u00fdmi kamar\u00e1tmi, spolu\u017eiakmi a\u00a0ich potomkami, napr\u00edklad p\u00e1nom Michalovi\u010dom.<\/p>\n<p><strong>M\u00f4\u017eete sa podeli\u0165 o\u00a0dajak\u00fa historku z\u00a0rodinn\u00e9ho prostredia?<\/strong><br \/>\nNie\u010do zo skalick\u00e9ho prostredia: U Blahov\u00fdch v z\u00e1hrade, pri \u201eb\u00fade\u201c bolo ve\u013emi ve\u013ea veveri\u010diek, ktor\u00e9 pojedli ga\u0161tany a orie\u0161ky, tak sa rozhodli, \u017ee ich p\u00e1r zastrelia. Potom vystrojili ve\u013ek\u00fd pohreb veveri\u010diek, na ktor\u00fd n\u00e1s pozvali. Sprievodu v \u010diernom dominovali Janko Blaho s moj\u00edm otcom a ako b\u00fdval\u00ed mini\u0161tranti celebrovali a prespievali cel\u00fd obrad. Potom si dali to\u013eko v\u00edne\u010dka, \u017ee neby\u0165 m\u0148a, otec by na stanicu netrafil. \u0164ahal ma st\u00e1le opa\u010dn\u00fdm smerom. Mala som vtedy asi desa\u0165 rokov.<\/p>\n<p><strong>M\u00e1te rukopis knihy S\u00a0\u00fasmevom a\u00a0veselo, ktor\u00e1 vraj nebola vydan\u00e1? \u010co by ste z\u00a0jeho spomienok vyzdvihli?<\/strong><br \/>\nKnihu p\u00edsal otec s prest\u00e1vkami p\u00e4\u0165 rokov, pom\u00e1hala som mu pri tom. Dlho, s r\u00f4znymi prek\u00e1\u017ekami trvalo, k\u00fdm sa a\u017e mne podarilo vybavi\u0165 vydanie knihy. Rukopis sme viackr\u00e1t po\u017ei\u010dali a niektor\u00e9 strany sa stratili. Kniha vy\u0161la pod n\u00e1zvom Moja cesta s pies\u0148ou, hoci otec chcel, aby sa volala S \u00fasmevom a veselo so spevom \u2026 (kr\u00e1\u010dam \u017eivotom). Vy\u0161la e\u0161te jedna kniha s n\u00e1zvom Dedinka v \u00fadol\u00ed. Nap\u00edsal ju Laco Zrubec, ktor\u00fd vo\u013eakedy uverejnil seri\u00e1l o otcovi v \u010dasopise \u017divot. Niektor\u00e9 state v tejto knihe v\u0161ak celkom nezodpovedaj\u00fa skuto\u010dnosti.<\/p>\n<p><strong><em>Za v\u0161etk\u00fdch \u010ditate\u013eov a\u00a0za e\u0161te v\u00e4\u010d\u0161iu verejnos\u0165 posluch\u00e1\u010dov piesn\u00ed Franti\u0161ka Kri\u0161tofa Vesel\u00e9ho \u010fakujeme. <\/em><\/strong><\/p>\n<p><strong><em>Ak by ste st\u00e1le h\u013eadali d\u00f4vod, pre\u010do sme priniesli tento rozhovor v decembri, mimo v\u0161etk\u00fdch mo\u017enost\u00ed umelcovho \u017eivota, ten d\u00f4vod je v menin\u00e1ch \u2013 tak ako i\u0161iel v\u017edy svojou cestou, tak ani meniny nesl\u00e1vil 4. okt\u00f3bra, ako ostatn\u00ed Franti\u0161kovia, ale 3. decembra, na sviatok sv. Franti\u0161ka Xaversk\u00e9ho. Tak prajeme tam hore v\u0161etko najlep\u0161ie.<\/em><\/strong><\/p>\n","protected":false},"excerpt":{"rendered":"<div class=\"mh-excerpt\"><p>Verte-neverte, aj to je titul jednej piesne z reperto\u00e1ru Franti\u0161ka Kri\u0161tofa Vesel\u00e9ho. Skalick\u00fd rod\u00e1k a hviezda \u0161oubiznisu v \u010dasoch, ke\u010f hviezdy boli skuto\u010dne hviezdami, je jedn\u00fdm z na\u0161ich najsl\u00e1vnej\u0161\u00edch spoluob\u010danov. Jeho \u017eivotopis n\u00e1jdeme na poh\u013eadanie <a class=\"mh-excerpt-more\" href=\"http:\/\/skalickyobzor.sk\/cms\/kto-je-rad-vesely\/\" title=\"Kto je r\u00e1d vesel\u00fd\">[&#8230;]<\/a><\/p>\n<\/div>","protected":false},"author":2,"featured_media":4089,"comment_status":"closed","ping_status":"closed","sticky":false,"template":"","format":"standard","meta":{"footnotes":""},"categories":[2],"tags":[],"class_list":{"0":"post-4088","1":"post","2":"type-post","3":"status-publish","4":"format-standard","5":"has-post-thumbnail","7":"category-hlavna-tema"},"_links":{"self":[{"href":"http:\/\/skalickyobzor.sk\/cms\/wp-json\/wp\/v2\/posts\/4088","targetHints":{"allow":["GET"]}}],"collection":[{"href":"http:\/\/skalickyobzor.sk\/cms\/wp-json\/wp\/v2\/posts"}],"about":[{"href":"http:\/\/skalickyobzor.sk\/cms\/wp-json\/wp\/v2\/types\/post"}],"author":[{"embeddable":true,"href":"http:\/\/skalickyobzor.sk\/cms\/wp-json\/wp\/v2\/users\/2"}],"replies":[{"embeddable":true,"href":"http:\/\/skalickyobzor.sk\/cms\/wp-json\/wp\/v2\/comments?post=4088"}],"version-history":[{"count":3,"href":"http:\/\/skalickyobzor.sk\/cms\/wp-json\/wp\/v2\/posts\/4088\/revisions"}],"predecessor-version":[{"id":4201,"href":"http:\/\/skalickyobzor.sk\/cms\/wp-json\/wp\/v2\/posts\/4088\/revisions\/4201"}],"wp:featuredmedia":[{"embeddable":true,"href":"http:\/\/skalickyobzor.sk\/cms\/wp-json\/wp\/v2\/media\/4089"}],"wp:attachment":[{"href":"http:\/\/skalickyobzor.sk\/cms\/wp-json\/wp\/v2\/media?parent=4088"}],"wp:term":[{"taxonomy":"category","embeddable":true,"href":"http:\/\/skalickyobzor.sk\/cms\/wp-json\/wp\/v2\/categories?post=4088"},{"taxonomy":"post_tag","embeddable":true,"href":"http:\/\/skalickyobzor.sk\/cms\/wp-json\/wp\/v2\/tags?post=4088"}],"curies":[{"name":"wp","href":"https:\/\/api.w.org\/{rel}","templated":true}]}}