{"id":4108,"date":"2021-01-16T22:03:11","date_gmt":"2021-01-16T21:03:11","guid":{"rendered":"http:\/\/skalickyobzor.sk\/cms\/?p=4108"},"modified":"2021-01-16T23:15:56","modified_gmt":"2021-01-16T22:15:56","slug":"uvidime-sa-na-korze","status":"publish","type":"post","link":"http:\/\/skalickyobzor.sk\/cms\/uvidime-sa-na-korze\/","title":{"rendered":"Uvid\u00edme sa na korze"},"content":{"rendered":"<p>Korzovanie je zvl\u00e1\u0161tny a\u00a0jedine\u010dn\u00fd sp\u00f4sob spolo\u010densk\u00e9ho \u017eivota. Vznikol na prelome 19. a\u00a020. storo\u010dia a\u00a0na mnoh\u00fdch miestach sa udr\u017eal ve\u013emi dlh\u00fa dobu a\u00a0niekedy sa vo vln\u00e1ch dokonca vracal. Korzovanie je jav mestsk\u00fd, preto\u017ee ku korzovaniu je potrebn\u00e9 korzo. Vo ve\u013ek\u00fdch mest\u00e1ch dokonca vznikali separovan\u00e9 korz\u00e1 pre elitu, na inom mieste korzovali vojaci, trhovn\u00edci, sl\u00fa\u017eky, &#8230; Korzom sa mohla sta\u0165 ak\u00e1ko\u013evek zauj\u00edmav\u00e1 a\u00a0pr\u00edjemn\u00e1 trasa. Musela by\u0165 v\u0161ak dostato\u010dne priestrann\u00e1, aby sa dok\u00e1zali vo\u013ene proti sebe pohybova\u0165 dva pr\u00fady \u013eud\u00ed, no zase iba tak, aby sa mohli z\u00e1merne, \u010di \u201en\u00e1hodou\u201c stretn\u00fa\u0165. Takto n\u00e1hodn\u00e9 stretnutia boli jedn\u00fdm z\u00a0hlavn\u00fdch cie\u013eov korzovania, ktor\u00e9 na prv\u00fd poh\u013ead vyzeralo ako bezcie\u013ene zab\u00edjanie \u010dasu, no nebola to pravda. I\u0161lo predov\u0161etk\u00fdm o\u00a0to vidie\u0165 a\u00a0by\u0165 viden\u00fd. Ako si pam\u00e4t\u00e1 tento fenom\u00e9n v\u00a0Skalici v\u00a0polovici minul\u00e9ho storo\u010dia a\u00a0ako vid\u00ed prech\u00e1dzky dnes, n\u00e1m nap\u00edsala Vlasta Ducho\u0148ov\u00e1.<\/p>\n<h4>SKALICA JE PIEKN\u00c9 MESTO,<\/h4>\n<p>cez \u0148u chodn\u00ed\u010dek, spieva sa v zn\u00e1mej piesni. Skalica pekn\u00e1 bola a pekn\u00e1 st\u00e1le je. Je to dedi\u010dstvom toho ako boli na\u0161i predkovia na svoje mesto hrd\u00ed a ako ho zve\u013ea\u010fovali. Za\u010diatkom minul\u00e9ho storo\u010dia sa s\u00fastre\u010foval spolo\u010densk\u00fd ruch hlavne na n\u00e1mest\u00ed pred farsk\u00fdm kostolom, hotelom a\u00a0kult\u00farnym domom. Nesk\u00f4r sa korzovanie prenieslo do bo\u010dn\u00fdch ul\u00edc okolo n\u00e1mestia. Lipov\u00e9 a\u00a0ga\u0161tanov\u00e9 aleje na Poto\u010dnej a\u00a0Korezskovej ulici e\u0161te st\u00e1le chr\u00e1nia lavi\u010dky, ktor\u00e9 l\u00e1kaj\u00fa v\u00a0lete na posedenie.<\/p>\n<p>Prech\u00e1dzky po meste boli ve\u013emi popul\u00e1rne. Bolo nep\u00edsan\u00fdm pravidlom, \u017ee sme svoje nede\u013en\u00e9 prech\u00e1dzky za\u010d\u00ednali v\u00a0cukr\u00e1rni u\u00a0\u017dabkovsk\u00fdch a\u00a0potom pokra\u010dovali smerom k\u00a0n\u00e1dra\u017eiu, kde vtedy b\u00fdvalo ru\u0161no, lebo vlaky nekon\u010dili v\u00a0Skalici, ale pokra\u010dovali do Vesel\u00ed nad Moravou. Touto \u010dastou sme i\u0161li okolo star\u00e9ho kina. Treba doda\u0165, \u017ee vtedy sme chodili do kina pomerne \u010dasto. Kinos\u00e1la bola pln\u00e1, filmy boli obsaden\u00e9 v\u00fdborn\u00fdmi hercami a\u00a0dej bol p\u00fatav\u00fd. Telev\u00edzia nebola v\u00a0ka\u017edej rodine a\u00a0aj tak mala len dva programy.<\/p>\n<figure id=\"attachment_4110\" aria-describedby=\"caption-attachment-4110\" style=\"width: 490px\" class=\"wp-caption aligncenter\"><img loading=\"lazy\" decoding=\"async\" class=\"size-full wp-image-4110\" src=\"http:\/\/skalickyobzor.sk\/cms\/wp-content\/uploads\/2021\/01\/1_1.jpg\" alt=\"\" width=\"490\" height=\"776\" srcset=\"http:\/\/skalickyobzor.sk\/cms\/wp-content\/uploads\/2021\/01\/1_1.jpg 490w, http:\/\/skalickyobzor.sk\/cms\/wp-content\/uploads\/2021\/01\/1_1-189x300.jpg 189w\" sizes=\"auto, (max-width: 490px) 100vw, 490px\" \/><figcaption id=\"caption-attachment-4110\" class=\"wp-caption-text\">Arch\u00edv: Vlasta Ducho\u0148ov\u00e1<\/figcaption><\/figure>\n<h4>TRAD\u00cdCIA INAK<\/h4>\n<p>V 50. a 60. rokoch minul\u00e9ho storo\u010dia sme sa prech\u00e1dzali okolo nemocnice smerom k H\u00e1jku. Ak sme n\u00e1hodou za\u0161li a\u017e do H\u00e1jka, tak n\u00e1s v\u0161etci \u013eutovali ako mus\u00edme by\u0165 unaven\u00ed. Dnes b\u00fdvame na s\u00eddlisk\u00e1ch, tie s\u00fa od stredu mesta ove\u013ea vzdialenej\u0161ie \u2013 s\u00eddlisko Pod h\u00e1jkom, SNP, Kriv\u00e9 k\u00faty alebo horn\u00e1 \u010das\u0165 Predmestia. E\u0161te\u017ee je tu MHD. Cez v\u00edkendy sa n\u00e1m \u017eiada poprech\u00e1dza\u0165 sa po ceste, z\u00e1js\u0165 na k\u00e1vu, postreta\u0165 sa so zn\u00e1mymi. Len\u017ee tie prech\u00e1dzky mestom s\u00fa dnes in\u00e9. K\u00fdm kedysi sme korzovali mestom, dnes b\u00fdva v nede\u013eu mesto takmer pr\u00e1zdne. Obyvatelia sa radi prech\u00e1dzaj\u00fa v pr\u00edrode. Na bicykloch si z\u00e1jdu k hor\u00e1m, k rybn\u00edkom, k Ba\u0165\u00e1ku a na z\u00e1hradky. Prech\u00e1dzky pr\u00edrodou ich viac nap\u013a\u0148aj\u00fa ako potulky mestom. Po uliciach vidie\u0165 iba babky, id\u00face z kostola na cintor\u00edn, alebo mami\u010dky s ko\u010d\u00edkmi. Aj tie mlad\u00e9 mami\u010dky maj\u00fa dnes in\u00e9 mo\u017enosti v obchodn\u00fdch centr\u00e1ch ako sme mali my. V\u00a0kaviarni\u010dk\u00e1ch s\u00fa detsk\u00e9 k\u00fatiky, kde sa m\u00f4\u017eu deti hra\u0165. Mami\u010dky sa m\u00f4\u017eu zatia\u013e pobavi\u0165 s\u00a0kamar\u00e1tkami.<\/p>\n<h4>ULICA AKO M\u00d3DNE M\u00d3LO<\/h4>\n<p>Tak ako sa \u010dasom na korze menili \u013eudia, tak sa menila i m\u00f3da. U\u017e po\u010diatkom minul\u00e9ho storo\u010dia za\u010dali kroj a jednoduch\u00fd \u013eudov\u00fd odev vytl\u00e1\u010da\u0165 mestsk\u00e9 \u0161aty. Spo\u010diatku si mestsk\u00e9 \u017eeny obliekali jednoduch\u00e9 \u0161aty, kost\u00fdmy, v zime kab\u00e1ty. Na hlav\u00e1ch sa za\u010dali objavova\u0165 r\u00f4zne klob\u00faky. Nesk\u00f4r sa menilo aj postavenie a aktivity \u017eien a pri \u0161porte za\u010dali nosi\u0165 aj nohavice. Najprv \u0161ponovky, nesk\u00f4r komin\u00e1rky, preva\u017ene men\u010destrov\u00e9, aj texasky z rifloviny. E\u0161te treba spomen\u00fa\u0165 kaliopky, modern\u00e9 v 60. rokoch. \u0160aty sa nosili plisovan\u00e9, strihan\u00e9 do A-l\u00ednie alebo \u00fazke. Samozrejme, aj tu sa materi\u00e1l menil. Najprv sa z\u00a0noviniek objavil tesil, potom krympl\u00e9n, diol\u00e9n a\u00a0tak \u010falej. Vlasy raz vypnut\u00e9 do chvostov, potom trval\u00e9, nesk\u00f4r drdoly, ban\u00e1ny, uzly.<\/p>\n<figure id=\"attachment_4111\" aria-describedby=\"caption-attachment-4111\" style=\"width: 486px\" class=\"wp-caption aligncenter\"><img loading=\"lazy\" decoding=\"async\" class=\"size-full wp-image-4111\" src=\"http:\/\/skalickyobzor.sk\/cms\/wp-content\/uploads\/2021\/01\/2_1.jpg\" alt=\"\" width=\"486\" height=\"717\" srcset=\"http:\/\/skalickyobzor.sk\/cms\/wp-content\/uploads\/2021\/01\/2_1.jpg 486w, http:\/\/skalickyobzor.sk\/cms\/wp-content\/uploads\/2021\/01\/2_1-203x300.jpg 203w\" sizes=\"auto, (max-width: 486px) 100vw, 486px\" \/><figcaption id=\"caption-attachment-4111\" class=\"wp-caption-text\">Arch\u00edv: Vlasta Ducho\u0148ov\u00e1<\/figcaption><\/figure>\n<h4>VYRAZTE DO MESTA<\/h4>\n<p>Niektor\u00e9 trendy zanikli, in\u00e9 sa po \u010dase pozmenen\u00e9 vr\u00e1tili. M\u00f3da sa men\u00ed a opakuje s\u00fa\u010dasne. Tak to ide s nami st\u00e1le dokola. M\u00f3da, ktor\u00fa by sme nechceli nikomu uk\u00e1za\u0165, by nemala zmysel. Sme zase na za\u010diatku \u2013 nie je lep\u0161ia pr\u00edle\u017eitos\u0165 ako korzovanie, nech sa dnes naz\u00fdva akoko\u013evek. Pr\u00edle\u017eitost\u00ed v\u00a0Skalici je dos\u0165. Mysl\u00edm, \u017ee na\u0161e meste\u010dko poskytuje ve\u013ea pr\u00edjemn\u00fdch zakut\u00ed, z\u00a0ktor\u00fdch si m\u00f4\u017eu obyvatelia vybra\u0165. Sta\u010d\u00ed vyjs\u0165 a\u00a0\u010daka\u0165 s\u00a0rados\u0165ou, kto pr\u00e1ve p\u00f4jde oproti.<\/p>\n","protected":false},"excerpt":{"rendered":"<div class=\"mh-excerpt\"><p>Korzovanie je zvl\u00e1\u0161tny a\u00a0jedine\u010dn\u00fd sp\u00f4sob spolo\u010densk\u00e9ho \u017eivota. Vznikol na prelome 19. a\u00a020. storo\u010dia a\u00a0na mnoh\u00fdch miestach sa udr\u017eal ve\u013emi dlh\u00fa dobu a\u00a0niekedy sa vo vln\u00e1ch dokonca vracal. Korzovanie je jav mestsk\u00fd, preto\u017ee ku korzovaniu je <a class=\"mh-excerpt-more\" href=\"http:\/\/skalickyobzor.sk\/cms\/uvidime-sa-na-korze\/\" title=\"Uvid\u00edme sa na korze\">[&#8230;]<\/a><\/p>\n<\/div>","protected":false},"author":22,"featured_media":4109,"comment_status":"closed","ping_status":"closed","sticky":false,"template":"","format":"standard","meta":{"footnotes":""},"categories":[10],"tags":[],"class_list":{"0":"post-4108","1":"post","2":"type-post","3":"status-publish","4":"format-standard","5":"has-post-thumbnail","7":"category-zaujalo-nas"},"_links":{"self":[{"href":"http:\/\/skalickyobzor.sk\/cms\/wp-json\/wp\/v2\/posts\/4108","targetHints":{"allow":["GET"]}}],"collection":[{"href":"http:\/\/skalickyobzor.sk\/cms\/wp-json\/wp\/v2\/posts"}],"about":[{"href":"http:\/\/skalickyobzor.sk\/cms\/wp-json\/wp\/v2\/types\/post"}],"author":[{"embeddable":true,"href":"http:\/\/skalickyobzor.sk\/cms\/wp-json\/wp\/v2\/users\/22"}],"replies":[{"embeddable":true,"href":"http:\/\/skalickyobzor.sk\/cms\/wp-json\/wp\/v2\/comments?post=4108"}],"version-history":[{"count":2,"href":"http:\/\/skalickyobzor.sk\/cms\/wp-json\/wp\/v2\/posts\/4108\/revisions"}],"predecessor-version":[{"id":4113,"href":"http:\/\/skalickyobzor.sk\/cms\/wp-json\/wp\/v2\/posts\/4108\/revisions\/4113"}],"wp:featuredmedia":[{"embeddable":true,"href":"http:\/\/skalickyobzor.sk\/cms\/wp-json\/wp\/v2\/media\/4109"}],"wp:attachment":[{"href":"http:\/\/skalickyobzor.sk\/cms\/wp-json\/wp\/v2\/media?parent=4108"}],"wp:term":[{"taxonomy":"category","embeddable":true,"href":"http:\/\/skalickyobzor.sk\/cms\/wp-json\/wp\/v2\/categories?post=4108"},{"taxonomy":"post_tag","embeddable":true,"href":"http:\/\/skalickyobzor.sk\/cms\/wp-json\/wp\/v2\/tags?post=4108"}],"curies":[{"name":"wp","href":"https:\/\/api.w.org\/{rel}","templated":true}]}}