{"id":4114,"date":"2021-01-16T22:08:54","date_gmt":"2021-01-16T21:08:54","guid":{"rendered":"http:\/\/skalickyobzor.sk\/cms\/?p=4114"},"modified":"2021-01-16T23:16:39","modified_gmt":"2021-01-16T22:16:39","slug":"zabijacki","status":"publish","type":"post","link":"http:\/\/skalickyobzor.sk\/cms\/zabijacki\/","title":{"rendered":"Zabija\u010dki"},"content":{"rendered":"<p>Takov\u00e1 dom\u00e1c\u00ed, sedl\u00e1ck\u00e1 zabija\u010dka, to bilo neco! Zabij\u00e1valo sa pred V\u00e1nocama alebo ve fa\u0161ank a\u00a0na sva\u010fbi.<\/p>\n<p>Pok\u00e1t si dobre mjerkuju, tak skoro f ka\u017ed\u00e9m domje, okrem tich \u00abpansk\u00edch\u00bb, sa chovalo jedno-dvje pras\u00e1tka alebo si k\u00fapili u\u017e vikrmen\u00e9. Na zabija\u010dku a\u00a0na karminu sme sa \u0165e\u0161ili \u0161ec\u00ed. \u010eecka, mla\u010f\u00ed aj dospjel\u00ed. Bila to pr\u00edle\u017eitos\u0165, abi sa ro\u010fina a\u00a0bl\u00edzk\u00ed zn\u00e1m\u00ed ze\u0161li.<\/p>\n<p>Jak si spom\u00edn\u00e1m, mi sme m\u00edvali doma pras\u00e1tko ka\u017ed\u00ed rok. Tak v septembri sme k\u00fapili cec\u00e1ka \u2013 mal\u00e9 pras\u00edtko a ket ho postra\u0161ili dv\u00e1 Mikul\u00e1\u0161i, tak za nejak\u00edch 12-15 mjes\u00edc\u00fa sa zabilo. Okrem na\u0161ej zabija\u010dki sme cho\u010fili aj k ro\u010fi\u0148e. Najviec te\u0165i\u010dce Marce. B\u00edvali na maj\u00edri na Skali, teda, na Str\u00e1\u017e\u0148ickej ulici. M\u00edvali aj in\u0161\u00ed statek a pjekn\u00e9 ko\u0148e. Str\u00edc \u0160tefan a stare\u010dek Jozef bili hlav\u0148\u00ed mas\u00e1ri. Ostat\u0148\u00ed chlapi pomahali venku pri kori\u0165e, \u017eeni f kuchi\u0148i a mi \u010fecka sme obsm\u0155dali f\u0161adi. A\u017e zevrela f kotloch voda, prasa sa zabilo a ostat\u0148\u00ed u\u0161 i\u0161lo podl\u00e1 potrebi. Chi\u0165en\u00fa kr\u00e9f te\u0165i\u010dka usma\u017eila na cibuli a to bilo prv\u0148\u00ed \u00eddlo s chlebem a kisel\u00edm oharkem. D\u00fale\u017eit\u00e9 bilo prasa por\u00e1d\u0148e oparit a odrat s chlup\u00fa. Zebral sem s kuchi\u0148e mal\u00ed no\u017e\u00edk a i\u0161el sem \u0161kr\u00e1bat prasa tak\u00e9. N\u00fa\u0161 sem mjel tup\u00ed a str\u00edc \u0160tefan mi rekli, \u017ee mi ho mos\u00e1 zakalit. Dal sem im ho do ruki a o\u0148i na moje velik\u00e9 prekvape\u0148\u00ed ho str\u010dili prasa\u0165i do ri\u0165i a j\u00e1 sem sa rozplakal a ut\u00e9kel sa \u017ealova\u0165 mamje do kuchi\u0148e. Nev\u00edm, \u010d\u00ed bil n\u00fa\u0161 ostrej\u0161\u00ed, ra\u010di sem to neproboval. Jedlo sa a\u017e ve\u010d\u00e9r, a\u017e bilo f\u0161ecko hotov\u00e9. Obarov\u00e1 pol\u00e9fka, itr\u0148\u00ed\u010dki, jelita, pe\u010den\u00e9 maso a moselo bit uvaren\u00e9 zabija\u010dkov\u00e9 kisel\u00e9 zel\u00e9. To bila karmina. Do\u0161li aj tak\u00ed, co na zabija\u010dce nebili, ale bili pozva\u0148\u00ed, abi sa ro\u010fina utu\u017eovala.<\/p>\n<p>Maminka spom\u00ednala, \u017ee k\u00a0na\u0161im stare\u010dkom Kadle\u010d\u00edkom cho\u010fil na karmini aj Dr. Pavel Blaho s\u00a0man\u017eelk\u00fa. O\u0148i bili \u0161vagri, lebo stare\u010dk\u00faf bratr Franti\u0161ek mjel za \u017eenu dochtorov\u00fa sestru A\u0148i\u010dku. Po karmi\u0148e im starenka nachistala v\u00edslu\u0161ku a\u00a0i\u0161li dom. V\u00edslu\u0161ki sa d\u00e1vali aj s\u00fasedom, zn\u00e1m\u00edm a\u00a0ro\u010fi\u0148e. Tenkr\u00e1t nebili mraz\u0148i\u010dki a\u00a0tak si lud\u00e9 d\u00e1vali jeden druh\u00e9mu, potom im to vr\u00e1\u0165ili a\u00a0nekedi sa aj doml\u00favili, kedi gdo bude zabijat, abi to nebilo nar\u00e1z. Neco masa sa upe\u010den\u00e9 zal\u00e9lo do s\u00e1dla, neco za\u00fa\u010filo a\u00a0gdo mohel, tak ulo\u017eil aj do ledov\u0148e pod Kalv\u00e1riju.<\/p>\n<p>U\u00a0n\u00e1s zabij\u00e1vali jak hlav\u0148\u00ed mas\u00e1ri \u2013 str\u00edc \u0160tefan Ku\u010dera a\u00a0stare\u010dek Kadle\u010d\u00edk. Nesk\u00far, to u\u0161 sem bil dospjel\u00ed, bili jednak profes\u0148\u00ed mas\u00e1ri a\u00a0jednak n\u00e1turis\u0165i. Z\u00a0mas\u00e1r\u00fa spomenu aspo\u0148 obchod\u0148\u00edk\u00fa \u2013 to bili Hokinek, Plhal, Bellay, Ger\u017ea a\u00a0Tom\u00edk. Mockr\u00e1t n\u00e1m zabijal mas\u00e1r La\u010fa Hod\u00e1\u0148 z\u00a0Hol\u00ed\u010da. \u0160ikovn\u00ed, a\u00a0vje\u010fel f\u0161ecko porichtovat podl\u00e1 chu\u0165i na\u0161ej mami. Nesk\u00far sem sa nau\u010dil f\u0161ecki roboti kolem zabija\u010dki j\u00e1 a\u00a0moc rok\u00fa sem zabijal doma, ale aj kamar\u00e1dom. Pochvalovali si a\u00a0volali mja aj vieckr\u00e1t zaseb\u00fa.<\/p>\n<p>\u0160koda, \u017ee dneskaj sa v\u00a0domoch zabij\u00e1 m\u00e1lo. F\u0161ecko dostanete k\u00fapit, aj bez staros\u0165\u00ed a\u00a0bez roboti. Ale to hlav\u0148\u00ed, \u017ee sa lud\u00e9 stretn\u00fa, ro\u010fini sa udr\u017euj\u00fa, to chibuje. No, ale to u\u0161 in\u00e1\u010d nebude.<\/p>\n","protected":false},"excerpt":{"rendered":"<div class=\"mh-excerpt\"><p>Takov\u00e1 dom\u00e1c\u00ed, sedl\u00e1ck\u00e1 zabija\u010dka, to bilo neco! Zabij\u00e1valo sa pred V\u00e1nocama alebo ve fa\u0161ank a\u00a0na sva\u010fbi. Pok\u00e1t si dobre mjerkuju, tak skoro f ka\u017ed\u00e9m domje, okrem tich \u00abpansk\u00edch\u00bb, sa chovalo jedno-dvje pras\u00e1tka alebo si k\u00fapili <a class=\"mh-excerpt-more\" href=\"http:\/\/skalickyobzor.sk\/cms\/zabijacki\/\" title=\"Zabija\u010dki\">[&#8230;]<\/a><\/p>\n<\/div>","protected":false},"author":12,"featured_media":17,"comment_status":"closed","ping_status":"closed","sticky":false,"template":"","format":"standard","meta":{"footnotes":""},"categories":[4],"tags":[],"class_list":{"0":"post-4114","1":"post","2":"type-post","3":"status-publish","4":"format-standard","5":"has-post-thumbnail","7":"category-ja-su-ze-skalice"},"_links":{"self":[{"href":"http:\/\/skalickyobzor.sk\/cms\/wp-json\/wp\/v2\/posts\/4114","targetHints":{"allow":["GET"]}}],"collection":[{"href":"http:\/\/skalickyobzor.sk\/cms\/wp-json\/wp\/v2\/posts"}],"about":[{"href":"http:\/\/skalickyobzor.sk\/cms\/wp-json\/wp\/v2\/types\/post"}],"author":[{"embeddable":true,"href":"http:\/\/skalickyobzor.sk\/cms\/wp-json\/wp\/v2\/users\/12"}],"replies":[{"embeddable":true,"href":"http:\/\/skalickyobzor.sk\/cms\/wp-json\/wp\/v2\/comments?post=4114"}],"version-history":[{"count":1,"href":"http:\/\/skalickyobzor.sk\/cms\/wp-json\/wp\/v2\/posts\/4114\/revisions"}],"predecessor-version":[{"id":4115,"href":"http:\/\/skalickyobzor.sk\/cms\/wp-json\/wp\/v2\/posts\/4114\/revisions\/4115"}],"wp:featuredmedia":[{"embeddable":true,"href":"http:\/\/skalickyobzor.sk\/cms\/wp-json\/wp\/v2\/media\/17"}],"wp:attachment":[{"href":"http:\/\/skalickyobzor.sk\/cms\/wp-json\/wp\/v2\/media?parent=4114"}],"wp:term":[{"taxonomy":"category","embeddable":true,"href":"http:\/\/skalickyobzor.sk\/cms\/wp-json\/wp\/v2\/categories?post=4114"},{"taxonomy":"post_tag","embeddable":true,"href":"http:\/\/skalickyobzor.sk\/cms\/wp-json\/wp\/v2\/tags?post=4114"}],"curies":[{"name":"wp","href":"https:\/\/api.w.org\/{rel}","templated":true}]}}