{"id":4123,"date":"2021-01-16T22:04:07","date_gmt":"2021-01-16T21:04:07","guid":{"rendered":"http:\/\/skalickyobzor.sk\/cms\/?p=4123"},"modified":"2021-01-16T23:16:02","modified_gmt":"2021-01-16T22:16:02","slug":"skalicke-ulice-bernolakova","status":"publish","type":"post","link":"http:\/\/skalickyobzor.sk\/cms\/skalicke-ulice-bernolakova\/","title":{"rendered":"Skalick\u00e9 ulice &#8211; Bernol\u00e1kova"},"content":{"rendered":"<p>Anton Bernol\u00e1k (*3. okt\u00f3ber 1762, Slanica na Orave \u2013 \u2020 15. janu\u00e1r 1813, Nov\u00e9 Z\u00e1mky), slovensk\u00fd r\u00edmskokatol\u00edcky k\u0148az, \u0161\u013eachtic a\u00a0jazykovedec, prv\u00fd kodifik\u00e1tor spisovnej sloven\u010diny, patr\u00ed medzi najv\u00fdznamnej\u0161\u00edch predstavite\u013eov katol\u00edckeho pr\u00fadu slovensk\u00e9ho n\u00e1rodn\u00e9ho obrodenia. Bernol\u00e1kovo Slovensk\u00e9 u\u010den\u00e9 tovari\u0161stvo (n\u00edm zalo\u017een\u00e9 Tovari\u0161stvo litern\u00e9ho ume\u0148\u00e1), prv\u00e9 celoslovensk\u00e9 n\u00e1rodno-kult\u00farne zdru\u017eenie, ktor\u00e9 vzniklo v\u00a0Trnave roku 1792, zohralo medzi Slov\u00e1kmi skuto\u010dne dejinn\u00fa \u00falohu (i\u00a0ke\u010f azda podnes dostato\u010dne nedocenen\u00fa) a\u00a0m\u00e1 v\u00a0na\u0161ich dejin\u00e1ch prelomov\u00fd budite\u013esk\u00fd v\u00fdznam najm\u00e4 t\u00fdm, \u017ee jeho \u010dlenovia pestovali medzi \u013eudom \u00factu a\u00a0l\u00e1sku k\u00a0n\u00e1rodu, materinskej re\u010di i\u00a0k\u00a0n\u00e1rodnej minulosti, na \u010do nesk\u00f4r nadviazali \u0161t\u00farovci. Pr\u00e1ve t\u00e1to ustanovize\u0148 mala podstatn\u00fa z\u00e1sluhu na roz\u0161\u00edren\u00ed bernol\u00e1kov\u010diny po celom Slovensku, pravda, iba v\u00a0jeho katol\u00edckej \u010dasti.<\/p>\n<p>Jej z\u00e1kladom bol z\u00e1padoslovensk\u00fd kult\u00farny jazyk postaven\u00fd na fonetickom pravopise (\u201ep\u00ed\u0161 ako po\u010duje\u0161\u201c). Bernol\u00e1k to zd\u00f4vodnil v\u00a0pr\u00e1ci Dissertatio-critica de literis Slavorum (Jazykovedn\u00e1 kritick\u00e1 rozprava o\u00a0slovensk\u00fdch p\u00edsmen\u00e1ch, 1787). Gramatick\u00fa stavbu jazyka vylo\u017eil v\u00a0diele Grammatica slavica (Slovensk\u00e1 gramatika, 1790). Svoje dielo na uz\u00e1ko\u0148ovan\u00ed slovensk\u00e9ho jazyka dokon\u010dil 6-zv\u00e4zkov\u00fdm prekladov\u00fdm slovn\u00edkom Slow\u00e1r Slovensk\u00ed \u010cesko-La\u0165insko-Nemecko-Uhersk\u00ed (vy\u0161iel a\u017e po jeho smrti 1825 \u2013 1827 z\u00e1sluhou kanonika Juraja Palkovi\u010da v\u00a0\u0161iestich zv\u00e4zkoch na 5302 stran\u00e1ch).<\/p>\n<p>A. Bernol\u00e1k \u0161tudoval v\u00a0rokoch 1774 \u2013 1778 na Gymn\u00e1ziu v\u00a0Ru\u017eomberku, r\u00e9toriku, filozofiu a\u00a0poetiku na Emerci\u00e1ne v\u00a0Bratislave, \u010di Stefaneu v\u00a0Trnave a\u00a0teol\u00f3giu na univerzite P\u00e1zmaneu vo Viedni. \u0160t\u00fadi\u00e1 ukon\u010dil v\u00a0roku 1787 v\u00a0gener\u00e1lnom semin\u00e1ri v\u00a0Bratislave. Po \u0161t\u00fadi\u00e1ch jeho prv\u00fdm p\u00f4sobiskom bolo kapl\u00e1nske miesto v\u00a0\u010cekl\u00edsi (dnes Bernol\u00e1kovo), kde zotrval \u0161tyri roky (1787 \u2013 1791). \u0160es\u0165 rokov p\u00f4sobil vo funkcii tajomn\u00edka arcibiskupsk\u00e9ho vikari\u00e1tu v\u00a0Trnave. Od m\u00e1ja 1797 a\u017e do svojej smrti bol far\u00e1rom v\u00a0Nov\u00fdch Z\u00e1mkoch, popritom st\u00e1l na \u010dele novoz\u00e1mock\u00e9ho dekan\u00e1tu a\u00a0z\u00e1rove\u0148 vykon\u00e1val funkciu spr\u00e1vcu mestskej \u0161koly.<\/p>\n<p>Ke\u010f hovor\u00edme o\u00a0pomenovan\u00ed ulice po Antonovi Bernol\u00e1kovi, prichod\u00ed n\u00e1m z\u00e1rove\u0148 p\u00e1tra\u0165 po jeho vz\u0165ahu ku Skalici, Skali\u010danom a\u00a0skali\u010dtine. V\u00a0prvom rade mus\u00edme zd\u00f4razni\u0165, \u017ee bol \u00fazko sp\u00e4t\u00fd s\u00a0\u010dlenmi Tovari\u0161tva zo Z\u00e1horia (medzi nimi Skali\u010dania Vavrinec Vince, Jozef \u0160ed\u00fd, \u0160tefan Ribeck\u00fd, J\u00e1n Koreska, Pavol Stehl\u00edk at\u010f.), vieme aj to, \u017ee mnoh\u00ed vzdelanci pokladali skali\u010dtinu v\u00a0t\u00fdch \u010dasoch za \u201evlast \u010dist\u00e9 sloven\u0161tiny\u201c, nie n\u00e1hodou v\u00a0Pre\u0161pursk\u00fdch novin\u00e1ch \u010d. 76\/1786 nezn\u00e1my autor \u017eiadal, aby sa noviny p\u00edsali v\u00a0skuto\u010dnej sloven\u010dine, a\u00a0nie v\u00a0bibli\u010dtine, toti\u017e v\u00a0re\u010di, \u201ejako mi okolo Pre\u0161purka, okolo Skalici alebo okolo Trnavi rospr\u00e1vame\u201c. Nemo\u017eno sa nezmieni\u0165 o\u00a0tom, \u017ee Bernol\u00e1k sa vo svojom diele Slovensk\u00e1 gramatika oprel o\u00a0pr\u00e1cu v\u00fdznamn\u00e9ho Skali\u010dana Pavla Dole\u017eala s\u00a0n\u00e1zvom Grammatica Slavico-Bohemica (1746), v\u00a0ktorej i\u0161lo o\u00a0prv\u00fa vedecky fundovan\u00fa gramatiku so spr\u00e1vnym rozdelen\u00edm slovies, s\u00a0v\u00fdsti\u017en\u00fdm uveden\u00edm rozdielov medzi \u010de\u0161tinou a\u00a0sloven\u010dinou a\u00a0s\u00a0presn\u00fdmi formul\u00e1ciami gramatick\u00fdch pravidiel. Nemenej d\u00f4le\u017eit\u00fd je fakt, \u017ee v\u00a0bernol\u00e1kov\u010dine sa zrodili liter\u00e1rne skvosty Juraja F\u00e1ndlyho z\u00a0\u010castej pri Trnave a\u00a0nesk\u00f4r J\u00e1na Holl\u00e9ho, barda slovenskej po\u00e9zie, rod\u00e1ka z\u00a0Borsk\u00e9ho Mikul\u00e1\u0161a.<\/p>\n<p>Pod tlakom reak\u010dnej viedenskej vl\u00e1dy a\u00a0uhorskej \u0161\u013eachty sa v\u0161ak postupne str\u00e1calo odu\u0161evnenie \u010dlenov Slovensk\u00e9ho u\u010den\u00e9ho tovari\u0161stva za osvetu \u013eudu a\u00a0literat\u00faru vo vlastnej re\u010di. Napokon ostali len t\u00ed najvernej\u0161\u00ed&#8230;<\/p>\n<p>Anton Bernol\u00e1k a\u00a0jeho bernol\u00e1kov\u010dina sa aj napriek tomu nezmazate\u013ene zap\u00edsali do dej\u00edn slovenskej kult\u00fary a\u00a0literat\u00fary. \u017dia\u013e, e\u0161te v\u017edy nedocenene. On s\u00e1m je pochovan\u00fd pri Kaplnke sv. Trojice v\u00a0Nov\u00fdch Z\u00e1mkoch.<\/p>\n","protected":false},"excerpt":{"rendered":"<div class=\"mh-excerpt\"><p>Anton Bernol\u00e1k (*3. okt\u00f3ber 1762, Slanica na Orave \u2013 \u2020 15. janu\u00e1r 1813, Nov\u00e9 Z\u00e1mky), slovensk\u00fd r\u00edmskokatol\u00edcky k\u0148az, \u0161\u013eachtic a\u00a0jazykovedec, prv\u00fd kodifik\u00e1tor spisovnej sloven\u010diny, patr\u00ed medzi najv\u00fdznamnej\u0161\u00edch predstavite\u013eov katol\u00edckeho pr\u00fadu slovensk\u00e9ho n\u00e1rodn\u00e9ho obrodenia. Bernol\u00e1kovo Slovensk\u00e9 <a class=\"mh-excerpt-more\" href=\"http:\/\/skalickyobzor.sk\/cms\/skalicke-ulice-bernolakova\/\" title=\"Skalick\u00e9 ulice &#8211; Bernol\u00e1kova\">[&#8230;]<\/a><\/p>\n<\/div>","protected":false},"author":16,"featured_media":4124,"comment_status":"closed","ping_status":"closed","sticky":false,"template":"","format":"standard","meta":{"footnotes":""},"categories":[24],"tags":[],"class_list":{"0":"post-4123","1":"post","2":"type-post","3":"status-publish","4":"format-standard","5":"has-post-thumbnail","7":"category-skalicke-ulice"},"_links":{"self":[{"href":"http:\/\/skalickyobzor.sk\/cms\/wp-json\/wp\/v2\/posts\/4123","targetHints":{"allow":["GET"]}}],"collection":[{"href":"http:\/\/skalickyobzor.sk\/cms\/wp-json\/wp\/v2\/posts"}],"about":[{"href":"http:\/\/skalickyobzor.sk\/cms\/wp-json\/wp\/v2\/types\/post"}],"author":[{"embeddable":true,"href":"http:\/\/skalickyobzor.sk\/cms\/wp-json\/wp\/v2\/users\/16"}],"replies":[{"embeddable":true,"href":"http:\/\/skalickyobzor.sk\/cms\/wp-json\/wp\/v2\/comments?post=4123"}],"version-history":[{"count":2,"href":"http:\/\/skalickyobzor.sk\/cms\/wp-json\/wp\/v2\/posts\/4123\/revisions"}],"predecessor-version":[{"id":4126,"href":"http:\/\/skalickyobzor.sk\/cms\/wp-json\/wp\/v2\/posts\/4123\/revisions\/4126"}],"wp:featuredmedia":[{"embeddable":true,"href":"http:\/\/skalickyobzor.sk\/cms\/wp-json\/wp\/v2\/media\/4124"}],"wp:attachment":[{"href":"http:\/\/skalickyobzor.sk\/cms\/wp-json\/wp\/v2\/media?parent=4123"}],"wp:term":[{"taxonomy":"category","embeddable":true,"href":"http:\/\/skalickyobzor.sk\/cms\/wp-json\/wp\/v2\/categories?post=4123"},{"taxonomy":"post_tag","embeddable":true,"href":"http:\/\/skalickyobzor.sk\/cms\/wp-json\/wp\/v2\/tags?post=4123"}],"curies":[{"name":"wp","href":"https:\/\/api.w.org\/{rel}","templated":true}]}}