{"id":4156,"date":"2021-01-16T22:05:03","date_gmt":"2021-01-16T21:05:03","guid":{"rendered":"http:\/\/skalickyobzor.sk\/cms\/?p=4156"},"modified":"2021-02-12T16:16:16","modified_gmt":"2021-02-12T15:16:16","slug":"skalicke-priezviska-ix-dalsi-ludkovia-ukryti-v-archivoch","status":"publish","type":"post","link":"http:\/\/skalickyobzor.sk\/cms\/skalicke-priezviska-ix-dalsi-ludkovia-ukryti-v-archivoch\/","title":{"rendered":"Skalick\u00e9 priezvisk\u00e1 IX &#8211; \u010eal\u0161\u00ed \u013eudkovia ukryt\u00ed v arch\u00edvoch Kr\u00ed\u017e, Ruttkay, Buzinkay"},"content":{"rendered":"<p><em><strong>V\u00a0decembrovom \u010d\u00edsle sme uverejnili prv\u00e9 dva pr\u00edbehy zauj\u00edmav\u00fdch post\u00e1v a\u00a0postavi\u010diek skalickej hist\u00f3rie, ktor\u00e9 sa objavovali v\u00a0najr\u00f4znej\u0161\u00edch s\u00favislostiach v\u00a0arch\u00edvoch a\u00a0predov\u0161etk\u00fdm v\u00a0rukopisoch prof. ThDr. Jozefa \u0160\u00e1tka. Dnes vraciame na svetlo sveta osudy skalick\u00e9ho obuvn\u00edka J\u00e1na Kr\u00ed\u017ea, schudobnen\u00e9ho \u0161\u013eachtica Gejzu Rutkaya a\u00a0skalick\u00e9ho zemana B\u00e9lu Jozefa Buzinkaya a\u00a0ich rodov.<\/strong><\/em><\/p>\n<h4>S\u00a0PROSBOU A\u017d K\u00a0M\u00c1RII TER\u00c9ZII<\/h4>\n<p><strong>J\u00e1n Kr\u00ed\u017e<\/strong>, skalick\u00fd obuvn\u00edk, sa okolo roku 1753, spolu s Pavlom Smetanom, obr\u00e1tili na samotn\u00fa panovn\u00ed\u010dku M\u00e1riu Ter\u00e9ziu s prosbou, aby sa mohli sta\u0165 \u010dlenmi \u0161evcovsk\u00e9ho cechu, napriek tomu, \u017ee boli evanjelici. T\u00e1to prosba bola pravdepodobne vypo\u010dut\u00e1, preto\u017ee cechov\u00e9 pramene \u0161evcovsk\u00e9ho cechu z roku 1783 spom\u00ednaj\u00fa cechmajstra J\u00e1na Kr\u00ed\u017ea. V tomto obdob\u00ed sa J\u00e1n Kr\u00ed\u017e radil medzi v\u00fdznamn\u00fdch skalick\u00fdch evanjelikov, lebo vieme, \u017ee 12. 6. 1782 a 18. 6. 1782 bol \u010dlenom deput\u00e1ci\u00ed evanjelikov pred magistr\u00e1tom. E\u0161te v roku 1793 bol zvolen\u00fd do prv\u00e9ho presbyterstva ev. a. v. cirkvi v Skalici.<\/p>\n<p>Aj potomkovia J\u00e1na Kr\u00ed\u017ea boli akt\u00edvni v cechovom \u017eivote. V najv\u00e4\u010d\u0161om skalickom cechu, s\u00fakenn\u00edckom, sa objavuje meno <strong>Samuela Kr\u00ed\u017ea<\/strong> vo veden\u00ed cechu v roku 1841 a posledn\u00fdm zn\u00e1mym a akt\u00edvnym \u010dlenom rodu bol <strong>Jozef Kr\u00ed\u017e<\/strong>, ktor\u00fd u\u010dil v rokoch 1930 \u2013 1935 na \u013eudovej \u0161kole v Skalici a v rokoch 1935 \u2013 1940 na me\u0161tianke.<\/p>\n<p>Priezvisko Kr\u00ed\u017e sa v\u00a0Skalici objavilo zhruba v\u00a0polovici 18. storo\u010dia, \u010di\u017ee v\u00a0dobe, kedy sa J\u00e1n Kr\u00ed\u017e sna\u017eil napriek svojmu \u201ehandicapu\u201c (bol evanjelikom) dosta\u0165 do spolo\u010denstva \u0161evcovsk\u00e9ho cechu. Z\u00a0tohto obdobia pozn\u00e1me \u010fal\u0161\u00edch troch dospel\u00fdch Kr\u00ed\u017eovcov, <strong>Pavla a\u00a0Juraja<\/strong>, evanjelikov b\u00fdvaj\u00facich na Predmest\u00ed a\u00a0v\u00a0meste, tie\u017e <strong>J\u00e1na<\/strong>, ktor\u00fd b\u00fdval na \u201eAllodiu\u201c, a\u00a0ten bol katol\u00edk. V\u00a0s\u00fa\u010dasnosti v\u00a0Skalici \u010dloveka s\u00a0priezviskom Kr\u00ed\u017e\/ov\u00e1 nen\u00e1jdeme. P\u00f4vod a\u00a0vznik priezviska Kr\u00ed\u017e netreba ve\u013emi vysvet\u013eova\u0165. Pre\u010do za\u010dali \u010dloveka takto vola\u0165 v\u0161ak m\u00f4\u017ee by\u0165 u\u017e in\u00e1 kapitola.<\/p>\n<p>V\u00a0roku 1995 sa priezvisko Kr\u00ed\u017e na Slovensku vyskytovalo 191 kr\u00e1t v\u00a062 lokalit\u00e1ch. Najviac nosite\u013eov tohto priezviska \u017eilo v\u00a0bratislavskej Petr\u017ealke (13), nasledovali Michalovce (11), \u017dilina (10), Pre\u0161ov (10), bratislavsk\u00fd Ru\u017einov (8), Kremnica (7) a\u00a0Trnava (6). Priezvisko Kr\u00ed\u017eov\u00e1 na Slovensku nosilo 251 jeho obyvateliek v\u00a080 lokalit\u00e1ch. Najviac nositeliek priezviska \u017eilo v\u00a0bratislavskej Petr\u017ealke (19), nasledovali \u017dilina (14), Michalovce (13), Pre\u0161ov (12), D\u00fabravka (10), Abranovce (9), Skalit\u00e9 (9) a\u00a0bratislavsk\u00fd Ru\u017einov (9).<\/p>\n<h4>MESTSK\u00dd POLESN\u00dd NA K\u013dU\u010cKE DVER\u00cd<\/h4>\n<p>Priezvisko Ruttkay je odvoden\u00e9 z\u00a0n\u00e1zvu mesta Vr\u00fatky, ktor\u00e9 le\u017e\u00ed v\u00a0oblasti Turca. Odtia\u013e poch\u00e1dzal rod, ktor\u00fd z\u00edskal \u0161\u013eachtick\u00fd titul u\u017e v\u00a013. storo\u010d\u00ed a\u00a0postupne sa rozvetvil a\u00a0us\u00e1dzal takmer po celom Slovensku. Pred poma\u010far\u010den\u00edm mena sa p\u00f4vodne rod naz\u00fdval Vr\u00fatock\u00fd. Samozrejme, niektor\u00e9 vetvy v\u00a0priebehu storo\u010d\u00ed chudobneli, niektor\u00e9 boli tak po\u010detn\u00e9, \u017ee ich \u0161\u013eachtick\u00fd majetok v\u0161etk\u00fdch neu\u017eivil a\u00a0obr\u00e1tili svoju pozornos\u0165 na vzdelanie. Tou cestou \u0161iel aj <strong>Gejza Ruttkay<\/strong> (*21. 1. 1857), syn rodi\u010dov Alexandra Ruttkaya a\u00a0Anny, rod. To\u010dekovej z\u00a0Ve\u013ek\u00e9ho K\u00fdru (obec le\u017eiaca medzi Nitrou a\u00a0\u0160uranmi v\u00a0novoz\u00e1mockom okrese). Otec sa stal nesk\u00f4r sl\u00fa\u017enym v\u00a0Tur\u010dianskom Sv. Martine.<\/p>\n<p>Gejza Ruttkay bol ako tridsa\u0165ro\u010dn\u00fd zvolen\u00fd za polesn\u00e9ho v\u00a0Skalici (18. 3. 1887). U\u017e 1. m\u00e1ja v\u00a0tom istom roku sa zasn\u00fabil so skalickou u\u010dite\u013ekou Etelou Kraitzovou, ktor\u00e1 poch\u00e1dzala z\u00a0Vrbov\u00e9ho. Ich sob\u00e1\u0161 skalick\u00e1 evanjelick\u00e1 matrika zaznamenala 21. j\u00fala 1887. Ako polesn\u00fd sa stal \u010dlenom mestsk\u00e9ho zastupite\u013estva. Kedy pri\u0161iel do Skalice a\u00a0za ak\u00fdm \u00fa\u010delom sa nedozvieme, ale predpoklad\u00e1me, \u017ee ho do Skalice \u201estiahol\u201c niektor\u00fd z\u00a0radn\u00fdch pr\u00e1ve na funkciu polesn\u00e9ho kv\u00f4li jeho vzdelaniu.<\/p>\n<p>V\u00a0septembri 1898 bol spolu s\u00a0Vilibaldom Mayerom obvinen\u00fd, \u017ee po\u0161kodil mesto pri predaji dreva. Ods\u00faden\u00fd nebol a\u00a0podivuhodn\u00e9 je, \u017ee polesn\u00fdm bol i\u00a0v\u00a0roku 1900 a\u00a0roku 1903, ako p\u00ed\u0161e Jozef \u0160\u00e1tek, bol len z\u00a0oh\u013eadu na jeho rodinu za polesn\u00e9ho zvolen\u00fd znovu, preto\u017ee s\u00a0jeho \u00faradovan\u00edm nebola spokojnos\u0165. Aj napriek nespokojnosti s\u00a0jeho pr\u00e1cou mu na n\u00e1vrh Dr. Ok\u00e1nika v\u00a0roku 1911 pripadla mimoriadna odmena dvesto kor\u00fan. D\u0148a 11. 1. 1913 bol na re\u0161taur\u00e1cii (vo\u013ebe) magistr\u00e1tu e\u0161te v\u00a0\u00farade polesn\u00e9ho potvrden\u00fd, ale musel sa lie\u010di\u0165 na psychiatrii v\u00a0Bratislave. Mal st\u00e1le finan\u010dn\u00e9 \u0165a\u017ekosti a\u00a0ke\u010f pri\u0161iel domov z\u00a0Bratislavy (13. 5. 1913), obesil sa na k\u013eu\u010dke dver\u00ed. Ostali po \u0148om dvaja synovia a\u00a0jedna dc\u00e9ra.<\/p>\n<p>Priezvisko Ruttkay sa v\u00a0Skalici udr\u017ealo dodnes. Nos\u00ed ho jeden n\u00e1\u0161 spoluob\u010dan. V\u00a0roku 1995 sa priezvisko Ruttkay na Slovensku vyskytovalo 244 kr\u00e1t v\u00a065 lokalit\u00e1ch. Najviac nosite\u013eov tohto priezviska \u017eilo vo Vr\u00fatkach (51), nasledovali Martin (16), Svit (13), Spi\u0161sk\u00e1 Nov\u00e1 Ves (11), \u017dilina (8), Prievidza (8) a\u00a0Pr\u00edbovce (7). Priezvisko Ruttkayov\u00e1 na Slovensku nosilo 271 jeho obyvateliek v\u00a065 lokalit\u00e1ch. Najviac \u017eilo vo Vr\u00fatkach (52), nasledovali Martin (19), Priekopa (15), \u017dilina (13), Spi\u0161sk\u00e1 Nov\u00e1 Ves (12), bratislavsk\u00fd Ru\u017einov (11), Bansk\u00e1 Bystrica (9) a\u00a0Poprad (7).<\/p>\n<h4>POSLEDN\u00c1 V\u00ddZVA NA S\u00daBOJ V\u00a0SKALICI<\/h4>\n<p><strong>B\u00e9la Jozef Buzinkay<\/strong> (*8. 1. 1840) sa narodil v rodine skalick\u00fdch zemanov. Jeho otcom bol <strong>J\u00e1n Buzinkay<\/strong> a matkou Anna Koczov\u00e1. Otec, richt\u00e1r mesta, sa v meru\u00f4smych rokoch (ozna\u010duj\u00fa sa takto roky 1848-49, meru je archaick\u00e1 nesklonn\u00e1 \u010d\u00edslovka \u201e\u0161tyridsa\u0165\u201c, meru\u00f4smy je archaick\u00e1 radov\u00e1 \u010d\u00edslovka \u201e\u0161tyridsiaty \u00f4smy\u201c) \u201epresl\u00e1vil\u201c t\u00fdm, \u017ee musel abdikova\u0165 na svoju richt\u00e1rsku funkciu pre zl\u00e9 hospod\u00e1renie mesta a o nie\u010do nesk\u00f4r aj na kreslo v mestskom sen\u00e1te. Zato jeho syn B\u00e9la (Vojtech) bol \u00faspe\u0161nej\u0161\u00edm vo verejnej slu\u017ebe. V roku 1874 sa spom\u00edna ako skalick\u00fd me\u0161\u0165anosta a o \u0161tyri roky u\u017e bol kr\u00e1\u013eovsk\u00fdm verejn\u00fdm not\u00e1rom. Bol \u010dlenom, a v rokoch 1880 a\u017e 1882 a 1883 a\u017e 1885 predsedom, \u0161kolskej stolice Vy\u0161\u0161ej diev\u010denskej \u0161koly. V roku 1883 p\u00f4sobil aj ako fi\u0161k\u00e1l mesta. Aklama\u010dne bol do tejto funkcie zvolen\u00fd 10. 2. 1882 po Antonovi Farka\u0161ovi, ktor\u00fd sp\u00e1chal samovra\u017edu. Pri tejto pr\u00edle\u017eitosti \u017eidovsk\u00e9 noviny Nyitrai Lapok vyzdvihli jeho vlastnosti \u2013 t\u00fcchtiger Beamte, hohe Bildung, reinster Charakter (svedomitos\u0165 v \u00farade, vysok\u00e9 vzdelanie a r\u00fddzi charakter). Od roku 1884 bol B\u00e9la Jozef Buzinkay i\u00a0predsedom kurat\u00f3ria novo zriadenej \u0161t\u00e1tnej \u013eudovej \u0161koly. Na odmenu pre usilovn\u00fdch \u017eiakov tejto \u0161koly daroval jeden zlat\u00fd.<\/p>\n<figure id=\"attachment_4157\" aria-describedby=\"caption-attachment-4157\" style=\"width: 794px\" class=\"wp-caption aligncenter\"><img loading=\"lazy\" decoding=\"async\" class=\"size-full wp-image-4157\" src=\"http:\/\/skalickyobzor.sk\/cms\/wp-content\/uploads\/2021\/01\/sobasny-zaznam-Gejzu-Ruttkay_1887-002.jpg\" alt=\"\" width=\"794\" height=\"173\" srcset=\"http:\/\/skalickyobzor.sk\/cms\/wp-content\/uploads\/2021\/01\/sobasny-zaznam-Gejzu-Ruttkay_1887-002.jpg 794w, http:\/\/skalickyobzor.sk\/cms\/wp-content\/uploads\/2021\/01\/sobasny-zaznam-Gejzu-Ruttkay_1887-002-300x65.jpg 300w, http:\/\/skalickyobzor.sk\/cms\/wp-content\/uploads\/2021\/01\/sobasny-zaznam-Gejzu-Ruttkay_1887-002-768x167.jpg 768w\" sizes=\"auto, (max-width: 794px) 100vw, 794px\" \/><figcaption id=\"caption-attachment-4157\" class=\"wp-caption-text\">Sob\u00e1\u0161ny z\u00e1znam Gejzu Ruttkaya, 1887<\/figcaption><\/figure>\n<p>Dlh\u00e9 roky s\u00faperil na radnici s\u00a0J\u00e1nom Kubom a\u00a0spor vyvrcholil v\u00a0roku 1884, kedy ho v\u00a0debate J\u00e1n Kuba urazil. B\u00e9la Buzinkay nezaprel v\u00a0sebe \u0161\u013eachtick\u00fa krv a\u00a0hne\u010f v\u00a0ten de\u0148 poslal ku Kubovi svojich sekundantov \u2013 hol\u00ed\u010dskeho advok\u00e1ta Dr. Jozefa K\u00e1konyiho a\u00a0Karola Mayera s\u00a0v\u00fdzvou na s\u00faboj. Kuba odmietol a\u00a0podal na Buzinkaya pre t\u00fato v\u00fdzvu udanie (posledn\u00fd historikmi zaznamenan\u00fd pi\u0161to\u013eov\u00fd s\u00faboj uhorsk\u00fdch \u0161\u013eachticov sa uskuto\u010dnil 8. 1. 1881 v\u00a0Pre\u0161ove, pri ktorom zahynul bar\u00f3n Luzsenszky). Mo\u017eno aj v\u010faka tomu, \u017ee sa s\u00faboj neuskuto\u010dnil, v\u00edtal 21. 1. 1885 B\u00e9la Buzinkay za mesto na hraniciach chot\u00e1ra Skalice nitrianskeho \u017eupana a\u00a023. 4. 1890 v\u00a0pokoji zomrel.<\/p>\n<p>Priezvisko vzniklo ako pr\u00edmenie \u0161\u013eachtick\u00e9ho rodu, ktor\u00fd v\u00a0stredoveku vlastnila obec Buzinka. T\u00e1 je dnes s\u00fa\u010das\u0165ou obce \u0160aca. Rod Buzinkay sa nesk\u00f4r roz\u0161\u00edril i\u00a0do \u010fal\u0161\u00edch regi\u00f3nov Slovenska a\u00a0za\u010diatkom 19. storo\u010dia sa usadili Buzinkayovci aj v\u00a0najz\u00e1padnej\u0161om uhorskom slobodnom kr\u00e1\u013eovskom meste Skalici a\u00a0plnohodnotne sa zapojili do spolo\u010densko-politick\u00e9ho \u017eivota mesta.<\/p>\n<p>V\u00a0s\u00fa\u010dasnosti sa priezvisko Buzinkay v\u00a0Skalici nevyskytuje. V\u00a0roku 1995 sa priezvisko na Slovensku nach\u00e1dzalo 54 kr\u00e1t v\u00a019 lokalit\u00e1ch. Najviac nosite\u013eov tohto priezviska \u017eilo v\u00a0Bardejove (14), nasledovali bratislavsk\u00e1 Petr\u017ealka (6), bratislavsk\u00fd Ru\u017einov (4), Ha\u017el\u00edn (3), Ro\u017e\u0148ava (3), Ko\u0161ice (3) a\u00a0bratislavsk\u00e9 \u010dasti Karlova Ves (3) a\u00a0Lama\u010d (3). Priezvisko Buzinkayov\u00e1 na Slovensku nosilo 53 jeho obyvateliek v\u00a017 lokalit\u00e1ch. Najviac nositeliek priezviska \u017eilo v\u00a0Bardejove (16), nasledovali Ha\u017el\u00edn (5), bratislavsk\u00e1 Petr\u017ealka (5), Jarovnice (4), bratislavsk\u00e9 \u010dasti Ru\u017einov (3) a\u00a0Karlova Ves (3).<\/p>\n<p><em>Mgr. Vladim\u00edr Petrovi\u010d,<\/em><br \/>\n<em>geneal\u00f3g a\u00a0historik<\/em><\/p>\n","protected":false},"excerpt":{"rendered":"<div class=\"mh-excerpt\"><p>V\u00a0decembrovom \u010d\u00edsle sme uverejnili prv\u00e9 dva pr\u00edbehy zauj\u00edmav\u00fdch post\u00e1v a\u00a0postavi\u010diek skalickej hist\u00f3rie, ktor\u00e9 sa objavovali v\u00a0najr\u00f4znej\u0161\u00edch s\u00favislostiach v\u00a0arch\u00edvoch a\u00a0predov\u0161etk\u00fdm v\u00a0rukopisoch prof. ThDr. Jozefa \u0160\u00e1tka. Dnes vraciame na svetlo sveta osudy skalick\u00e9ho obuvn\u00edka J\u00e1na Kr\u00ed\u017ea, schudobnen\u00e9ho <a class=\"mh-excerpt-more\" href=\"http:\/\/skalickyobzor.sk\/cms\/skalicke-priezviska-ix-dalsi-ludkovia-ukryti-v-archivoch\/\" title=\"Skalick\u00e9 priezvisk\u00e1 IX &#8211; \u010eal\u0161\u00ed \u013eudkovia ukryt\u00ed v arch\u00edvoch Kr\u00ed\u017e, Ruttkay, Buzinkay\">[&#8230;]<\/a><\/p>\n<\/div>","protected":false},"author":48,"featured_media":17,"comment_status":"closed","ping_status":"closed","sticky":false,"template":"","format":"standard","meta":{"footnotes":""},"categories":[25],"tags":[],"class_list":{"0":"post-4156","1":"post","2":"type-post","3":"status-publish","4":"format-standard","5":"has-post-thumbnail","7":"category-skalicke-priezviska"},"_links":{"self":[{"href":"http:\/\/skalickyobzor.sk\/cms\/wp-json\/wp\/v2\/posts\/4156","targetHints":{"allow":["GET"]}}],"collection":[{"href":"http:\/\/skalickyobzor.sk\/cms\/wp-json\/wp\/v2\/posts"}],"about":[{"href":"http:\/\/skalickyobzor.sk\/cms\/wp-json\/wp\/v2\/types\/post"}],"author":[{"embeddable":true,"href":"http:\/\/skalickyobzor.sk\/cms\/wp-json\/wp\/v2\/users\/48"}],"replies":[{"embeddable":true,"href":"http:\/\/skalickyobzor.sk\/cms\/wp-json\/wp\/v2\/comments?post=4156"}],"version-history":[{"count":4,"href":"http:\/\/skalickyobzor.sk\/cms\/wp-json\/wp\/v2\/posts\/4156\/revisions"}],"predecessor-version":[{"id":4207,"href":"http:\/\/skalickyobzor.sk\/cms\/wp-json\/wp\/v2\/posts\/4156\/revisions\/4207"}],"wp:featuredmedia":[{"embeddable":true,"href":"http:\/\/skalickyobzor.sk\/cms\/wp-json\/wp\/v2\/media\/17"}],"wp:attachment":[{"href":"http:\/\/skalickyobzor.sk\/cms\/wp-json\/wp\/v2\/media?parent=4156"}],"wp:term":[{"taxonomy":"category","embeddable":true,"href":"http:\/\/skalickyobzor.sk\/cms\/wp-json\/wp\/v2\/categories?post=4156"},{"taxonomy":"post_tag","embeddable":true,"href":"http:\/\/skalickyobzor.sk\/cms\/wp-json\/wp\/v2\/tags?post=4156"}],"curies":[{"name":"wp","href":"https:\/\/api.w.org\/{rel}","templated":true}]}}