{"id":4160,"date":"2021-01-16T22:06:02","date_gmt":"2021-01-16T21:06:02","guid":{"rendered":"http:\/\/skalickyobzor.sk\/cms\/?p=4160"},"modified":"2021-01-16T23:16:22","modified_gmt":"2021-01-16T22:16:22","slug":"antonio-srholec-vzdoruje-casu","status":"publish","type":"post","link":"http:\/\/skalickyobzor.sk\/cms\/antonio-srholec-vzdoruje-casu\/","title":{"rendered":"Ant\u00f3nio Srholec vzdoruje \u010dasu"},"content":{"rendered":"<p>D\u0148a 7. janu\u00e1ra 2021 uplynulo u\u017e p\u00e4\u0165 rokov od odchodu ve\u013ek\u00e9ho Skali\u010dana, bohoslovca, filantropa a bojovn\u00edka za slobodu Antona Srholca.<\/p>\n<p>Okrem spomienok v\u00a0mysliach dlh\u00e9ho z\u00e1stupu jeho priate\u013eov a\u00a0obdivovate\u013eov ostalo po \u0148om na svete obrovsk\u00e9 mno\u017estvo my\u0161lienok, ktor\u00e9 bez oh\u013eadu na ubiehaj\u00faci \u010das je st\u00e1le rovnako m\u00fadre, pravdiv\u00e9 a\u00a0in\u0161pirat\u00edvne. Jednu si neust\u00e1le pripom\u00edname v\u00a0z\u00e1hlav\u00ed n\u00e1\u0161ho Obzoru a\u00a0je mottom na\u0161ich nov\u00edn. Z\u00a0mno\u017estva in\u00fdch jednu vyber\u00e1me a\u00a0uverej\u0148ujeme. V\u010faka jeho my\u0161lienkam sa stal jedn\u00fdm z\u00a0\u013eud\u00ed, ktor\u00ed zost\u00e1vaj\u00fa nav\u017edy medzi nami.<\/p>\n<p><a href=\"http:\/\/skalickyobzor.sk\/cms\/wp-content\/uploads\/2021\/01\/srholec-dennik-1985.jpg\"><img loading=\"lazy\" decoding=\"async\" class=\"aligncenter wp-image-4162 size-full\" src=\"http:\/\/skalickyobzor.sk\/cms\/wp-content\/uploads\/2021\/01\/srholec-dennik-1985.jpg\" alt=\"\" width=\"1117\" height=\"269\" srcset=\"http:\/\/skalickyobzor.sk\/cms\/wp-content\/uploads\/2021\/01\/srholec-dennik-1985.jpg 1117w, http:\/\/skalickyobzor.sk\/cms\/wp-content\/uploads\/2021\/01\/srholec-dennik-1985-300x72.jpg 300w, http:\/\/skalickyobzor.sk\/cms\/wp-content\/uploads\/2021\/01\/srholec-dennik-1985-1024x247.jpg 1024w, http:\/\/skalickyobzor.sk\/cms\/wp-content\/uploads\/2021\/01\/srholec-dennik-1985-768x185.jpg 768w\" sizes=\"auto, (max-width: 1117px) 100vw, 1117px\" \/><\/a><\/p>\n","protected":false},"excerpt":{"rendered":"<div class=\"mh-excerpt\"><p>D\u0148a 7. janu\u00e1ra 2021 uplynulo u\u017e p\u00e4\u0165 rokov od odchodu ve\u013ek\u00e9ho Skali\u010dana, bohoslovca, filantropa a bojovn\u00edka za slobodu Antona Srholca. Okrem spomienok v\u00a0mysliach dlh\u00e9ho z\u00e1stupu jeho priate\u013eov a\u00a0obdivovate\u013eov ostalo po \u0148om na svete obrovsk\u00e9 mno\u017estvo <a class=\"mh-excerpt-more\" href=\"http:\/\/skalickyobzor.sk\/cms\/antonio-srholec-vzdoruje-casu\/\" title=\"Ant\u00f3nio Srholec vzdoruje \u010dasu\">[&#8230;]<\/a><\/p>\n<\/div>","protected":false},"author":1,"featured_media":4161,"comment_status":"closed","ping_status":"closed","sticky":false,"template":"","format":"standard","meta":{"footnotes":""},"categories":[10],"tags":[],"class_list":{"0":"post-4160","1":"post","2":"type-post","3":"status-publish","4":"format-standard","5":"has-post-thumbnail","7":"category-zaujalo-nas"},"_links":{"self":[{"href":"http:\/\/skalickyobzor.sk\/cms\/wp-json\/wp\/v2\/posts\/4160","targetHints":{"allow":["GET"]}}],"collection":[{"href":"http:\/\/skalickyobzor.sk\/cms\/wp-json\/wp\/v2\/posts"}],"about":[{"href":"http:\/\/skalickyobzor.sk\/cms\/wp-json\/wp\/v2\/types\/post"}],"author":[{"embeddable":true,"href":"http:\/\/skalickyobzor.sk\/cms\/wp-json\/wp\/v2\/users\/1"}],"replies":[{"embeddable":true,"href":"http:\/\/skalickyobzor.sk\/cms\/wp-json\/wp\/v2\/comments?post=4160"}],"version-history":[{"count":2,"href":"http:\/\/skalickyobzor.sk\/cms\/wp-json\/wp\/v2\/posts\/4160\/revisions"}],"predecessor-version":[{"id":4164,"href":"http:\/\/skalickyobzor.sk\/cms\/wp-json\/wp\/v2\/posts\/4160\/revisions\/4164"}],"wp:featuredmedia":[{"embeddable":true,"href":"http:\/\/skalickyobzor.sk\/cms\/wp-json\/wp\/v2\/media\/4161"}],"wp:attachment":[{"href":"http:\/\/skalickyobzor.sk\/cms\/wp-json\/wp\/v2\/media?parent=4160"}],"wp:term":[{"taxonomy":"category","embeddable":true,"href":"http:\/\/skalickyobzor.sk\/cms\/wp-json\/wp\/v2\/categories?post=4160"},{"taxonomy":"post_tag","embeddable":true,"href":"http:\/\/skalickyobzor.sk\/cms\/wp-json\/wp\/v2\/tags?post=4160"}],"curies":[{"name":"wp","href":"https:\/\/api.w.org\/{rel}","templated":true}]}}