{"id":4187,"date":"2021-01-16T23:32:25","date_gmt":"2021-01-16T22:32:25","guid":{"rendered":"http:\/\/skalickyobzor.sk\/cms\/?p=4187"},"modified":"2021-02-17T16:48:11","modified_gmt":"2021-02-17T15:48:11","slug":"mili-priaznivci-skalickeho-obzoru-2","status":"publish","type":"post","link":"http:\/\/skalickyobzor.sk\/cms\/mili-priaznivci-skalickeho-obzoru-2\/","title":{"rendered":"OZNAM &#8211; Mil\u00ed priaznivci Skalick\u00e9ho Obzoru!"},"content":{"rendered":"<p>Ur\u010dite ste si v\u0161imli, \u017ee decembrov\u00e9 i toto janu\u00e1rov\u00e9 \u010d\u00edslo Skalick\u00e9ho Obzoru sa k v\u00e1m dostalo so zna\u010dn\u00fdm oneskoren\u00edm. Aj na n\u00e1s sa toti\u017e podp\u00edsala n\u00e1ro\u010dn\u00e1 situ\u00e1cia minul\u00e9ho roku a\u00a0op\u00e4\u0165 sa potvrdilo, \u017ee \u201ev\u0161etko je inak\u201c. Komplik\u00e1cie sa nevyhli ani mne osobne. S\u00fa\u010dasne pri\u0161li zdravotn\u00e9 \u0165a\u017ekosti a\u00a0ako keby to nesta\u010dilo, tak i\u00a0strata v\u0161etk\u00fdch d\u00e1t Obzoru nielen z\u00a0arch\u00edvu, ale aj pripravovan\u00fdch vydan\u00ed. V\u00a0t\u00fdch chv\u00ed\u013each si \u010dlovek e\u0161te viac uvedom\u00ed, \u017ee s\u00e1m nezvl\u00e1dne ni\u010d. I\u00a0ke\u010f vyd\u00e1vanie a\u00a0organiz\u00e1cia Obzoru je na mojich pleciach, nie som na to na\u0161\u0165astie sama. M\u00e1m v\u00f4kol seba \u013eud\u00ed, bez ktor\u00fdch by Obzor nebol t\u00fdm, ako sami hovor\u00edte, ka\u017edomesa\u010dn\u00fdm pote\u0161en\u00edm, na ktor\u00e9 \u010dak\u00e1te.<\/p>\n<p>Nie som fan\u00fa\u0161ikom oskarov\u00fdch \u010fakova\u010diek, d\u00e1vam prednos\u0165 osobn\u00e9mu po\u010fakovaniu v s\u00fakrom\u00ed. Tentokr\u00e1t v\u0161ak urob\u00edm v\u00fdnimku. A mo\u017eno v\u010faka tomu s\u00fa\u010dasne nazriete viac do z\u00e1kulisia toho, ako v\u00e1\u0161 Obzor vznik\u00e1. Pri vydan\u00ed prv\u00e9ho \u010d\u00edsla Obzoru v\u00a0roku 2017 sa zjavila vo dver\u00e1ch ako dobr\u00e1 \u201esudi\u010dka\u201c Obzoru Evi\u010dka Fordin\u00e1lov\u00e1. Od tej chv\u00edle kr\u00e1\u010da st\u00e1le pri mne a\u00a0v\u017edy, ke\u010f sa ocitnem na r\u00e1zcest\u00ed, alebo m\u00e1m slab\u00fa chv\u00ed\u013eku, po\u010dujem v\u00a0sebe to jej \u201eMus\u00ed\u0161 &#8230;, m\u00e1 to zmyslel &#8230;\u201c, ktor\u00e9 ma v\u017edy postav\u00ed na nohy a\u00a0dod\u00e1 mi energiu \u00eds\u0165 \u010falej. \u010eakujem za mor\u00e1lnu podporu.<\/p>\n<p>\u010eakujem dvom osob\u00e1m, neodmyslite\u013ene spojen\u00fdm s\u00a0Obzorom \u2013 Ive Bukvovej a\u00a0Stanovi Bellanovi. Stanovi za v\u00fdborn\u00e9 spracovanie t\u00e9m a\u00a0edit\u00e1ciu \u010dl\u00e1nkov od na\u0161ich prispievate\u013eov, pani Ive za gramatick\u00fa korekt\u00faru cel\u00fdch nov\u00edn. Moje po\u010fakovanie im patr\u00ed za ich odborn\u00fa pr\u00e1cu, v\u010faka ktorej m\u00e1 Obzor kvalitu a\u00a0\u00farove\u0148, za ktor\u00fa bol ocenen\u00fd Zlatou pe\u010da\u0165ou, ale aj za ve\u013ek\u00fa \u00fastretovos\u0165 a\u00a0ich \u010dlove\u010d\u00ed pr\u00edstup nielen ku mne, ale aj k\u00a0prispievate\u013eom.<\/p>\n<p>Celej redak\u010dnej rade \u010fakujem za odborn\u00e9 rady a\u00a0pomoc. Ve\u013ea som sa nau\u010dila a\u00a0aj ke\u010f som mo\u017eno niekedy tvrdohlav\u00e1 \u017eia\u010dka, ver\u00edm, \u017ee sa e\u0161te ve\u013ea nau\u010d\u00edm.<\/p>\n<p>V\u00a0rade t\u00fdch, ktor\u00fdm \u010fakujem, s\u00fa, samozrejme, i\u00a0pracovn\u00edci Z\u00e1padotla\u010de, kde prich\u00e1dza Obzor na svet vo svojej tla\u010denej podobe \u2013 od ved\u00faceho v\u00fdroby, cez grafi\u010dku Milku Smykov\u00fa, ktor\u00e1 ka\u017ed\u00e9 \u010d\u00edslo zalamuje, tla\u010diarov, knih\u00e1rov a\u017e po pracovn\u00ed\u010dky v\u00a0administrat\u00edve. Tie\u017e, predov\u0161etk\u00fdm aj v\u00a0mene mlad\u0161\u00edch \u010ditate\u013eov, \u010fakujem Patrikovi Masarykovi, ktor\u00fd vytv\u00e1ra elektronick\u00fa verziu Obzoru na samostatnej webovej str\u00e1nke.<\/p>\n<p>Moje po\u010fakovanie tie\u017e patr\u00ed v\u0161etk\u00fdm \u013eu\u010fom, ktor\u00ed sa bez\u00faplatne staraj\u00fa o\u00a0dostupnos\u0165 Obzoru na distribu\u010dn\u00fdch miestach, od pan\u00ed st\u00e1nkarok a\u017e po pracovn\u00ed\u010dky mesta z\u00a0podate\u013ene, TIKu a\u00a0Mestskej kni\u017enice, v\u010faka ktor\u00fdm sa v\u00fdtla\u010dky dostan\u00fa a\u017e k\u00a0v\u00e1m, \u010ditate\u013eom.<\/p>\n<p>Najd\u00f4le\u017eitej\u0161ie v\u0161ak na koniec: moje po\u010fakovanie (ale aj po\u010fakovanie \u010ditate\u013eov) patr\u00ed predov\u0161etk\u00fdm prispievate\u013eom, ktor\u00ed ka\u017ed\u00e9 \u010d\u00edslo nap\u013a\u0148aj\u00fa pr\u00edbehmi. Nielen t\u00fdm pravideln\u00fdm, ku ktor\u00fdm patria autori Eva Fordin\u00e1lov\u00e1, Pavol Dinka, Milan Tom\u0161ej, Anton Dinka st., Vladim\u00edr Petrovi\u010d, anket\u00e1rka Anabele Buchov\u00e1, v\u00fdtvarn\u00edk \u0160tefan Zaj\u00ed\u010dek, fotograf J\u00e1n Pardubsk\u00fd, ale tie\u017e v\u00e1m, Skali\u010danom, ktor\u00ed n\u00e1m posielate svoje spomienky, poh\u013eady na r\u00f4zne t\u00e9my, spr\u00e1vy zo \u017eivota n\u00e1\u0161ho mesta, \u010di svedectv\u00e1 o\u00a0vz\u0165ahu k\u00a0nemu. Bez v\u00e1s by bol Obzor zv\u00e4zkom pr\u00e1zdnych str\u00e1n. Bez v\u00e1s by nebol Obzor Obzorom. \u010eakujem za va\u0161u ochotu podeli\u0165 sa s\u00a0nami o\u00a0va\u0161e vn\u00fatro.<\/p>\n<p>Toto po\u010fakovanie s\u00fa\u010dasne vyu\u017eijem ako povzbudenie pre v\u00e1s, ktor\u00ed e\u0161te len uva\u017eujete o\u00a0prispievan\u00ed, no zatia\u013e v\u00e1hate. \u010casto po\u010dujem \u201eja by som nap\u00edsal, ale neviem p\u00edsa\u0165\u201c. Av\u0161ak nie je to tak, p\u00edsa\u0165 predsa vieme v\u0161etci. P\u00edsanie je pre n\u00e1s sam\u00fdch obohacuj\u00faci proces, v\u010faka nemu sa ponor\u00edme do svojho vn\u00fatra, podel\u00edme sa o\u00a0svoje my\u0161lienky a\u00a0mo\u017eno si aj trochu upraceme. \u0160tyliz\u00e1ciu a\u00a0gramatiku s\u00a0d\u00f4verou m\u00f4\u017eete necha\u0165 na na\u0161ich editorov a\u00a0korektorov, ktor\u00ed citlivo va\u0161e pr\u00edspevky vyladia a\u00a0nechaj\u00fa v\u00a0nich va\u0161u du\u0161u. So v\u0161etk\u00fdm v\u00e1m dok\u00e1\u017eeme pom\u00f4c\u0165, no to najvz\u00e1cnej\u0161ie pre Obzor je to, \u010do chcete poveda\u0165 ostatn\u00fdm, a\u00a0to za v\u00e1s urobi\u0165 nedok\u00e1\u017eeme. Isto m\u00e1te z\u00e1\u017eitky s\u00a0osobnos\u0165ami Skalice alebo ten svoj ob\u013e\u00faben\u00fd strom, ku ktor\u00e9mu sa via\u017eu va\u0161e pr\u00edbehy a\u00a0spomienky, \u010di in\u00fa t\u00e9mu, o\u00a0ktor\u00fa by ste sa radi podelili, tak sa odv\u00e1\u017ete a\u00a0nap\u00ed\u0161te n\u00e1m do redakcie, pote\u0161\u00edte a\u00a0obohat\u00edte nielen n\u00e1s, ale aj \u010ditate\u013eov. Na za\u010diatku som spom\u00ednala, \u017ee sme, ak\u00fdmsi z\u00e1sahom nevyspytate\u013enej techniky, stratili d\u00e1ta Obzoru a\u00a0medzi nimi i\u00a0pr\u00edspevky, ktor\u00e9 u\u017e mali svoju kone\u010dn\u00fa podobu, no e\u0161te len \u010dakali na svoj spr\u00e1vny \u010das na uverejnenie. Pros\u00edme v\u00e1s, autorov, o\u00a0op\u00e4tovn\u00e9 zaslanie pr\u00edspevkov. Po\u010d\u00edtame s\u00a0nimi a\u00a0nechceme o\u00a0ne pripravi\u0165 ani na\u0161ich \u010ditate\u013eov. Aj v\u00e1m \u010fakujem, za spolupr\u00e1cu i\u00a0za pochopenie.<\/p>\n<p><strong>E\u0161te st\u00e1le sa len rozbieha nov\u00fd rok a\u00a0po udalostiach z\u00a0konca toho minul\u00e9ho za\u010d\u00ednam doslova od za\u010diatku. A\u00a0tak symbolicky, ako za straten\u00fdmi d\u00e1tami, zatv\u00e1ram br\u00e1nu aj za rokom 2020 a\u00a0za\u010d\u00ednam s\u00a0\u010dist\u00fdm nepop\u00edsan\u00fdm listom, ktor\u00fd m\u00e1 v\u00a0z\u00e1hlav\u00ed rok 2021. Ver\u00edm, \u017ee ho pop\u00ed\u0161eme spolu, my\u0161lienkami, ktor\u00e9 n\u00e1m otvoria nov\u00e9 obzory, ktor\u00e9 n\u00e1s don\u00fatia k\u00a0zamysleniu, ale i\u00a0pr\u00edbehmi o\u00a0tom, ako to nakoniec skuto\u010dne bolo. Okrem toho, \u017ee n\u00e1s v\u0161etk\u00fdch pote\u0161ia, nezab\u00fadajme, \u017ee \u010dasom sa aj ony stan\u00fa odrazom na\u0161ej doby a\u00a0roku 2021.<\/strong><\/p>\n<p>&nbsp;<\/p>\n<p><em>Vydavate\u013eka \u017delm\u00edra Mach\u00e1\u010dkov\u00e1<\/em><\/p>\n","protected":false},"excerpt":{"rendered":"<div class=\"mh-excerpt\"><p>Ur\u010dite ste si v\u0161imli, \u017ee decembrov\u00e9 i toto janu\u00e1rov\u00e9 \u010d\u00edslo Skalick\u00e9ho Obzoru sa k v\u00e1m dostalo so zna\u010dn\u00fdm oneskoren\u00edm. Aj na n\u00e1s sa toti\u017e podp\u00edsala n\u00e1ro\u010dn\u00e1 situ\u00e1cia minul\u00e9ho roku a\u00a0op\u00e4\u0165 sa potvrdilo, \u017ee \u201ev\u0161etko je <a class=\"mh-excerpt-more\" href=\"http:\/\/skalickyobzor.sk\/cms\/mili-priaznivci-skalickeho-obzoru-2\/\" title=\"OZNAM &#8211; Mil\u00ed priaznivci Skalick\u00e9ho Obzoru!\">[&#8230;]<\/a><\/p>\n<\/div>","protected":false},"author":2,"featured_media":17,"comment_status":"closed","ping_status":"closed","sticky":false,"template":"","format":"standard","meta":{"footnotes":""},"categories":[21],"tags":[],"class_list":{"0":"post-4187","1":"post","2":"type-post","3":"status-publish","4":"format-standard","5":"has-post-thumbnail","7":"category-oznamy"},"_links":{"self":[{"href":"http:\/\/skalickyobzor.sk\/cms\/wp-json\/wp\/v2\/posts\/4187","targetHints":{"allow":["GET"]}}],"collection":[{"href":"http:\/\/skalickyobzor.sk\/cms\/wp-json\/wp\/v2\/posts"}],"about":[{"href":"http:\/\/skalickyobzor.sk\/cms\/wp-json\/wp\/v2\/types\/post"}],"author":[{"embeddable":true,"href":"http:\/\/skalickyobzor.sk\/cms\/wp-json\/wp\/v2\/users\/2"}],"replies":[{"embeddable":true,"href":"http:\/\/skalickyobzor.sk\/cms\/wp-json\/wp\/v2\/comments?post=4187"}],"version-history":[{"count":2,"href":"http:\/\/skalickyobzor.sk\/cms\/wp-json\/wp\/v2\/posts\/4187\/revisions"}],"predecessor-version":[{"id":4308,"href":"http:\/\/skalickyobzor.sk\/cms\/wp-json\/wp\/v2\/posts\/4187\/revisions\/4308"}],"wp:featuredmedia":[{"embeddable":true,"href":"http:\/\/skalickyobzor.sk\/cms\/wp-json\/wp\/v2\/media\/17"}],"wp:attachment":[{"href":"http:\/\/skalickyobzor.sk\/cms\/wp-json\/wp\/v2\/media?parent=4187"}],"wp:term":[{"taxonomy":"category","embeddable":true,"href":"http:\/\/skalickyobzor.sk\/cms\/wp-json\/wp\/v2\/categories?post=4187"},{"taxonomy":"post_tag","embeddable":true,"href":"http:\/\/skalickyobzor.sk\/cms\/wp-json\/wp\/v2\/tags?post=4187"}],"curies":[{"name":"wp","href":"https:\/\/api.w.org\/{rel}","templated":true}]}}