{"id":4256,"date":"2021-02-16T13:10:32","date_gmt":"2021-02-16T12:10:32","guid":{"rendered":"http:\/\/skalickyobzor.sk\/cms\/?p=4256"},"modified":"2021-02-16T13:48:09","modified_gmt":"2021-02-16T12:48:09","slug":"zapomenuti-skalican","status":"publish","type":"post","link":"http:\/\/skalickyobzor.sk\/cms\/zapomenuti-skalican\/","title":{"rendered":"Zapomenut\u00ed Skali\u010dan &#8230;"},"content":{"rendered":"<p>\u010casto sa mje v\u00a0\u017eivo\u0165e stalo, \u017ee sem sa stret\u00e9l s\u00a0\u010dlovjekem, ker\u00ed sa naro\u010fil ve Skalici a\u00a0hl\u00e1sil sa k\u00a0temu. Takov\u00e9 \u0161\u0165es\u0165\u00ed sem mjel aj ten de\u0148, ket sem sa spoznal z\u00a0obi\u010dajn\u00edm, jednoduch\u00edm p\u00e1nem kaplanem v\u00a0\u010fe\u010fince B\u00ed\u0148ovce trnafsk\u00e9ho okresu.<\/p>\n<p>Jak k\u00a0temu do\u0161lo?<\/p>\n<p>Moja man\u017eelka Terka z tejto \u010fe\u010finki poch\u00e1z\u00e1 a v roku 1961 do\u0161la robit do skalickej nemoc\u0148ice jak \u010feck\u00e1 sestri\u010dka. Po nejakem \u010dasi sem naf\u0161\u0165\u00edvil jej\u00ed ro\u010fi\u010d\u00fa a do\u0161lo na re\u010d, odk\u00e1t su a mami\u010dka rekli, \u017ee mi tu m\u00e1me Skali\u010dana p\u00e1na kaplanka. Dozvje\u010fel sem sa, \u017ee z jeho sestr\u00fa, tetk\u00fa Mark\u00fa Hrankov\u00fa sa velice dobre pozn\u00e1m. A tak sem aj p\u00e1na kaplanka, jak mu r\u00edkali v \u010fe\u010fine, s Terk\u00fa aj naf\u0161\u0165\u00edv\u00edl. Se\u010feli v malej ku\u0165ici ze zastr\u00edt\u00edm oknem na stoli\u010dce a modlili sa. Terezka ich oslovila a aj f pr\u00edtm\u00ed ju hned poznali podl\u00e9 hlasu. Tak sem sa poprv\u0148\u00ed stretel s d\u00fastojn\u00edm p\u00e1nem kaplanem v B\u00ed\u0148ovc\u00e1ch, J\u00e1nom Hr\u00e1nkom. Ve skratce je o \u0148em nap\u00edsan\u00e9 f k\u0148i\u017ece \u013dudov\u00edta Ko\u0161\u00edka K\u0148a\u017esk\u00e9 osobnosti Skalice. J\u00e1 scu ale popovidat o skromn\u00e9m \u010dlovjeku, ker\u00ed cel\u00ed sv\u00faj \u017eivot zasvje\u0165il Bohu a lu\u010fom. Pre\u0161el v\u00edcer\u00edma farnos\u0165ama a do B\u00ed\u0148oviec do\u0161el u\u0161 f penziji v roku 1929. Pastora\u010d\u0148\u00ed \u010dinos\u0165 ale vikon\u00e1val. Prv\u0148\u00ed jeho ot\u00e1ska bila \u010d\u00ed su chlapec ze Skalice? Ket sem odpovje\u010fel, \u017ee maminka je Borka, ro\u010fen\u00e1 Kadle\u010d\u00edkov\u00e1, hned vje\u010fel o ker\u00fa ro\u010finu ide. Potom sme trochu pospom\u00ednali na Skalicu a jeho ro\u010finu. Z vipr\u00e1vja\u0148\u00e1 moj\u00e9j svokri a\u00a0mojej \u017eeni a\u00a0z\u00a0jejich spom\u00ednek v\u00e1m scu neco povipr\u00e1vjat.<\/p>\n<figure id=\"attachment_4258\" aria-describedby=\"caption-attachment-4258\" style=\"width: 472px\" class=\"wp-caption aligncenter\"><a href=\"http:\/\/skalickyobzor.sk\/cms\/wp-content\/uploads\/2021\/02\/jan-hranek.jpg\"><img loading=\"lazy\" decoding=\"async\" class=\"wp-image-4258\" src=\"http:\/\/skalickyobzor.sk\/cms\/wp-content\/uploads\/2021\/02\/jan-hranek.jpg\" alt=\"\" width=\"472\" height=\"784\" srcset=\"http:\/\/skalickyobzor.sk\/cms\/wp-content\/uploads\/2021\/02\/jan-hranek.jpg 630w, http:\/\/skalickyobzor.sk\/cms\/wp-content\/uploads\/2021\/02\/jan-hranek-181x300.jpg 181w, http:\/\/skalickyobzor.sk\/cms\/wp-content\/uploads\/2021\/02\/jan-hranek-617x1024.jpg 617w\" sizes=\"auto, (max-width: 472px) 100vw, 472px\" \/><\/a><figcaption id=\"caption-attachment-4258\" class=\"wp-caption-text\">Arch\u00edv: Anton Dinka<\/figcaption><\/figure>\n<p>P\u00e1n kaplan b\u00edvali f podn\u00e1jmje u lu\u010f\u00ed, ker\u00ed mjeli m\u00edsto a tak sa vjeckr\u00e1t s\u0165ehovali. Nemjeli f\u00e1ru a a\u0148i kucharku, proto im d\u00e1vali \u00eddlo m\u00edst\u0148\u00ed \u017eeni a ro\u010fini. Moja Terka im od \u010fectva nos\u00edvala objedi a ve\u010dere. Posa\u010fili ju na stoli\u010dku, nech si odpo\u010dine a lep\u0161\u00ed k\u00faski masa vibrali a dali \u00ed jest. Aj f tem bil skromn\u00ed a dobrosrde\u010dn\u00ed, \u0161ak f tich rokoch, po druhej voj\u0148e, lud\u00e9 na \u010fe\u010fine teho moc nemjeli. Tak im Terka posluhovala a\u017e do tej dobi, ne\u0161 ode\u0161la do Skalice. P\u00e1n kaplan bili \u010dlovjek, ker\u00ed vje\u010feli lu\u010fom pora\u010fit a uis\u0165ovali ich, \u017ee Boh je f\u0161adi a aj ket v ne\u010felu nemo\u017e\u00fa doj\u00edt do kostela, nech sa pomodl\u00e1 doma. Ked im Terezka povidala, \u017ee sa nebude sob\u00e1\u0161it f kosteli, tak ju ujis\u0165ili, \u017ee to ne\u0148i hr\u00edch, ket sa m\u00e1me r\u00e1\u010fi, p\u00e1n to vi\u010f\u00ed a\u00a0po\u017eehn\u00e1 n\u00e1m a\u00a0rekli, \u017ee s\u00fa r\u00e1d, ked si bere Skali\u010dana. P\u00e1n kaplan bili aj velice f\u0165ipn\u00ed \u010dlovjek. Chlapi na \u010fe\u010fine \u010dasto st\u00e1vali prede dverma do kostela a\u00a0tam po\u0165ichu rozeb\u00edrali vjeci, ker\u00e9 ich napadli. P\u00e1n kaplan ich ner\u00e1z upozor\u0148ili: &#8222;Zavrite ti dvera, lebo je pr\u00favan.&#8220; Cel\u00ed \u017eivot vipr\u00e1vjali a\u00a0aj f kosteli k\u00e1zali po skalicki.<\/p>\n<p>Far\u0148\u00edci im na cinteri v B\u00ed\u0148ovc\u00e1ch dali u\u010felat pjekn\u00fd hrob s kr\u00ed\u017eem, a mi tam ka\u017ed\u00ed rok cho\u010f\u00edme zap\u00e1lit sv\u00ed\u010dku a dat ki\u0165i\u010dku.<\/p>\n","protected":false},"excerpt":{"rendered":"<div class=\"mh-excerpt\"><p>\u010casto sa mje v\u00a0\u017eivo\u0165e stalo, \u017ee sem sa stret\u00e9l s\u00a0\u010dlovjekem, ker\u00ed sa naro\u010fil ve Skalici a\u00a0hl\u00e1sil sa k\u00a0temu. Takov\u00e9 \u0161\u0165es\u0165\u00ed sem mjel aj ten de\u0148, ket sem sa spoznal z\u00a0obi\u010dajn\u00edm, jednoduch\u00edm p\u00e1nem kaplanem v\u00a0\u010fe\u010fince B\u00ed\u0148ovce <a class=\"mh-excerpt-more\" href=\"http:\/\/skalickyobzor.sk\/cms\/zapomenuti-skalican\/\" title=\"Zapomenut\u00ed Skali\u010dan &#8230;\">[&#8230;]<\/a><\/p>\n<\/div>","protected":false},"author":12,"featured_media":17,"comment_status":"closed","ping_status":"closed","sticky":false,"template":"","format":"standard","meta":{"footnotes":""},"categories":[4],"tags":[],"class_list":{"0":"post-4256","1":"post","2":"type-post","3":"status-publish","4":"format-standard","5":"has-post-thumbnail","7":"category-ja-su-ze-skalice"},"_links":{"self":[{"href":"http:\/\/skalickyobzor.sk\/cms\/wp-json\/wp\/v2\/posts\/4256","targetHints":{"allow":["GET"]}}],"collection":[{"href":"http:\/\/skalickyobzor.sk\/cms\/wp-json\/wp\/v2\/posts"}],"about":[{"href":"http:\/\/skalickyobzor.sk\/cms\/wp-json\/wp\/v2\/types\/post"}],"author":[{"embeddable":true,"href":"http:\/\/skalickyobzor.sk\/cms\/wp-json\/wp\/v2\/users\/12"}],"replies":[{"embeddable":true,"href":"http:\/\/skalickyobzor.sk\/cms\/wp-json\/wp\/v2\/comments?post=4256"}],"version-history":[{"count":4,"href":"http:\/\/skalickyobzor.sk\/cms\/wp-json\/wp\/v2\/posts\/4256\/revisions"}],"predecessor-version":[{"id":4261,"href":"http:\/\/skalickyobzor.sk\/cms\/wp-json\/wp\/v2\/posts\/4256\/revisions\/4261"}],"wp:featuredmedia":[{"embeddable":true,"href":"http:\/\/skalickyobzor.sk\/cms\/wp-json\/wp\/v2\/media\/17"}],"wp:attachment":[{"href":"http:\/\/skalickyobzor.sk\/cms\/wp-json\/wp\/v2\/media?parent=4256"}],"wp:term":[{"taxonomy":"category","embeddable":true,"href":"http:\/\/skalickyobzor.sk\/cms\/wp-json\/wp\/v2\/categories?post=4256"},{"taxonomy":"post_tag","embeddable":true,"href":"http:\/\/skalickyobzor.sk\/cms\/wp-json\/wp\/v2\/tags?post=4256"}],"curies":[{"name":"wp","href":"https:\/\/api.w.org\/{rel}","templated":true}]}}