{"id":4277,"date":"2021-02-16T13:08:43","date_gmt":"2021-02-16T12:08:43","guid":{"rendered":"http:\/\/skalickyobzor.sk\/cms\/?p=4277"},"modified":"2021-02-17T16:45:09","modified_gmt":"2021-02-17T15:45:09","slug":"vyzva-pribehy-s-covidom","status":"publish","type":"post","link":"http:\/\/skalickyobzor.sk\/cms\/vyzva-pribehy-s-covidom\/","title":{"rendered":"V\u00ddZVA TRVAL\u00c1 &#8211; Pr\u00edbehy s Covidom"},"content":{"rendered":"<p style=\"text-align: center;\">Ka\u017ed\u00e1 minca m\u00e1 dve strany, aj v\u00edrusov\u00e1 situ\u00e1cia. M\u00e1te aj vy svoje vlastn\u00e9 pr\u00edbehy o\u00a0tom, ako a\u017e podivne pozit\u00edvne zasiahol v\u00edrus do v\u00e1\u0161ho \u017eivota? Pros\u00edme, pode\u013ete sa s\u00a0nami prostredn\u00edctvom Skalick\u00e9ho Obzoru.<\/p>\n<p style=\"text-align: center;\">Ch\u00e1peme, \u017ee tieto pr\u00edbehy s\u00fa ve\u013emi osobn\u00e9 a\u00a0preto ich (ak budete chcie\u0165) v\u00fdnimo\u010dne, po \u00faprave, uverejn\u00edme bez uvedenia mena prispievate\u013ea.<\/p>\n<p style=\"text-align: center;\">Zasielajte ich, pros\u00edm, na e-mailov\u00fa adresu redakcie <strong>skalickyobzor@skalickyobzor.sk<\/strong>, alebo na po\u0161tov\u00fa adresu Obzoru <strong>Mall\u00e9ho 60, Skalica<\/strong> a\u00a0nezabudnite prida\u0165 v\u00e1\u0161 kontakt.<\/p>\n<p style=\"text-align: center;\">\u010eakujeme v\u00e1m a\u00a0s\u00a0nami v\u0161etci \u010ditatelia n\u00e1\u0161ho spolo\u010dn\u00e9ho Skalick\u00e9ho Obzoru.<br \/>\nVych\u00e1dzame pre v\u00e1s a\u00a0v\u010faka v\u00e1m.<\/p>\n<p style=\"text-align: right;\"><em>Va\u0161a redakcia<\/em><\/p>\n","protected":false},"excerpt":{"rendered":"<div class=\"mh-excerpt\"><p>Ka\u017ed\u00e1 minca m\u00e1 dve strany, aj v\u00edrusov\u00e1 situ\u00e1cia. M\u00e1te aj vy svoje vlastn\u00e9 pr\u00edbehy o\u00a0tom, ako a\u017e podivne pozit\u00edvne zasiahol v\u00edrus do v\u00e1\u0161ho \u017eivota? Pros\u00edme, pode\u013ete sa s\u00a0nami prostredn\u00edctvom Skalick\u00e9ho Obzoru. Ch\u00e1peme, \u017ee tieto pr\u00edbehy <a class=\"mh-excerpt-more\" href=\"http:\/\/skalickyobzor.sk\/cms\/vyzva-pribehy-s-covidom\/\" title=\"V\u00ddZVA TRVAL\u00c1 &#8211; Pr\u00edbehy s Covidom\">[&#8230;]<\/a><\/p>\n<\/div>","protected":false},"author":1,"featured_media":17,"comment_status":"closed","ping_status":"closed","sticky":false,"template":"","format":"standard","meta":{"footnotes":""},"categories":[21],"tags":[],"class_list":{"0":"post-4277","1":"post","2":"type-post","3":"status-publish","4":"format-standard","5":"has-post-thumbnail","7":"category-oznamy"},"_links":{"self":[{"href":"http:\/\/skalickyobzor.sk\/cms\/wp-json\/wp\/v2\/posts\/4277","targetHints":{"allow":["GET"]}}],"collection":[{"href":"http:\/\/skalickyobzor.sk\/cms\/wp-json\/wp\/v2\/posts"}],"about":[{"href":"http:\/\/skalickyobzor.sk\/cms\/wp-json\/wp\/v2\/types\/post"}],"author":[{"embeddable":true,"href":"http:\/\/skalickyobzor.sk\/cms\/wp-json\/wp\/v2\/users\/1"}],"replies":[{"embeddable":true,"href":"http:\/\/skalickyobzor.sk\/cms\/wp-json\/wp\/v2\/comments?post=4277"}],"version-history":[{"count":2,"href":"http:\/\/skalickyobzor.sk\/cms\/wp-json\/wp\/v2\/posts\/4277\/revisions"}],"predecessor-version":[{"id":4305,"href":"http:\/\/skalickyobzor.sk\/cms\/wp-json\/wp\/v2\/posts\/4277\/revisions\/4305"}],"wp:featuredmedia":[{"embeddable":true,"href":"http:\/\/skalickyobzor.sk\/cms\/wp-json\/wp\/v2\/media\/17"}],"wp:attachment":[{"href":"http:\/\/skalickyobzor.sk\/cms\/wp-json\/wp\/v2\/media?parent=4277"}],"wp:term":[{"taxonomy":"category","embeddable":true,"href":"http:\/\/skalickyobzor.sk\/cms\/wp-json\/wp\/v2\/categories?post=4277"},{"taxonomy":"post_tag","embeddable":true,"href":"http:\/\/skalickyobzor.sk\/cms\/wp-json\/wp\/v2\/tags?post=4277"}],"curies":[{"name":"wp","href":"https:\/\/api.w.org\/{rel}","templated":true}]}}