{"id":4279,"date":"2021-02-16T13:13:14","date_gmt":"2021-02-16T12:13:14","guid":{"rendered":"http:\/\/skalickyobzor.sk\/cms\/?p=4279"},"modified":"2021-02-16T13:48:26","modified_gmt":"2021-02-16T12:48:26","slug":"svet-ako-ho-vidime","status":"publish","type":"post","link":"http:\/\/skalickyobzor.sk\/cms\/svet-ako-ho-vidime\/","title":{"rendered":"Svet, ako ho vid\u00edme"},"content":{"rendered":"<p>Nie som si ist\u00e1, \u010di je v\u017edy \u201ev\u0161etko zl\u00e9 na nie\u010do dobr\u00e9\u201c, ako hovor\u00ed \u013eudov\u00e9 pr\u00edslovie. \u010castokr\u00e1t je to len na\u0161a snaha uchl\u00e1choli\u0165 sa a zmierni\u0165 situ\u00e1ciu. Pravdou v\u0161ak je, \u017ee t\u00e1 situ\u00e1cia, ktor\u00e1 n\u00e1s sprev\u00e1dza u\u017e rok, zmenila n\u00e1\u0161 uhol poh\u013eadu. Veci pod n\u00edm vid\u00edme inak. Napr\u00edklad jeden priate\u013e, ktor\u00fd m\u00e1 zdravotn\u00e9 probl\u00e9my s nohami, mi hovoril, \u017ee neurologi\u010dka ho poslala na test na Covid, aby vyl\u00fa\u010dila, \u010di to nie s\u00fa pr\u00edznaky pozitivity. Spom\u00ednal, \u017ee ho zarazilo, ke\u010f si uvedomil, \u017ee by vlastne uv\u00edtal pozit\u00edvny v\u00fdsledok, lebo to by znamenalo, \u017ee za \u010das tie bolesti pomin\u00fa. Na\u0161e myslenie urobilo dos\u0165 ve\u013ek\u00e9 salto vzad.<\/p>\n<h4>KA\u017dD\u00dd M\u00c1 SVOJ PR\u00cdBEH<\/h4>\n<p>Rada by som v\u00e1m v\u0161ak prerozpr\u00e1vala in\u00fd pr\u00edbeh inej mojej priate\u013eky. V\u0161etko za\u010dalo trag\u00e9diou, pri ktorej pri\u0161iel o\u00a0\u017eivot jej mlad\u0161\u00ed brat. V\u0161etci boli z\u00a0tejto udalosti ve\u013emi zronen\u00ed, no \u010das postupne jazvy na du\u0161i zavrel, aj ke\u010f s\u010dasti zostali. \u017divot pokra\u010doval, no jedin\u00e1, ktor\u00e1 sa s\u00a0t\u00fdm ani po rokoch nedok\u00e1zala zmieri\u0165, bola mama. Nepom\u00e1hali \u017eiadne impulzy, podpora, ani pokusy o\u00a0posilnenie vedomia, \u017ee predsa s\u00fa tu e\u0161te \u013eudia, ktor\u00ed \u017eij\u00fa aj pre \u0148u, ktor\u00ed ju potrebuj\u00fa a\u00a0pre ktor\u00fdch mus\u00ed \u017ei\u0165 aj ona. Ni\u010d nezaberalo. A\u017e jedn\u00e9ho d\u0148a bol mame pozit\u00edvne testovan\u00fd Covid. Jej stav sa postupne zhor\u0161oval, a\u017e musela by\u0165 hospitalizovan\u00e1 s ve\u013emi v\u00e1\u017enym stavom. Na\u0161\u0165astie, v\u0161etko dopadlo dobre, mama v\u0161etko prekonala a z nemocnice sa vr\u00e1tila zdrav\u00e1 domov. Len\u017ee, &#8230; vr\u00e1tila sa ako vymenen\u00e1. Bola, a\u00a0st\u00e1le je, celkom in\u00fdm \u010dlovekom, pln\u00e1 sily a\u00a0chuti do \u017eivota. Nikdy o\u00a0pr\u00ed\u010dine tohto zvratu nerozpr\u00e1vala a\u00a0nerozpr\u00e1vala ani o\u00a0ni\u010dom, \u010do sa v\u00a0nemocnici dialo, ani o\u00a0\u013eu\u010foch, ktor\u00fdch tam stretla. Vlastne, to ani nie je podstatn\u00e9, lebo v\u0161etci s\u00fa za t\u00fato kr\u00e1snu zmenu ve\u013emi v\u010fa\u010dn\u00ed i\u00a0ke\u010f nevedia komu, \u010di \u010domu. Paradoxn\u00e9 je, \u017ee nesporne v\u0161etko za\u010dalo t\u00fdm, \u017ee bola infikovan\u00e1 Covidom.<\/p>\n<p>Mali by sme ma\u0165 na pam\u00e4ti, \u017ee n\u00e1\u0161 \u017eivot formuje \u00faplne v\u0161etko, \u010do sa v\u00a0\u0148om odohr\u00e1, i\u00a0v\u0161etci, ktor\u00fdch stretneme. Covid je jedn\u00fdm z\u00a0najsilnej\u0161\u00edch faktorov, ktor\u00fd n\u00e1\u0161 \u017eivot ovplyv\u0148uje dnes. Nielen ten n\u00e1\u0161, ale \u017eivot n\u00e1s v\u0161etk\u00fdch. A\u00a0tieto pr\u00edbehy, i\u00a0ke\u010f sa neudeje priamo n\u00e1m, s\u00fa pre n\u00e1s zdrojom pou\u010den\u00ed, n\u00e1dej\u00ed a\u00a0sk\u00fasenost\u00ed.<\/p>\n<h4>A\u00a0\u010cO TEN V\u00c1\u0160?<\/h4>\n<p>Ak m\u00e1te svoje vlastn\u00e9 pr\u00edbehy o tom, ako niekedy a\u017e podivne a pozit\u00edvne dok\u00e1\u017ee v\u00edrus zasiahnu\u0165 do na\u0161ich \u017eivotov, pros\u00edme, pode\u013ete sa s nami a prostredn\u00edctvom Skalick\u00e9ho Obzoru aj so svojimi spoluob\u010danmi a v\u0161etk\u00fdmi \u010ditate\u013emi. Ch\u00e1peme, \u017ee tie pr\u00edbehy s\u00fa ve\u013emi osobn\u00e9 a preto ich (ak budete chcie\u0165) v\u00fdnimo\u010dne, po \u00faprave, uverejn\u00edme bez uvedenia mena prispievate\u013ea. V mene \u010ditate\u013eov i redakcie v\u0161etk\u00fdm vopred \u010fakujeme.<\/p>\n","protected":false},"excerpt":{"rendered":"<div class=\"mh-excerpt\"><p>Nie som si ist\u00e1, \u010di je v\u017edy \u201ev\u0161etko zl\u00e9 na nie\u010do dobr\u00e9\u201c, ako hovor\u00ed \u013eudov\u00e9 pr\u00edslovie. \u010castokr\u00e1t je to len na\u0161a snaha uchl\u00e1choli\u0165 sa a zmierni\u0165 situ\u00e1ciu. Pravdou v\u0161ak je, \u017ee t\u00e1 situ\u00e1cia, ktor\u00e1 n\u00e1s <a class=\"mh-excerpt-more\" href=\"http:\/\/skalickyobzor.sk\/cms\/svet-ako-ho-vidime\/\" title=\"Svet, ako ho vid\u00edme\">[&#8230;]<\/a><\/p>\n<\/div>","protected":false},"author":2,"featured_media":17,"comment_status":"closed","ping_status":"closed","sticky":false,"template":"","format":"standard","meta":{"footnotes":""},"categories":[5],"tags":[],"class_list":{"0":"post-4279","1":"post","2":"type-post","3":"status-publish","4":"format-standard","5":"has-post-thumbnail","7":"category-toto-sa-nas-tyka"},"_links":{"self":[{"href":"http:\/\/skalickyobzor.sk\/cms\/wp-json\/wp\/v2\/posts\/4279","targetHints":{"allow":["GET"]}}],"collection":[{"href":"http:\/\/skalickyobzor.sk\/cms\/wp-json\/wp\/v2\/posts"}],"about":[{"href":"http:\/\/skalickyobzor.sk\/cms\/wp-json\/wp\/v2\/types\/post"}],"author":[{"embeddable":true,"href":"http:\/\/skalickyobzor.sk\/cms\/wp-json\/wp\/v2\/users\/2"}],"replies":[{"embeddable":true,"href":"http:\/\/skalickyobzor.sk\/cms\/wp-json\/wp\/v2\/comments?post=4279"}],"version-history":[{"count":1,"href":"http:\/\/skalickyobzor.sk\/cms\/wp-json\/wp\/v2\/posts\/4279\/revisions"}],"predecessor-version":[{"id":4280,"href":"http:\/\/skalickyobzor.sk\/cms\/wp-json\/wp\/v2\/posts\/4279\/revisions\/4280"}],"wp:featuredmedia":[{"embeddable":true,"href":"http:\/\/skalickyobzor.sk\/cms\/wp-json\/wp\/v2\/media\/17"}],"wp:attachment":[{"href":"http:\/\/skalickyobzor.sk\/cms\/wp-json\/wp\/v2\/media?parent=4279"}],"wp:term":[{"taxonomy":"category","embeddable":true,"href":"http:\/\/skalickyobzor.sk\/cms\/wp-json\/wp\/v2\/categories?post=4279"},{"taxonomy":"post_tag","embeddable":true,"href":"http:\/\/skalickyobzor.sk\/cms\/wp-json\/wp\/v2\/tags?post=4279"}],"curies":[{"name":"wp","href":"https:\/\/api.w.org\/{rel}","templated":true}]}}