{"id":4281,"date":"2021-02-16T13:11:26","date_gmt":"2021-02-16T12:11:26","guid":{"rendered":"http:\/\/skalickyobzor.sk\/cms\/?p=4281"},"modified":"2021-02-16T13:48:15","modified_gmt":"2021-02-16T12:48:15","slug":"pokoj","status":"publish","type":"post","link":"http:\/\/skalickyobzor.sk\/cms\/pokoj\/","title":{"rendered":"Pokoj"},"content":{"rendered":"<p>V s\u00fa\u010dasn\u00fdch d\u0148och, ke\u010f m\u00e1me obmedzen\u00e9 vonkaj\u0161ie obzory, otv\u00e1ra sa n\u00e1m pr\u00edle\u017eitos\u0165 nahliadnu\u0165 do na\u0161ich vn\u00fatorn\u00fdch priestorov, ktor\u00e9 sme nie vlastnou vinou zanedb\u00e1vali pre nedostatok \u010dasu, \u00fanavu v\u0161edn\u00fdch dn\u00ed napratan\u00fdch staros\u0165ami o\u00a0vonkaj\u0161ie \u017eivotn\u00e9 potreby.<\/p>\n<p>Nastal \u010das na sebareflexiu. Dostala sa mi do r\u00fak Modlitba Opt\u00ednskych starcov, pri ktorej \u201erozum mus\u00ed z\u00eds\u0165 do srdca\u201c, n\u00e1vod na pou\u017eitie z\u00edskania vn\u00fatorn\u00e9ho pokoja. Takmer ka\u017ed\u00e9 r\u00e1no si ju \u010d\u00edtavam a zac\u00edtim vn\u00fatorn\u00fd pr\u00edboj nov\u00fdch s\u00edl. Preto si poklad\u00e1m priam za povinnos\u0165 zozn\u00e1mi\u0165 s \u0148ou aj v\u00e1s:<\/p>\n<p><em>Bo\u017ee, daj, nech s\u00a0du\u0161evn\u00fdm pokojom priv\u00edtam v\u0161etko, \u010do mi prinesie tento de\u0148, a\u00a0nech sa naplno odovzd\u00e1m do Tvojej v\u00f4le.<\/em><br \/>\n<em>Bo\u017ee, v\u00a0ka\u017edej chv\u00edli tohto d\u0148a ma vo v\u0161etkom ve\u010f a\u00a0upev\u0148uj.<\/em><br \/>\n<em>Bo\u017ee, odha\u013e mi svoju v\u00f4\u013eu \u2013 pre m\u0148a i\u00a0pre druh\u00fdch.<\/em><br \/>\n<em>Nech po\u010das d\u0148a dostanem ak\u00e9ko\u013evek spr\u00e1vy, daj, nech ich prijmem s\u00a0pokojnou du\u0161ou a\u00a0pevn\u00fdm presved\u010den\u00edm, \u017ee v\u0161etko je Tvoja sv\u00e4t\u00e1 v\u00f4\u013ea.<\/em><br \/>\n<em>Bo\u017ee, ve\u013ek\u00fd a milosrdn\u00fd, usmer\u0148uj moje my\u0161lienky aj pocity vo v\u0161et<\/em><em>k\u00fdch mojich slov\u00e1ch a\u00a0skutkoch.<\/em><br \/>\n<em>Daj, nech vo v\u0161etk\u00fdch nepredv\u00eddan\u00fdch okolnostiach nezabudnem, \u017ee v\u0161etko poch\u00e1dza od teba.<\/em><br \/>\n<em>Bo\u017ee, daj, nech rozumne prist\u00fapim ku ka\u017ed\u00e9mu bl\u00ed\u017enemu, nech nikoho nezarm\u00fatim a\u00a0nikoho neuvediem do rozpakov.<\/em><br \/>\n<em>Bo\u017ee, daj mi silu znies\u0165 \u00fanavu tohto d\u0148a a\u00a0v\u0161etky jeho udalosti.<\/em><br \/>\n<em>Usmer\u0148uj moju v\u00f4\u013eu a\u00a0nau\u010d ma modli\u0165 sa a\u00a0v\u0161etk\u00fdch milova\u0165 \u00faprimn\u00fdm srdcom. Amen.<\/em><\/p>\n<p>Azda by sa \u017eiadalo doda\u0165 z\u00e1vere\u010dn\u00fd koment\u00e1r, ten si v\u0161ak mus\u00ed ka\u017ed\u00fd \u010ditate\u013e doplni\u0165 v\u00a0sebe s\u00e1m!<\/p>\n","protected":false},"excerpt":{"rendered":"<div class=\"mh-excerpt\"><p>V s\u00fa\u010dasn\u00fdch d\u0148och, ke\u010f m\u00e1me obmedzen\u00e9 vonkaj\u0161ie obzory, otv\u00e1ra sa n\u00e1m pr\u00edle\u017eitos\u0165 nahliadnu\u0165 do na\u0161ich vn\u00fatorn\u00fdch priestorov, ktor\u00e9 sme nie vlastnou vinou zanedb\u00e1vali pre nedostatok \u010dasu, \u00fanavu v\u0161edn\u00fdch dn\u00ed napratan\u00fdch staros\u0165ami o\u00a0vonkaj\u0161ie \u017eivotn\u00e9 potreby. Nastal <a class=\"mh-excerpt-more\" href=\"http:\/\/skalickyobzor.sk\/cms\/pokoj\/\" title=\"Pokoj\">[&#8230;]<\/a><\/p>\n<\/div>","protected":false},"author":10,"featured_media":916,"comment_status":"closed","ping_status":"closed","sticky":false,"template":"","format":"standard","meta":{"footnotes":""},"categories":[8],"tags":[],"class_list":{"0":"post-4281","1":"post","2":"type-post","3":"status-publish","4":"format-standard","5":"has-post-thumbnail","7":"category-obzor-seniorov"},"_links":{"self":[{"href":"http:\/\/skalickyobzor.sk\/cms\/wp-json\/wp\/v2\/posts\/4281","targetHints":{"allow":["GET"]}}],"collection":[{"href":"http:\/\/skalickyobzor.sk\/cms\/wp-json\/wp\/v2\/posts"}],"about":[{"href":"http:\/\/skalickyobzor.sk\/cms\/wp-json\/wp\/v2\/types\/post"}],"author":[{"embeddable":true,"href":"http:\/\/skalickyobzor.sk\/cms\/wp-json\/wp\/v2\/users\/10"}],"replies":[{"embeddable":true,"href":"http:\/\/skalickyobzor.sk\/cms\/wp-json\/wp\/v2\/comments?post=4281"}],"version-history":[{"count":1,"href":"http:\/\/skalickyobzor.sk\/cms\/wp-json\/wp\/v2\/posts\/4281\/revisions"}],"predecessor-version":[{"id":4282,"href":"http:\/\/skalickyobzor.sk\/cms\/wp-json\/wp\/v2\/posts\/4281\/revisions\/4282"}],"wp:featuredmedia":[{"embeddable":true,"href":"http:\/\/skalickyobzor.sk\/cms\/wp-json\/wp\/v2\/media\/916"}],"wp:attachment":[{"href":"http:\/\/skalickyobzor.sk\/cms\/wp-json\/wp\/v2\/media?parent=4281"}],"wp:term":[{"taxonomy":"category","embeddable":true,"href":"http:\/\/skalickyobzor.sk\/cms\/wp-json\/wp\/v2\/categories?post=4281"},{"taxonomy":"post_tag","embeddable":true,"href":"http:\/\/skalickyobzor.sk\/cms\/wp-json\/wp\/v2\/tags?post=4281"}],"curies":[{"name":"wp","href":"https:\/\/api.w.org\/{rel}","templated":true}]}}