{"id":4335,"date":"2021-03-05T20:06:55","date_gmt":"2021-03-05T19:06:55","guid":{"rendered":"http:\/\/skalickyobzor.sk\/cms\/?p=4335"},"modified":"2021-03-05T20:58:00","modified_gmt":"2021-03-05T19:58:00","slug":"recept-ako-rodinny-klenot","status":"publish","type":"post","link":"http:\/\/skalickyobzor.sk\/cms\/recept-ako-rodinny-klenot\/","title":{"rendered":"Recept ako rodinn\u00fd klenot"},"content":{"rendered":"<p><em><strong>Takto pred rokom n\u00e1s opatrenia proti prvej epidemickej vlne covidu po prv\u00fdkr\u00e1t zavreli doma. \u013du\u010fom sa celkom zmenil re\u017eim d\u0148a, rodiny nezvykle dlho a v nezvyklom obdob\u00ed boli v\u0161etci pokope, \u0161kola bola online, v telev\u00edzii zaradili rozpr\u00e1vky ako by boli pr\u00e1zdniny a na jar akoby sa na chv\u00ed\u013eu vr\u00e1tili Vianoce&#8230; Jednoducho, nikto vtedy netu\u0161il ako dlho sa to povle\u010die a \u017ee n\u00e1s doma zastihn\u00fa aj tie skuto\u010dn\u00e9 Vianoce. Tak podobne za\u010d\u00edna svoju pr\u00edhodu Vlasta Ducho\u0148ov\u00e1. Sama ju nazvala<\/strong><\/em><\/p>\n<h4>\u010cAS VIANO\u010cN\u00dd, \u010cAS KORANT\u00c9ONA KARNY<\/h4>\n<p>T\u00e1to historka by sa mohla vola\u0165 aj tajomstvo mojej kuchyne. Ke\u010f n\u00e1s koronav\u00edrus minul\u00fd rok na jese\u0148 znova zatvoril doma, hovor\u00edm si, \u017ee to mus\u00edme vo\u013eajako vyu\u017ei\u0165. Tak som sa rozhodla napiec\u0165 k Vianociam. Moja vnu\u010dka m\u00e1 rada z\u00e1zvorky a \u010do by som pre moje vn\u00fa\u010dence nespravila! Pozor \u2013 z\u00e1zvorky nie s\u00fa z\u00e1zvorn\u00edky. Cesto je podobn\u00e9, len namiesto jelenej soli sa d\u00e1 do cesta pr\u00e1\u0161ok do pe\u010diva a nastr\u00fahan\u00e1 citr\u00f3nov\u00e1 k\u00f4ra. Nakoniec sa e\u0161te tepl\u00e9 potr\u00fa citr\u00f3novou polevou. Norm\u00e1lne je to pekn\u00e9 a\u00a0chutn\u00e9 pe\u010divo, tak som sa do toho pe\u010denia pustila.Zarobila som cesto a\u00a0namiesto pr\u00e1\u0161ku do pe\u010diva som dala s\u00f3du bikarb\u00f3nu. Ne\u0161etrila som. Nevad\u00ed, aspo\u0148 bud\u00fa pekne vysok\u00e9. Tak som si pomyslela, ke\u010f som spokojn\u00e1 ukladala vykrojen\u00e9 kvetinky na dosku. Do r\u00e1na pekne obschn\u00fa, ingrediencie sa pekne prepoja a\u00a0r\u00e1no \u0161up do r\u00fary. S\u00a0t\u00fdm som pokojne zaspala. R\u00e1no som v\u0161etko naskladala na plechy a\u00a0za\u010dala piec\u0165. Ke\u010f som v\u0161ak nazrela do r\u00fary, vlasy sa mi postavili dupkom. Oni sa skuto\u010dne pekne vy\u0161vihli \u2013 nie v\u0161ak do v\u00fd\u0161ky, ale do \u0161\u00edrky. Na plechu boli namiesto kvetiniek nevzh\u013eadn\u00e9 pag\u00e1\u010de a\u00a0niektor\u00e9 spe\u010den\u00e9 dohromady. No, kr\u00e1sa! No\u017eom som ich pr\u00e1cne povyrez\u00e1vala a\u00a0potrela citr\u00f3novou polevou ako m\u00e1 by\u0165. A\u017e na to, \u017ee i\u00a0tak vyzerali namiesto kvetiniek sk\u00f4r ako obschnut\u00e9 k\u00fasky chleba potret\u00e9 hus\u00edm sadlom. Chcete recept? Ned\u00e1m. Bude to n\u00e1\u0161 rodinn\u00fd klenot! Ak n\u00e1s covid neskol\u00ed, m\u00f4\u017eem ich chrumka\u0165 do bud\u00facich Vianoc.<\/p>\n<p><em>Vlasta Ducho\u0148ov\u00e1<\/em><br \/>\nP.S: Aby neboli pochybnosti \u2013 boli chu\u0165ovo dobr\u00e9 a\u00a0zjedli sa do posledn\u00e9ho.<\/p>\n","protected":false},"excerpt":{"rendered":"<div class=\"mh-excerpt\"><p>Takto pred rokom n\u00e1s opatrenia proti prvej epidemickej vlne covidu po prv\u00fdkr\u00e1t zavreli doma. \u013du\u010fom sa celkom zmenil re\u017eim d\u0148a, rodiny nezvykle dlho a v nezvyklom obdob\u00ed boli v\u0161etci pokope, \u0161kola bola online, v telev\u00edzii <a class=\"mh-excerpt-more\" href=\"http:\/\/skalickyobzor.sk\/cms\/recept-ako-rodinny-klenot\/\" title=\"Recept ako rodinn\u00fd klenot\">[&#8230;]<\/a><\/p>\n<\/div>","protected":false},"author":22,"featured_media":17,"comment_status":"closed","ping_status":"closed","sticky":false,"template":"","format":"standard","meta":{"footnotes":""},"categories":[4],"tags":[],"class_list":{"0":"post-4335","1":"post","2":"type-post","3":"status-publish","4":"format-standard","5":"has-post-thumbnail","7":"category-ja-su-ze-skalice"},"_links":{"self":[{"href":"http:\/\/skalickyobzor.sk\/cms\/wp-json\/wp\/v2\/posts\/4335","targetHints":{"allow":["GET"]}}],"collection":[{"href":"http:\/\/skalickyobzor.sk\/cms\/wp-json\/wp\/v2\/posts"}],"about":[{"href":"http:\/\/skalickyobzor.sk\/cms\/wp-json\/wp\/v2\/types\/post"}],"author":[{"embeddable":true,"href":"http:\/\/skalickyobzor.sk\/cms\/wp-json\/wp\/v2\/users\/22"}],"replies":[{"embeddable":true,"href":"http:\/\/skalickyobzor.sk\/cms\/wp-json\/wp\/v2\/comments?post=4335"}],"version-history":[{"count":1,"href":"http:\/\/skalickyobzor.sk\/cms\/wp-json\/wp\/v2\/posts\/4335\/revisions"}],"predecessor-version":[{"id":4336,"href":"http:\/\/skalickyobzor.sk\/cms\/wp-json\/wp\/v2\/posts\/4335\/revisions\/4336"}],"wp:featuredmedia":[{"embeddable":true,"href":"http:\/\/skalickyobzor.sk\/cms\/wp-json\/wp\/v2\/media\/17"}],"wp:attachment":[{"href":"http:\/\/skalickyobzor.sk\/cms\/wp-json\/wp\/v2\/media?parent=4335"}],"wp:term":[{"taxonomy":"category","embeddable":true,"href":"http:\/\/skalickyobzor.sk\/cms\/wp-json\/wp\/v2\/categories?post=4335"},{"taxonomy":"post_tag","embeddable":true,"href":"http:\/\/skalickyobzor.sk\/cms\/wp-json\/wp\/v2\/tags?post=4335"}],"curies":[{"name":"wp","href":"https:\/\/api.w.org\/{rel}","templated":true}]}}