{"id":4344,"date":"2021-03-05T20:02:15","date_gmt":"2021-03-05T19:02:15","guid":{"rendered":"http:\/\/skalickyobzor.sk\/cms\/?p=4344"},"modified":"2021-03-05T20:57:40","modified_gmt":"2021-03-05T19:57:40","slug":"skalicke-ulice-ludovita-novaka","status":"publish","type":"post","link":"http:\/\/skalickyobzor.sk\/cms\/skalicke-ulice-ludovita-novaka\/","title":{"rendered":"Skalick\u00e9 ulice &#8211; \u013dudov\u00edta Nov\u00e1ka"},"content":{"rendered":"<p>Akademik, univerzitn\u00fd profesor PhDr. \u013dudov\u00edt Nov\u00e1k, DrSc. ( \u20f0 15. 10.1908, Skalica \u2013 \u2020 27. 9. 1992, \u013duboch\u0148a), jeden z najv\u00e4\u010d\u0161\u00edch myslite\u013eov svojej doby, patr\u00ed medzi zakladate\u013eov modernej slovenskej teoretickej jazykovedy, ktor\u00e1 dovtedy iba \u017eivorila na okraji do\u017e\u00edvaj\u00faceho mladogramatizmu. Jeho pr\u00e1ce zo slovenskej, slovanskej, v\u0161eobecnej, porovn\u00e1vacej rom\u00e1nskej a\u00a0ugrof\u00ednskej jazykovedy i\u00a0z\u00a0aktu\u00e1lnej problematiky jazykovej politiky a\u00a0jazykovej kult\u00fary ostan\u00fa nav\u017edy s\u00fa\u010das\u0165ou zlat\u00e9ho fondu slovensk\u00e9ho i\u00a0eur\u00f3pskeho jazykovedn\u00e9ho myslenia. V\u00a0legend\u00e1rnej knihe <em>Jazykovedn\u00e9 glosy k\u00a0\u010deskoslovenskej ot\u00e1zke<\/em> (1935, 1936) podalrie\u0161enie \u010desko-slovensk\u00fdch jazykov\u00fdch vz\u0165ahov takbrav\u00farne, argumentovane a\u00a0z\u00e1rove\u0148 tak decentne ako azda nikto predn\u00edm a\u00a0m\u00e1lokto po \u0148om \u2013 publik\u00e1cia v\u00fdrazne prispela k\u00a0obohateniu odbornej slovnej z\u00e1soby a\u00a0vedeckej syntaxe. Navy\u0161e, podlhom obdob\u00ed zazn\u00e1vania objavil i\u00a0\u013dudov\u00edta \u0160t\u00fara akovynikaj\u00faceho jazykovedca, stavaj\u00faceho kodifik\u00e1ciu nasynchr\u00f3nnych princ\u00edpoch. Bol zap\u00e1len\u00fdm propag\u00e1torom radik\u00e1lnej pravopisnej reformy (bez ypsilonu, bez \u00e4 a\u00a0s\u00a0rozpisovan\u00edm dvojhl\u00e1sky \u00f4 na dve graf\u00e9my). \u010eal\u0161ie dielo <em>K\u00a0najstar\u0161\u00edm dejin\u00e1m sloven\u010diny<\/em> (1980) je nielen presved\u010divou obranou materinsk\u00e9ho jazyka a\u00a0jeho rovnocenn\u00e9ho z\u00e1stoja v\u00a0eur\u00f3pskom civiliza\u010dnom priestore, ale i\u00a0neocenite\u013en\u00fdm pr\u00ednosom pre poznanie n\u00e1rodn\u00fdch dej\u00edn, nehovoriac o\u00a0stovk\u00e1ch in\u00fdch \u0161t\u00fadi\u00ed a\u00a0\u010dl\u00e1nkov.<\/p>\n<p>\u013dudov\u00edt Nov\u00e1k maturoval v\u00a0Skalici roku 1927. Ako talentovan\u00fd hudobn\u00edk nap\u00edsal, e\u0161te po\u010das skalick\u00fdch \u0161t\u00fadi\u00ed, knihu <em>Ludwig van Beethoven<\/em>, dokonca skomponoval i zauj\u00edmav\u00fa skladbu pre klav\u00edr. \u010eal\u0161ie jeho kroky (1927 \u2013 1932) smerovali na Filozofick\u00fa fakultu Karlovej univerzity v Prahe, kde si vybral odbory slavistiky, romanistiky a ugrofinistiky. Svoje poznatky a sk\u00fasenosti so svoj\u00edm rodn\u00fdm n\u00e1re\u010d\u00edm zhrnul do \u010dl\u00e1nku <em>Skalick\u00e9 n\u00e1re\u010die a veda<\/em>, ktor\u00fd uverejnil roku 1929 v \u010dasopise <em>Slovensk\u00e9 Pomoravie<\/em>. Po pra\u017esk\u00fdch univerzitn\u00fdch \u0161t\u00fadi\u00e1ch s rados\u0165ou vyu\u017eil ponuku \u010falej sa zdokona\u013eova\u0165 na par\u00ed\u017eskej Sorbonne, medzit\u00fdm sa o\u017eenil so \u0160tef\u00e1niou Mor\u00e1vkovou zo z\u00e1hor\u00e1ckeho Kov\u00e1lovca \u2013 v Par\u00ed\u017ei \u017eili do konca novembra 1934. Po n\u00e1vrate do vlasti sa stal referentom jazykovedn\u00e9ho odboru Matice slovenskej v Tur\u010dianskom Sv. Martine. V roku 1939 pre\u0161iel pracova\u0165 na Filozofick\u00fa fakultu Univerzity Komensk\u00e9ho v Bratislave (v rokoch 1939 \u2013 1954 ofici\u00e1lne naz\u00fdvanej Slovensk\u00e1 univerzita). Cel\u00e1 rodina sa v\u0161ak usadila v \u013dubochni. V rokoch 1944 \u2013 1945 ho vymenovali za dekana, roku 1948 musel zo \u0161koly n\u00fatene od\u00eds\u0165.<\/p>\n<p>Popri pedagogickej \u010dinnosti vykon\u00e1val funkciu gener\u00e1lneho tajomn\u00edka Slovenskej u\u010denej spolo\u010dnosti (1939 \u2013 1943), spoluzakladal Slovensk\u00fa akad\u00e9miu vied a\u00a0umen\u00ed (1942, predchodcu Slovenskej akad\u00e9mie vied), do roku1945 bol jej gener\u00e1lnym tajomn\u00edkom. Z\u00e1rove\u0148 p\u00f4sobil aj ako predseda Slovenskej jazykovednej spolo\u010dnosti (1941 \u2013 1945).<\/p>\n<p>V rokoch 1948 a\u017e 1957 \u013dudov\u00edta Nov\u00e1ka pred\u010dasne penzionovali, dokonca na ist\u00fd \u010das ho aj zatvorili a posadili na Pankr\u00e1c. Aj po roku 1957 mohol p\u00f4sobi\u0165 vo vedeck\u00fdch in\u0161tit\u00faci\u00e1ch iba ako extern\u00fd pracovn\u00edk. \u00daplne ho rehabilitovali a\u017e roku 1968&#8230; Jeho najstar\u0161ia dc\u00e9ra O\u013ega si takto spom\u00ednala na tie \u010dasy: <em>\u201eNebolo v\u00f4bec \u013eahk\u00e9 \u017ei\u0165 s celou rodinou \u00faplne bez finan\u010dn\u00fdch prostriedkov. Otec sa uch\u00e1dzal o ak\u00fako\u013evek pr\u00e1cu. Nikde ho nechceli prija\u0165, ani len za skladn\u00edka. Zostal doma a usiloval sa pracova\u0165, p\u00edsa\u0165, &#8230;\u201c On s\u00e1m o\u00a0tom v\u00a0jednom rozhovore kr\u00e1tko pred smr\u0165ou povedal: \u201ePo ,v\u00ed\u0165aznom\u00b4 febru\u00e1ri 1948 som bol penzionovan\u00fd. S\u00a0ve\u013emi slabu\u010dkou penziou. Pomohol mi P\u00e1n Boh t\u00fdm, \u017ee som mal priate\u013eov. Predov\u0161etk\u00fdm biskupa Vojta\u0161\u0161\u00e1ka, ale aj mnoh\u00fdch \u010fal\u0161\u00edch. Poverili ma \u00fapravou P\u00edsma sv\u00e4t\u00e9ho Star\u00e9ho a\u00a0Nov\u00e9ho z\u00e1kona, robil som organistu, z\u00a0franc\u00faz\u0161tiny som prelo\u017eil Otca Goriota, &#8230; Boli to pr\u00edle\u017eitostn\u00e9 pr\u00e1ce. A\u017e mi pomohol Len\u00e1rt, ktor\u00fd dal pr\u00edkaz zamestna\u0165 ma. Jeden\u00e1s\u0165 mesiacov som bol aj zatvoren\u00fd&#8230; Nebol to \u013eahk\u00fd \u017eivot, ale podstatn\u00e9 je, \u017ee som teraz tu.\u201c<\/em><\/p>\n<p>Po rehabilit\u00e1cii roku 1968 za\u010dal pracova\u0165 na Pedagogickej fakulte UK v\u00a0Trnave, s\u00fa\u010dasne predn\u00e1\u0161al aj na Univerzite P. J. \u0160af\u00e1rika v\u00a0Pre\u0161ove, kde obh\u00e1jil hodnos\u0165 DrSc. Stal sa predsedom viacer\u00fdch jazykovedn\u00fdch spolo\u010dnost\u00ed, z\u00edskal ocenenia za z\u00e1sluhy o\u00a0budovanie kult\u00fary a\u00a0vedy na Slovensku, za budovanie slovensk\u00e9ho univerzitn\u00e9ho \u0161kolstva. Slovensk\u00e1 akad\u00e9mia vied mu v\u00a0roku 1992 udelila Zlat\u00fa medailu SAV a\u00a0\u010cestn\u00fa plaketu SAV \u013dudov\u00edta \u0160t\u00fara za z\u00e1sluhy v\u00a0spolo\u010densk\u00fdch ved\u00e1ch, za celo\u017eivotn\u00fa pr\u00e1cu v\u00a0oblasti jazykovedy a\u00a0koncep\u010dno-organiz\u00e1torskej pr\u00e1ce pri formovan\u00ed Slovenskej akad\u00e9mie vied a\u00a0umen\u00ed.<\/p>\n<p>\u013dudov\u00edt Nov\u00e1k zomrel v\u00a0nede\u013eu cestou do kostola vo veku 84 rokov.<\/p>\n","protected":false},"excerpt":{"rendered":"<div class=\"mh-excerpt\"><p>Akademik, univerzitn\u00fd profesor PhDr. \u013dudov\u00edt Nov\u00e1k, DrSc. ( \u20f0 15. 10.1908, Skalica \u2013 \u2020 27. 9. 1992, \u013duboch\u0148a), jeden z najv\u00e4\u010d\u0161\u00edch myslite\u013eov svojej doby, patr\u00ed medzi zakladate\u013eov modernej slovenskej teoretickej jazykovedy, ktor\u00e1 dovtedy iba \u017eivorila <a class=\"mh-excerpt-more\" href=\"http:\/\/skalickyobzor.sk\/cms\/skalicke-ulice-ludovita-novaka\/\" title=\"Skalick\u00e9 ulice &#8211; \u013dudov\u00edta Nov\u00e1ka\">[&#8230;]<\/a><\/p>\n<\/div>","protected":false},"author":16,"featured_media":4345,"comment_status":"closed","ping_status":"closed","sticky":false,"template":"","format":"standard","meta":{"footnotes":""},"categories":[24],"tags":[],"class_list":{"0":"post-4344","1":"post","2":"type-post","3":"status-publish","4":"format-standard","5":"has-post-thumbnail","7":"category-skalicke-ulice"},"_links":{"self":[{"href":"http:\/\/skalickyobzor.sk\/cms\/wp-json\/wp\/v2\/posts\/4344","targetHints":{"allow":["GET"]}}],"collection":[{"href":"http:\/\/skalickyobzor.sk\/cms\/wp-json\/wp\/v2\/posts"}],"about":[{"href":"http:\/\/skalickyobzor.sk\/cms\/wp-json\/wp\/v2\/types\/post"}],"author":[{"embeddable":true,"href":"http:\/\/skalickyobzor.sk\/cms\/wp-json\/wp\/v2\/users\/16"}],"replies":[{"embeddable":true,"href":"http:\/\/skalickyobzor.sk\/cms\/wp-json\/wp\/v2\/comments?post=4344"}],"version-history":[{"count":1,"href":"http:\/\/skalickyobzor.sk\/cms\/wp-json\/wp\/v2\/posts\/4344\/revisions"}],"predecessor-version":[{"id":4346,"href":"http:\/\/skalickyobzor.sk\/cms\/wp-json\/wp\/v2\/posts\/4344\/revisions\/4346"}],"wp:featuredmedia":[{"embeddable":true,"href":"http:\/\/skalickyobzor.sk\/cms\/wp-json\/wp\/v2\/media\/4345"}],"wp:attachment":[{"href":"http:\/\/skalickyobzor.sk\/cms\/wp-json\/wp\/v2\/media?parent=4344"}],"wp:term":[{"taxonomy":"category","embeddable":true,"href":"http:\/\/skalickyobzor.sk\/cms\/wp-json\/wp\/v2\/categories?post=4344"},{"taxonomy":"post_tag","embeddable":true,"href":"http:\/\/skalickyobzor.sk\/cms\/wp-json\/wp\/v2\/tags?post=4344"}],"curies":[{"name":"wp","href":"https:\/\/api.w.org\/{rel}","templated":true}]}}