{"id":4365,"date":"2021-03-05T20:10:19","date_gmt":"2021-03-05T19:10:19","guid":{"rendered":"http:\/\/skalickyobzor.sk\/cms\/?p=4365"},"modified":"2021-03-05T20:58:20","modified_gmt":"2021-03-05T19:58:20","slug":"ked-je-riaditelka-najmladsia","status":"publish","type":"post","link":"http:\/\/skalickyobzor.sk\/cms\/ked-je-riaditelka-najmladsia\/","title":{"rendered":"Ke\u010f je riadite\u013eka najmlad\u0161ia"},"content":{"rendered":"<p><em><strong>Pravdepodobne v\u0161etci \u017eijeme v\u00a0obdob\u00ed svojho \u017eivota, ktor\u00fd ani nem\u00e1me s\u00a0\u010d\u00edm v\u00e1\u017enej\u0161\u00edm porovna\u0165. Teda, a\u017e na t\u00fdch najstar\u0161\u00edch medzi nami. Pr\u00e1ve t\u00fdch, ktor\u00ed s\u00fa najviac ohrozen\u00ed covidom. S\u00fa vo svojej samote e\u0161te izolovanej\u0161\u00ed, ale te\u0161\u00ed n\u00e1s, \u017ee neost\u00e1vaj\u00fa sami a\u00a0\u017ee sa o\u00a0nich zauj\u00edmaj\u00fa aj in\u00ed, okrem t\u00fdch, pre ktor\u00fdch je to pr\u00e1ca. I\u00a0ke\u010f nielen pr\u00e1ca &#8230; Preto by som hne\u010f na prvom mieste verejne adresovala a\u00a0vyslovila \u00faprimn\u00e9 po\u010fakovanie a\u00a0ocenenie v\u0161etk\u00fdm zamestnancom ZPS Skalica a\u00a0Jes\u00e9nia Skalica, ktor\u00ed v\u00a0\u010dase pand\u00e9mie preuk\u00e1zali obrovsk\u00fa silu, \u013eudskos\u0165 a\u00a0obetavos\u0165 v\u00a0slu\u017ebe pre seniorov.<\/strong><\/em><\/p>\n<h4>SPOLU PROTI SAMOTE<\/h4>\n<p>Opatrenia v s\u00favislosti so s\u00fa\u010dasnou pand\u00e9miou zasiahli do \u017eivota v\u0161etk\u00fdm, predov\u0161etk\u00fdm obmedzeniami, ktor\u00e9 priniesli. Ve\u013emi z\u00e1sadn\u00e1, ne\u010dakan\u00e1 a\u00a0bolestiv\u00e1 zmena to bola aj v\u00a0na\u0161ej Jes\u00e9niia zariaden\u00ed pre seniorov. Na za\u010diatku nikto z\u00a0n\u00e1s netu\u0161il, \u017ee bude trva\u0165 tak dlho a\u00a0ovplyvn\u00ed \u017eivoty n\u00e1s v\u0161etk\u00fdch. Izol\u00e1cia, karant\u00e9na, soci\u00e1lny di\u0161tanc, odstupy, r\u00fa\u0161ka, to s\u00fa slov\u00e1 a\u00a0veci, ktor\u00e9 na\u0161i seniori ne\u013e\u00fabia. Najviac trpia odl\u00fa\u010den\u00edm od bl\u00edzkych a\u00a0obmedzen\u00edm soci\u00e1lnych kontaktov. My, zamestnanci, s\u00a0nimi ve\u013emi c\u00edtime. Sna\u017e\u00edme sa robi\u0165 maximum pre zmiernenie a\u00a0h\u013ead\u00e1me mo\u017enosti ako t\u00fato \u017eivotn\u00fa medzeru vyplni\u0165. Pre person\u00e1l je nesmierne \u0165a\u017ek\u00e1 a\u00a0n\u00e1ro\u010dn\u00e1 \u00faloha, popri celodennej starostlivosti vybavi\u0165 n\u00e1kupy a\u00a0osobn\u00e9 potreby, chr\u00e1ni\u0165, vysvet\u013eova\u0165, ute\u0161i\u0165 a\u00a0pote\u0161i\u0165, vzbudi\u0165 n\u00e1dej, &#8230;Na\u0161e zariadenia do doby vypuknutia pand\u00e9mie \u017eili pomerne pestr\u00fdm spolo\u010densk\u00fdm \u017eivotom. Okrem bl\u00edzkych sme u\u00a0n\u00e1s v\u00edtali deti, ml\u00e1de\u017e, umeleck\u00e9 s\u00fabory, dru\u017eobn\u00e9 n\u00e1v\u0161tevy a\u00a0podobne. Organizovali sme tane\u010dn\u00e9 a\u00a0hudobn\u00e9 z\u00e1bavy, v\u00fdlety. Pri\u0161li v\u0161ak obmedzenia a\u00a0nariadenia, ktor\u00e9 mus\u00edme v\u00a0z\u00e1ujme ochrany zdravia dodr\u017eiava\u0165.<\/p>\n<h4>NOV\u00c9 CESTY K\u00a0BL\u00cdZKYM<\/h4>\n<p>Okrem pracovn\u00edkov zariadenia s\u00fa pre na\u0161ich obyvate\u013eov ve\u013ekou oporou ich bl\u00edzki a rodinn\u00ed pr\u00edslu\u0161n\u00edci. Spolu s nimi m\u00e1me intenz\u00edvne telefonick\u00e9 aj elektronick\u00e9 kontakty a sp\u00e1ja n\u00e1s z\u00e1ujem ako najviac nahradi\u0165 fyzick\u00fa bl\u00edzkos\u0165. Od za\u010diatku pand\u00e9mie sme spustili skype, viber, telefonovanie, odovzd\u00e1vanie odkazov, fotografi\u00ed, obr\u00e1zkov. Zv\u00fd\u0161ila safrekvencia listov\u00fdch po\u0161tov\u00fdch z\u00e1sielok, poh\u013eadn\u00edc, don\u00e1\u0161ka nov\u00edn a \u010dasopisov. Urob\u00ed rados\u0165 \u010doko\u013evek darovan\u00e9 s l\u00e1skou a kr\u00e1snou spomienkou. Mus\u00edm oceni\u0165 a pochv\u00e1li\u0165, \u017ee m\u00e1me skvel\u00fdch rodinn\u00fdch pr\u00edslu\u0161n\u00edkov, ktor\u00ed dr\u017eia s nami, d\u00f4veruj\u00fa n\u00e1m, podporuj\u00fa seniorov. Vediaako ich pote\u0161i\u0165, u\u013eavi\u0165 v sm\u00fatku, \u010do n\u00e1m situ\u00e1ciu u\u013eah\u010duje a v\u0161etk\u00fdch povzbudzuje. Spolupr\u00e1cu s rodinou pova\u017eujem za nosn\u00fd pilier soci\u00e1lnej pr\u00e1ce a v na\u0161om zariaden\u00ed m\u00e1 ako pracovn\u00e1 met\u00f3da nezastupite\u013en\u00e9 miesto. Moji kolegovia pracuj\u00fa vo vysokom pracovnom nasaden\u00ed, nezav\u00e1hali ani na chv\u00ed\u013eu, patr\u00ed im za to po\u010fakovanie, \u00facta a uznanie. V \u010dase pr\u00edsnych obmedzen\u00ed a opatren\u00ed si mnoh\u00ed seniori aj pr\u00edbuzn\u00ed uvedomuj\u00fa u n\u00e1s istotu bezpe\u010dia a dostupnej zdravotnej a opatrovate\u013eskej starostlivosti, \u013eah\u0161ie tak zn\u00e1\u0161aj\u00fa odl\u00fa\u010denie. Napriek zlo\u017eitej situ\u00e1cii je u\u00a0n\u00e1s atmosf\u00e9ra pokojn\u00e1, chce to v\u0161ak ve\u013ea, ve\u013ea trpezlivosti.M\u00e1me ve\u013ek\u00fa t\u00fa\u017ebu vr\u00e1ti\u0165 sa do norm\u00e1lnych ko\u013eaj\u00ed a\u00a0re\u017eimu, s\u00a0vierou a\u00a0n\u00e1dejou \u010dak\u00e1me na de\u0148, kedy budeme m\u00f4c\u0165 bezpe\u010dne otvori\u0165 na\u0161e br\u00e1ny a\u00a0n\u00e1ru\u010d.<\/p>\n<h4>JEDIN\u00dd SPOLO\u010cN\u00dd DOMOV<\/h4>\n<p>Pand\u00e9mia ovplyvnila aj vz\u0165ahy medzi klientmi navz\u00e1jom, tie\u017e vz\u0165ahy klientov so zamestnancami. Sme zomknut\u00ed, sme v\u00a0tom spolu a\u00a0m\u00e1me k\u00a0sebe bli\u017e\u0161ie. Cen\u00edme si n\u00e1\u0161 domov a\u00a0prostredie, \u00fakony starostlivosti a\u00a0slu\u017eby. C\u00edti\u0165 \u00factu, \u013eudsk\u00e9 gest\u00e1 spolupatri\u010dnosti a\u00a0povzbudenia, podpory, \u017ee to zvl\u00e1dneme. To je sp\u00f4sob, ak\u00fdm sa sna\u017e\u00edme prekona\u0165strach, samotu a\u00a0obavy. P\u00ed\u0161eme si navz\u00e1jom nielen in\u0161trukcie a\u00a0d\u00f4le\u017eit\u00e9 oznamy, ale aj mil\u00e9 odkazy, listy, po\u010fakovania a\u00a0pozdravy, &#8230; Vynikaj\u00facu odozvu mali vlastnoru\u010dne vyroben\u00e9 pozdravy det\u00ed z\u00a0M\u0160 Skalica aj Krabi\u010dky l\u00e1sky z\u00a0projektu Ko\u013eko l\u00e1sky sa zmest\u00ed do krabice od top\u00e1nok. Na to budeme e\u0161te dlho s\u00a0l\u00e1skou spom\u00edna\u0165 a\u00a0viem aj o\u00a0tom, \u017ee do\u0161lo k\u00a0v\u00fdmene adries ako pr\u00eds\u013eub a\u00a0za\u010diatok nie\u010doho pekn\u00e9ho a\u00a0nov\u00e9ho.<\/p>\n<h4>S\u00a0\u010cISTOU HLAVOU I\u00a0DU\u0160OU<\/h4>\n<p>Zachovanie du\u0161evnej rovnov\u00e1hy z\u00e1vis\u00ed od zdravotn\u00e9ho stavu klientov a\u00a0ich vn\u00fatorn\u00e9ho ment\u00e1lneho nastavenia. Je to u\u00a0ka\u017ed\u00e9ho ve\u013emi individu\u00e1lne a\u00a0tak to m\u00e1 aj by\u0165, ve\u010f ka\u017ed\u00fd m\u00e1 svoj pr\u00edbeh&#8230; Ob\u013e\u00faben\u00e9 s\u00fa ru\u010dn\u00e9 pr\u00e1ce, \u010d\u00edtanie kn\u00edh, kr\u00ed\u017eovky, sudoku, antistresov\u00e9 ma\u013eovanky, modlitby, prenosy om\u0161\u00ed a\u00a0duchovn\u00e9 telev\u00edzne programy. Samozrejme, nech\u00fdba telev\u00edzia a\u00a0rozhlas. Ka\u017ed\u00fd jeden klient to pre\u017e\u00edva po svojom. Hovor\u00ed sa, \u017ee samota pom\u00e1ha r\u00e1s\u0165 na\u0161ej du\u0161i, niektor\u00ed to pre\u017e\u00edvaj\u00fa \u201eviac do seba\u201c, napr\u00edklad v\u00a0r\u00ed\u0161i kn\u00edh, pr\u00edbehov a\u00a0svojich spomienok. Naopak, niektor\u00ed klienti maj\u00fa potrebu zdie\u013ea\u0165 svoje pocity a\u00a0pre\u017e\u00edvanie navonok, chc\u00fa sa podeli\u0165 s\u00a0ostatn\u00fdmi. Spisuj\u00fa vtipy, fejt\u00f3ny, cit\u00e1ty, p\u00ed\u0161u vz\u00e1cne denn\u00ed\u010dky, stromy \u017eivota a\u00a0spomienok. Ve\u013ea \u010dasu tr\u00e1via v\u00a0na\u0161om parku na prech\u00e1dzkach, niektor\u00ed cvi\u010dia vo fit parku. A\u00a0\u00e1no, objavili sme aj skryt\u00e9 talenty, z\u00e1\u013euby vo fotografovan\u00ed, p\u00edsanie vlastn\u00fdch autorsk\u00fdch b\u00e1sni\u010diek.<\/p>\n<p><em><strong>PhDr. Martina \u0160tepanovsk\u00e1,PhD.,<\/strong><\/em><br \/>\n<em><strong>riadite\u013eka ZPS Skalica a Jes\u00e9nia Skalica<\/strong><\/em><\/p>\n<hr \/>\n<h2>AKO TO VIDIA SENIORI<\/h2>\n<p><strong>Obyvate\u013eka ZPS Angela Turanov\u00e1, 82 rokov:<\/strong><\/p>\n<p>V\u00edrus u\u017e zasiahol cel\u00fd svet. Na za\u010diatku korony som za\u010dala p\u00edsa\u0165 denn\u00edk a chcem pokra\u010dova\u0165 aj \u010falej, ak mi to zdravie dovol\u00ed. S\u00fa to naozaj \u0165a\u017ek\u00e9 \u010dasy, aj hr\u00f4zy pre n\u00e1s v\u0161etk\u00fdch. Smutn\u00e9, \u017ee to postihuje aj mlad\u00fdch. U n\u00e1s v domove d\u00f4chodcov dodr\u017eujeme v\u0161etko, \u010do n\u00e1m nariadia. Dvakr\u00e1t denne n\u00e1m meraj\u00fa teplotu a dezinfekciu m\u00e1me v\u0161ade kde treba. Testovan\u00ed sme boli u\u017e viackr\u00e1t a veru ve\u013emi sme sa te\u0161ili, ke\u010f n\u00e1m ozn\u00e1mili: ste negat\u00edvni. Vtedy sme si mysleli, \u017ee to bude ustupova\u0165, ale na prekvapenie to tak nie je. Tak u\u017e len treba vydr\u017ea\u0165. Ve\u013emi sme sa te\u0161ili, ke\u010f k\u00a0n\u00e1m pri\u0161iel testova\u0165 aj profesor Kr\u010dm\u00e9ry. Te\u0161\u00edme sa, \u017ee liek u\u017e vyna\u0161li. Na prekvapenie sme sa dostali aj skoro zao\u010dkova\u0165, u\u017e 2.\u00a0febru\u00e1ra. Teraz budeme \u010daka\u0165 na preo\u010dkovanie. \u010eakujeme v\u0161etk\u00fdm, \u010do sa o\u00a0n\u00e1s veru dobre staraj\u00fa.<\/p>\n<p>V\u00a0kontakte s\u00a0mojimi bl\u00edzkymi mi pom\u00e1ha len to, \u017ee si \u010dastej\u0161ie vol\u00e1me na mobil. Za t\u00fato u\u017e dos\u0165 dlh\u00fa dobu vieme, \u017ee to nem\u00f4\u017ee by\u0165 inak. Aj v\u00a0tejto situ\u00e1cii poci\u0165ujem ve\u013ek\u00fa rados\u0165 a\u00a0\u0161\u0165astie, preto\u017ee v\u00a0janu\u00e1ri sa mi vyd\u00e1vala na Novom Z\u00e9lande vnu\u010dka a\u00a0druhej vnu\u010dke sa tam narodil chlap\u010dek. Som ve\u013emi \u0161\u0165astn\u00e1 aj preto, \u017ee mi ich tu umo\u017enia vidie\u0165 v\u00a0mobile alebo na internete. \u010eakujem pani Morongovej za ochotu, ve\u013emi \u010fakujem v\u0161etk\u00fdm.<\/p>\n<figure id=\"attachment_4370\" aria-describedby=\"caption-attachment-4370\" style=\"width: 794px\" class=\"wp-caption aligncenter\"><img loading=\"lazy\" decoding=\"async\" class=\"size-full wp-image-4370\" src=\"http:\/\/skalickyobzor.sk\/cms\/wp-content\/uploads\/2021\/03\/Pani-Angela-Turanova-pri-skypovani-s-rodinou..jpg\" alt=\"\" width=\"794\" height=\"595\" srcset=\"http:\/\/skalickyobzor.sk\/cms\/wp-content\/uploads\/2021\/03\/Pani-Angela-Turanova-pri-skypovani-s-rodinou..jpg 794w, http:\/\/skalickyobzor.sk\/cms\/wp-content\/uploads\/2021\/03\/Pani-Angela-Turanova-pri-skypovani-s-rodinou.-300x225.jpg 300w, http:\/\/skalickyobzor.sk\/cms\/wp-content\/uploads\/2021\/03\/Pani-Angela-Turanova-pri-skypovani-s-rodinou.-768x576.jpg 768w, http:\/\/skalickyobzor.sk\/cms\/wp-content\/uploads\/2021\/03\/Pani-Angela-Turanova-pri-skypovani-s-rodinou.-678x509.jpg 678w, http:\/\/skalickyobzor.sk\/cms\/wp-content\/uploads\/2021\/03\/Pani-Angela-Turanova-pri-skypovani-s-rodinou.-326x245.jpg 326w, http:\/\/skalickyobzor.sk\/cms\/wp-content\/uploads\/2021\/03\/Pani-Angela-Turanova-pri-skypovani-s-rodinou.-80x60.jpg 80w\" sizes=\"auto, (max-width: 794px) 100vw, 794px\" \/><figcaption id=\"caption-attachment-4370\" class=\"wp-caption-text\">Arch\u00edv: ZPS a\u00a0Jes\u00e9nia<br \/>Pani Angela Turanov\u00e1 pri skypovan\u00ed s\u00a0rodinou<\/figcaption><\/figure>\n<p><strong>Obyvate\u013e ZPS Jozef Loveck\u00fd, 76 rokov<\/strong><\/p>\n<p>Nadh\u013ead, humor, no najm\u00e4 vlastn\u00e1 tvorba, s\u00fa siln\u00fdmi n\u00e1strojmi, ktor\u00fdmi dok\u00e1\u017eu aj seniori bojova\u0165 proti tia\u017ei obmedzen\u00ed a\u00a0proti sm\u00fatku, ktor\u00fd prin\u00e1\u0161a tento \u017eivot. Pr\u00edkladom je aj b\u00e1sni\u010dka Vyznanie od p\u00e1na Loveck\u00e9ho.<\/p>\n<p><a href=\"http:\/\/skalickyobzor.sk\/cms\/wp-content\/uploads\/2021\/03\/jozef-lovecky-vyznanie.jpg\"><img loading=\"lazy\" decoding=\"async\" class=\"aligncenter wp-image-4371\" src=\"http:\/\/skalickyobzor.sk\/cms\/wp-content\/uploads\/2021\/03\/jozef-lovecky-vyznanie.jpg\" alt=\"\" width=\"275\" height=\"942\" srcset=\"http:\/\/skalickyobzor.sk\/cms\/wp-content\/uploads\/2021\/03\/jozef-lovecky-vyznanie.jpg 355w, http:\/\/skalickyobzor.sk\/cms\/wp-content\/uploads\/2021\/03\/jozef-lovecky-vyznanie-88x300.jpg 88w, http:\/\/skalickyobzor.sk\/cms\/wp-content\/uploads\/2021\/03\/jozef-lovecky-vyznanie-299x1024.jpg 299w\" sizes=\"auto, (max-width: 275px) 100vw, 275px\" \/><\/a><\/p>\n<p><strong>Obyvate\u013e ZPS Peter Jan\u00edk, 81 rokov<\/strong><\/p>\n<p>Pand\u00e9mia objekt\u00edvom p\u00e1na Jan\u00edka, ktor\u00fd na\u0161iel z\u00e1\u013eubu vo fotografovan\u00ed a\u00a0vlastnoru\u010dne pripravil pre svojich susedov a\u00a0zamestnancov mil\u00e9 prekvapenie \u2013 t\u00fato kr\u00e1snu kol\u00e1\u017e.<\/p>\n<p><img loading=\"lazy\" decoding=\"async\" class=\"aligncenter wp-image-4375 size-full\" src=\"http:\/\/skalickyobzor.sk\/cms\/wp-content\/uploads\/2021\/03\/kolaz-2-Autor-Peter-Janik-e1614966523392.jpg\" alt=\"\" width=\"679\" height=\"950\" srcset=\"http:\/\/skalickyobzor.sk\/cms\/wp-content\/uploads\/2021\/03\/kolaz-2-Autor-Peter-Janik-e1614966523392.jpg 679w, http:\/\/skalickyobzor.sk\/cms\/wp-content\/uploads\/2021\/03\/kolaz-2-Autor-Peter-Janik-e1614966523392-214x300.jpg 214w\" sizes=\"auto, (max-width: 679px) 100vw, 679px\" \/><\/p>\n<p><strong>Obyvate\u013e Jes\u00e9nie Jozef Bal\u00e1\u017e, 92 rokov:<\/strong><\/p>\n<p>B\u00fdvam v ZPS JES\u00c9NIA, ale nie som odl\u00fa\u010den\u00fd od rodiny, t\u00fd\u017edenne m\u00e1m skype hovory s dvomi sestrami a jedn\u00fdm bratom. Hovor\u00edme aj na\u0161im dialektom. Ka\u017ed\u00fa stredu m\u00e1m viac skype hovorov. Pomocou terapeutky Ivetky hovor\u00edm s obidvomi dc\u00e9rami, s ich man\u017eelmi a aj vnu\u010dkami a vnukmi. Je tak spojen\u00e1 cel\u00e1 rodina, star\u0161ia dc\u00e9ra zvon\u00ed ka\u017ed\u00fd de\u0148 o 15 hodine, s mlad\u0161ou dc\u00e9rou a man\u017eelom hovor\u00edme viackr\u00e1t za de\u0148, dvaja vnuci a vnu\u010dky z Bratislavy ma radi informuj\u00fa, kde sa pracovne nach\u00e1dzaj\u00fa. Takto \u017eijeme ako jedna rodina, vnu\u010dka mi pravidelne posiela poh\u013eadnice mojich pravnu\u010diek po\u0161tou, star\u0161ia dc\u00e9ra mi predplatila t\u00fd\u017edenn\u00edk Plus 7 dn\u00ed, mlad\u0161ia denn\u00edk Pravda, v zariaden\u00ed m\u00e1me DOMOV\u00c1\u010cIK a OBZOR. Vnuk mi plat\u00ed pau\u0161\u00e1l na mobiln\u00fd telef\u00f3n, v\u010faka tomu som v kontakte s celou rodinou aj s mojimi kamar\u00e1tmi. Na izbe som s kamar\u00e1tom, s ktor\u00fdm sa pozn\u00e1m tridsa\u0165 rokov. Aj ke\u010f je t\u00e1to situ\u00e1cia \u0165a\u017ek\u00e1, povzbudzuje ma cel\u00e1 rodina aj person\u00e1l. A\u00a0\u010do si \u017eela\u0165? ZDRAVIE pre cel\u00fa rodinu, klientov a\u00a0zamestnancov. Som v\u0161etk\u00fdm za v\u0161etko v\u010fa\u010dn\u00fd.<\/p>\n","protected":false},"excerpt":{"rendered":"<div class=\"mh-excerpt\"><p>Pravdepodobne v\u0161etci \u017eijeme v\u00a0obdob\u00ed svojho \u017eivota, ktor\u00fd ani nem\u00e1me s\u00a0\u010d\u00edm v\u00e1\u017enej\u0161\u00edm porovna\u0165. Teda, a\u017e na t\u00fdch najstar\u0161\u00edch medzi nami. Pr\u00e1ve t\u00fdch, ktor\u00ed s\u00fa najviac ohrozen\u00ed covidom. S\u00fa vo svojej samote e\u0161te izolovanej\u0161\u00ed, ale te\u0161\u00ed n\u00e1s, <a class=\"mh-excerpt-more\" href=\"http:\/\/skalickyobzor.sk\/cms\/ked-je-riaditelka-najmladsia\/\" title=\"Ke\u010f je riadite\u013eka najmlad\u0161ia\">[&#8230;]<\/a><\/p>\n<\/div>","protected":false},"author":1,"featured_media":4366,"comment_status":"closed","ping_status":"closed","sticky":false,"template":"","format":"standard","meta":{"footnotes":""},"categories":[5],"tags":[],"class_list":{"0":"post-4365","1":"post","2":"type-post","3":"status-publish","4":"format-standard","5":"has-post-thumbnail","7":"category-toto-sa-nas-tyka"},"_links":{"self":[{"href":"http:\/\/skalickyobzor.sk\/cms\/wp-json\/wp\/v2\/posts\/4365","targetHints":{"allow":["GET"]}}],"collection":[{"href":"http:\/\/skalickyobzor.sk\/cms\/wp-json\/wp\/v2\/posts"}],"about":[{"href":"http:\/\/skalickyobzor.sk\/cms\/wp-json\/wp\/v2\/types\/post"}],"author":[{"embeddable":true,"href":"http:\/\/skalickyobzor.sk\/cms\/wp-json\/wp\/v2\/users\/1"}],"replies":[{"embeddable":true,"href":"http:\/\/skalickyobzor.sk\/cms\/wp-json\/wp\/v2\/comments?post=4365"}],"version-history":[{"count":8,"href":"http:\/\/skalickyobzor.sk\/cms\/wp-json\/wp\/v2\/posts\/4365\/revisions"}],"predecessor-version":[{"id":4377,"href":"http:\/\/skalickyobzor.sk\/cms\/wp-json\/wp\/v2\/posts\/4365\/revisions\/4377"}],"wp:featuredmedia":[{"embeddable":true,"href":"http:\/\/skalickyobzor.sk\/cms\/wp-json\/wp\/v2\/media\/4366"}],"wp:attachment":[{"href":"http:\/\/skalickyobzor.sk\/cms\/wp-json\/wp\/v2\/media?parent=4365"}],"wp:term":[{"taxonomy":"category","embeddable":true,"href":"http:\/\/skalickyobzor.sk\/cms\/wp-json\/wp\/v2\/categories?post=4365"},{"taxonomy":"post_tag","embeddable":true,"href":"http:\/\/skalickyobzor.sk\/cms\/wp-json\/wp\/v2\/tags?post=4365"}],"curies":[{"name":"wp","href":"https:\/\/api.w.org\/{rel}","templated":true}]}}