{"id":4408,"date":"2021-04-03T18:02:36","date_gmt":"2021-04-03T16:02:36","guid":{"rendered":"http:\/\/skalickyobzor.sk\/cms\/?p=4408"},"modified":"2021-04-03T18:49:56","modified_gmt":"2021-04-03T16:49:56","slug":"skalicke-priezviska-xi-co-vsetko-videl-okanik","status":"publish","type":"post","link":"http:\/\/skalickyobzor.sk\/cms\/skalicke-priezviska-xi-co-vsetko-videl-okanik\/","title":{"rendered":"Skalick\u00e9 priezvisk\u00e1 XI &#8211; \u010co v\u0161etko videl Ok\u00e1nik"},"content":{"rendered":"<p>Toto priezvisko nie je v s\u00fa\u010dasnosti na Slovensku ve\u013emi roz\u0161\u00edren\u00e9, av\u0161ak m\u00f4\u017eeme ho pova\u017eova\u0165 za skalick\u00e9, preto\u017ee v roku 1995 priezvisko Ok\u00e1nik nosilo len 25 mu\u017eov v 9 lokalit\u00e1ch. Z toho takmer polovica \u017eila v Skalici, a to 12. Nasledovali \u017dilina a bratislavsk\u00e9 Star\u00e9 Mesto po 3, bratislavsk\u00e9 Nov\u00e9 Mesto dvaja, po jednom v Banskej Bystrici, Hol\u00ed\u010di a bratislavsk\u00fdch \u010dastiach Ra\u010da, Karlova Ves a Ru\u017einov. Priezvisko Ok\u00e1nikov\u00e1 nosilo na Slovensku v roku 1995 33 \u017eien, tie\u017e v 9 lokalit\u00e1ch. Najviac nositeliek priezviska \u017eilo, samozrejme, tie\u017e v Skalici, a to 18. Nasledovala \u017dilina a Bansk\u00e1 Bystrica s tromi nosite\u013ekami priezviska Ok\u00e1nikov\u00e1, po dve \u017eili v Hol\u00ed\u010di a bratislavsk\u00fdch \u010dastiach Star\u00e9 Mesto, Ru\u017einov, po jednej v \u0160ali a bratislavsk\u00fdch \u010dastiach Ra\u010da a Lama\u010d. <strong>V s\u00fa\u010dasnosti \u017eije v Skalici 21 obyvate\u013eov, ktor\u00ed nosia priezvisko Ok\u00e1nik\/Ok\u00e1nikov\u00e1, \u010di\u017ee o dev\u00e4\u0165 menej ako v roku 1995.<\/strong> Napriek tomu, \u017ee priezvisko sa dostalo na Slovensko z \u010ciech, respekt\u00edve Moravy, v\u00a0s\u00fa\u010dasnosti nosia priezvisko Ok\u00e1nik v\u00a0\u010cech\u00e1ch len \u0161tyria mu\u017ei. Dvaja vo Vesel\u00ed nad Moravou a\u00a0dvaja v\u00a0Ostrave, priezvisko Ok\u00e1nikov\u00e1 tri \u017eeny vo Vesel\u00ed nad Moravou a\u00a0dve v\u00a0Ostrave.<\/p>\n<p>V\u00a0Skalici i\u00a0na celom Slovensku asi najviac zarezonovalo toto priezvisko prostredn\u00edctvom <strong>ThDr. \u013dudov\u00edta Ok\u00e1nika<\/strong> (15. 8. 1869 \u2013 21. 3. 1944), slovensk\u00e9ho politika, cirkevn\u00e9ho hodnost\u00e1ra, signat\u00e1ra Martinskej deklar\u00e1cie v\u00a0roku 1918, nitrianskeho \u017eupana v\u00a0rokoch 1918 a\u017e 1920 a\u00a0v\u00a0rokoch 1923 a\u017e 1929 aj prim\u00e1tora Bratislavy. Jeho \u017eivot a\u00a0p\u00f4sobenie bolo zmapovan\u00e9 ve\u013emi podrobne a\u00a0je o\u00a0\u0148om zn\u00e1mych ve\u013ea inform\u00e1ci\u00ed. N\u00e1s bude viac zauj\u00edma\u0165, kedy sa priezvisko objavilo v\u00a0Skalici prv\u00fd raz a\u00a0odkia\u013e nositelia tohto priezviska do Skalice pri\u0161li. Pod\u013ea Dr. Viery Draho\u0161ovej (p\u00ed\u0161e o\u00a0tom v\u00a0\u010dl\u00e1nku \u017divotn\u00fd osud Gizely Blahovej, uverejnenom vo vlastivednom \u010dasopise Z\u00e1horie v\u00a0roku 2018) pri\u0161li Ok\u00e1nikovci zo susedn\u00fdch Sudom\u011b\u0159\u00edc, \u010do potvrdil i\u00a0n\u00e1\u0161 genealogick\u00fd prieskum.<\/p>\n<p>Toto priezvisko sa n\u00e1m podarilo v\u00a0Skalici dolo\u017ei\u0165 prv\u00fdkr\u00e1t v\u00a0druhej polovici 17. storo\u010dia. V\u00a0skalickej r.\u00a0k. matrike pokrsten\u00fdch je z\u00a020. 4. 1664 z\u00e1znam o\u00a0krste <strong>Juraja Okany<\/strong>, ktor\u00e9ho rodi\u010dmi boli <strong>Franti\u0161ek Okany<\/strong> a\u00a0<strong>Katar\u00edna<\/strong>. Viac matri\u010dn\u00fd z\u00e1znam neprezradil.<\/p>\n<p>O\u00a034 rokov nesk\u00f4r sa v\u00a0tej istej matrike objavuj\u00fa dva z\u00e1pisy o\u00a0krste det\u00ed Katar\u00edny a\u00a0Martina. Zatia\u013e \u010do ten prv\u00fd z\u00a031. 8. 1698 hovor\u00ed, \u017ee v\u00a0ten de\u0148 bola v\u00a0Skalici pokrsten\u00e1 Katar\u00edna, dc\u00e9ra rodi\u010dov Samuela Ok\u00e1nika (Okany) a\u00a0\u013dudmily (Lidmilly) zo Sudom\u011b\u0159\u00edc (Sudo), krstn\u00fdmi rodi\u010dmi boli Franti\u0161ek Hutta so svojou man\u017eelkou M\u00e1riou, obaja zo Skalice, ten druh\u00fd z\u00e1znam datovan\u00fd 28. 9. 1698 sved\u010d\u00ed o\u00a0krste Martina, rodi\u010dov Juraja Ok\u00e1nika (Geor Okanik alias Plesk\u00fd) a\u00a0Judity (Juditha) zo Sudom\u011b\u0159\u00edc (ex Sudome.). Krstn\u00fdmi rodi\u010dmi boli zeman Pavol Skal\u00edk (Paul Szkalik) so svojou dc\u00e9rou Krist\u00ednou zo Skalice.<\/p>\n<figure id=\"attachment_4409\" aria-describedby=\"caption-attachment-4409\" style=\"width: 1067px\" class=\"wp-caption aligncenter\"><img loading=\"lazy\" decoding=\"async\" class=\"wp-image-4409 size-full\" src=\"http:\/\/skalickyobzor.sk\/cms\/wp-content\/uploads\/2021\/04\/nar_okanik-juraj_1717-detail.jpg\" alt=\"\" width=\"1067\" height=\"119\" srcset=\"http:\/\/skalickyobzor.sk\/cms\/wp-content\/uploads\/2021\/04\/nar_okanik-juraj_1717-detail.jpg 1067w, http:\/\/skalickyobzor.sk\/cms\/wp-content\/uploads\/2021\/04\/nar_okanik-juraj_1717-detail-300x33.jpg 300w, http:\/\/skalickyobzor.sk\/cms\/wp-content\/uploads\/2021\/04\/nar_okanik-juraj_1717-detail-1024x114.jpg 1024w, http:\/\/skalickyobzor.sk\/cms\/wp-content\/uploads\/2021\/04\/nar_okanik-juraj_1717-detail-768x86.jpg 768w\" sizes=\"auto, (max-width: 1067px) 100vw, 1067px\" \/><figcaption id=\"caption-attachment-4409\" class=\"wp-caption-text\">Z\u00e1znam v skalickej matrike z roku 1717 sved\u010d\u00ed o naroden\u00ed prv\u00e9ho Ok\u00e1nika v Skalici. <br \/>Franti\u0161kovi a Mar\u00edne sa narodil syn Juraj. Foto: Vladim\u00edr Petrovi\u010d<\/figcaption><\/figure>\n<p>Tieto \u00fadaje n\u00e1m okrem inform\u00e1cie o\u00a0nest\u00e1losti a\u00a0r\u00f4znych form\u00e1ch z\u00e1pisu priezviska Ok\u00e1nik koncom 17. storo\u010dia (zap\u00edsan\u00e9 bolo aj ako Okany, aj Okanik, o\u00a0nie\u010do nesk\u00f4r u\u017e aj vo forme Okanyik), preukazuj\u00fa siln\u00fa v\u00e4zbu tejto rodiny na Skalicu, ktor\u00e1 nie je doposia\u013e objasnen\u00e1. Sudom\u011b\u0159ice v\u00a0tom \u010dase patrili administrat\u00edvne pod r.\u00a0k. farsk\u00fd \u00farad v\u00a0Str\u00e1\u017enici, no napriek tomu sa tieto krsty uskuto\u010dnili v\u00a0Skalici, podobne ako krst o\u00a0vy\u0161e tridsa\u0165 rokov sk\u00f4r. Po \u0161t\u00fadiu r.k. matr\u00edk v\u00a0Str\u00e1\u017enici sa n\u00e1m podarilo zisti\u0165, \u017ee sa toto priezvisko vyskytuje v\u00a0Sudom\u011b\u0159iciach od asi polovice 17. storo\u010dia. A\u00a0to nielen vo forme Okany, \u010di Okanyik, ale aj vo forme Okian (29. 4. 1646 sa sob\u00e1\u0161il vdovec Pavel Okian, syn Juraja Okian s\u00a0vdovou po Flori\u00e1novi Tolibrazovi Katar\u00ednou). P\u00f4vod tohto rodu v\u0161ak m\u00f4\u017eeme s\u00a0najv\u00e4\u010d\u0161ou pravdepodobnos\u0165ou vystopova\u0165 do obce Kne\u017edub odkia\u013e poch\u00e1dzal V\u00e1clav Ok\u00e1ni\u010dek, ktor\u00fd sa 25. 1. 1637 sob\u00e1\u0161il v\u00a0Str\u00e1\u017enici s\u00a0Annou (Wenceslaus Okaniczek ex Knezdub).<\/p>\n<p>\u010co sa t\u00fdka skalick\u00fdch Ok\u00e1nikovcov, t\u00ed sa objavuj\u00fa v\u00a0Skalici a\u017e v\u00a018. storo\u010d\u00ed. Najstar\u0161\u00ed man\u017eelsk\u00fd p\u00e1r, ktor\u00e9mu sa v\u00a0Skalici rodili deti a\u00a0b\u00fdval v\u00a0Skalici, bol <strong>Franti\u0161ek Ok\u00e1nik<\/strong> a\u00a0Mar\u00edna, r. Valekovi\u010dov\u00e1. Postupne sa im narodili deti Juraj (26. 3. 1717), J\u00e1n (2. 7. 1718), Jozef (26. 4. 1729), Al\u017ebeta (22. 9. 1731) a\u00a0Anna (8. 7. 1741). Predpoklad\u00e1me, \u017ee <strong>Jozef Ok\u00e1nik<\/strong>, ktor\u00e9mu sa s\u00a0man\u017eelkou Al\u017ebetou narodila dc\u00e9ra Al\u017ebeta (12. 1. 1723) bol Franti\u0161kov\u00fdm bratom. V\u00a0nasleduj\u00facom obdob\u00ed sa rodina Ok\u00e1nikovcov v\u00a0Skalici rozr\u00e1stla a\u00a0v\u00a0druhej polovici 19. storo\u010dia sa mnoh\u00ed jej \u010dlenovia zapojili i\u00a0do kult\u00farno-spolo\u010densk\u00e9ho \u017eivota mesta a\u00a0u\u017e spomenut\u00fd<strong> \u013dudov\u00edt Leopold Ok\u00e1nik<\/strong> i\u00a0do predprevratov\u00e9ho i\u00a0poprevratov\u00e9ho politick\u00e9ho \u017eivota na Slovensku.<\/p>\n<p>P\u00f4vod priezviska Ok\u00e1nik m\u00f4\u017eeme s k\u013eudn\u00fdm svedom\u00edm h\u013eada\u0165 v zdrobnenine, ktor\u00e1 sa pou\u017e\u00edva aj dnes, ak sa n\u00e1m p\u00e1\u010di nejak\u00e9 die\u0165a a zd\u00e1 sa n\u00e1m, \u017ee m\u00e1 ve\u013ek\u00e9 o\u010di. Hovor\u00edme <em>\u201e\u2026 to je ale ok\u00e1nik, ak\u00e9 m\u00e1 kr\u00e1sne, ve\u013ek\u00e9 a usmiate o\u010di\u010dk\u00e1 &#8230;\u201c<\/em>. Pr\u00edpadne, je p\u00f4vodom prez\u00fdvka, vz\u0165ahuj\u00faca sa na v\u00fdrazn\u00e9, \u010di ve\u013ek\u00e9 o\u010di.<\/p>\n<p><em>Mgr. Vladim\u00edr Petrovi\u010d,<\/em><br \/>\n<em>geneal\u00f3g a\u00a0historik<\/em><\/p>\n","protected":false},"excerpt":{"rendered":"<div class=\"mh-excerpt\"><p>Toto priezvisko nie je v s\u00fa\u010dasnosti na Slovensku ve\u013emi roz\u0161\u00edren\u00e9, av\u0161ak m\u00f4\u017eeme ho pova\u017eova\u0165 za skalick\u00e9, preto\u017ee v roku 1995 priezvisko Ok\u00e1nik nosilo len 25 mu\u017eov v 9 lokalit\u00e1ch. Z toho takmer polovica \u017eila v <a class=\"mh-excerpt-more\" href=\"http:\/\/skalickyobzor.sk\/cms\/skalicke-priezviska-xi-co-vsetko-videl-okanik\/\" title=\"Skalick\u00e9 priezvisk\u00e1 XI &#8211; \u010co v\u0161etko videl Ok\u00e1nik\">[&#8230;]<\/a><\/p>\n<\/div>","protected":false},"author":48,"featured_media":17,"comment_status":"closed","ping_status":"closed","sticky":false,"template":"","format":"standard","meta":{"footnotes":""},"categories":[25],"tags":[],"class_list":{"0":"post-4408","1":"post","2":"type-post","3":"status-publish","4":"format-standard","5":"has-post-thumbnail","7":"category-skalicke-priezviska"},"_links":{"self":[{"href":"http:\/\/skalickyobzor.sk\/cms\/wp-json\/wp\/v2\/posts\/4408","targetHints":{"allow":["GET"]}}],"collection":[{"href":"http:\/\/skalickyobzor.sk\/cms\/wp-json\/wp\/v2\/posts"}],"about":[{"href":"http:\/\/skalickyobzor.sk\/cms\/wp-json\/wp\/v2\/types\/post"}],"author":[{"embeddable":true,"href":"http:\/\/skalickyobzor.sk\/cms\/wp-json\/wp\/v2\/users\/48"}],"replies":[{"embeddable":true,"href":"http:\/\/skalickyobzor.sk\/cms\/wp-json\/wp\/v2\/comments?post=4408"}],"version-history":[{"count":3,"href":"http:\/\/skalickyobzor.sk\/cms\/wp-json\/wp\/v2\/posts\/4408\/revisions"}],"predecessor-version":[{"id":4412,"href":"http:\/\/skalickyobzor.sk\/cms\/wp-json\/wp\/v2\/posts\/4408\/revisions\/4412"}],"wp:featuredmedia":[{"embeddable":true,"href":"http:\/\/skalickyobzor.sk\/cms\/wp-json\/wp\/v2\/media\/17"}],"wp:attachment":[{"href":"http:\/\/skalickyobzor.sk\/cms\/wp-json\/wp\/v2\/media?parent=4408"}],"wp:term":[{"taxonomy":"category","embeddable":true,"href":"http:\/\/skalickyobzor.sk\/cms\/wp-json\/wp\/v2\/categories?post=4408"},{"taxonomy":"post_tag","embeddable":true,"href":"http:\/\/skalickyobzor.sk\/cms\/wp-json\/wp\/v2\/tags?post=4408"}],"curies":[{"name":"wp","href":"https:\/\/api.w.org\/{rel}","templated":true}]}}