{"id":445,"date":"2018-02-09T17:11:08","date_gmt":"2018-02-09T16:11:08","guid":{"rendered":"http:\/\/skalickyobzor.sk\/cms\/?p=445"},"modified":"2025-01-30T23:42:05","modified_gmt":"2025-01-30T22:42:05","slug":"hromnice-imbolc-perun-a-obetovanie-pana","status":"publish","type":"post","link":"http:\/\/skalickyobzor.sk\/cms\/hromnice-imbolc-perun-a-obetovanie-pana\/","title":{"rendered":"Hromnice \u2013 Imbolc, Per\u00fan a\u00a0obetovanie P\u00e1na"},"content":{"rendered":"<p><strong>V\u00a0 na\u0161om \u017eivote s\u00fa trad\u00edcie, ktor\u00e9 sa opakuj\u00fa, odkedy si pam\u00e4t\u00e1me. Pravdepodobne sa bud\u00fa opakova\u0165 aj na\u010falej, napriek tomu, \u017ee sme u\u017e d\u00e1vno zabudli na ich zmysel a\u00a0 p\u00f4vod. Tak s\u00fa, napriek na\u0161ej cyrilo-metodskej kres\u0165anskej kult\u00fare, aj po tis\u00edcro\u010diach s\u00fa\u010das\u0165ou na\u0161ej kult\u00fary sviatky a\u00a0 zvyky pripom\u00ednaj\u00face na\u0161u slovansk\u00fa a\u00a0keltsk\u00fa pohansk\u00fa minulos\u0165.<\/strong><\/p>\n<p>St\u00e1le na Ve\u013ek\u00fa noc \u0161ibeme diev\u010dat\u00e1, zapa\u013eujeme j\u00e1nske ohne, top\u00edme Morenu, oslavujeme na\u0161ich zosnul\u00fdch a\u00a0 2.\u00a0 febru\u00e1ra sv\u00e4t\u00edme v\u00a0 kostoloch sviece, ktor\u00e9 maj\u00fa ochr\u00e1ni\u0165 domy pred \u00faderom blesku. Napriek tomu, \u017ee nikto v\u00e1m neskolauduje dom bez bleskozvodu a\u00a0spotrebi\u010de chr\u00e1ni prep\u00e4\u0165ov\u00e1 ochrana, trad\u00edcie a\u00a0povery s\u00fa tak hlboko v\u00a0n\u00e1s, \u017ee ich sami udr\u017eiavame \u017eiv\u00e9.<\/p>\n<h3>NIE JE TO PRIMNOHO NA JEDEN DE\u0147?<\/h3>\n<p>2.\u00a0febru\u00e1r je svoj\u00edm sp\u00f4sobom v\u00fdnimo\u010dn\u00fd de\u0148. Podobne ako na Vianoce \u010di na Ve\u013ek\u00fa noc stret\u00e1vaj\u00fa sa pohansk\u00e9 ritu\u00e1ly s\u00a0kres\u0165ansk\u00fdmi i\u00a0\u017eidovsk\u00fdmi sviatkami. Meno Hromnice je len pripomienkou jednej z\u00a0mnoh\u00fdch udalost\u00ed via\u017eucich sa k\u00a0tomuto d\u00e1tumu. Vz\u0165ahuje sa k\u00a0slovansk\u00e9mu bohu hromu a\u00a0 blesku Per\u00fanovi. Nevieme v\u0161ak, \u010di jeho sviatok pripadal presne na tento de\u0148, alebo \u010di len bol v\u00a0rovnakom obdob\u00ed.<\/p>\n<figure id=\"attachment_443\" aria-describedby=\"caption-attachment-443\" style=\"width: 357px\" class=\"wp-caption aligncenter\"><img loading=\"lazy\" decoding=\"async\" class=\"size-full wp-image-443\" src=\"http:\/\/skalickyobzor.sk\/cms\/wp-content\/uploads\/2018\/02\/perun.png\" alt=\"\" width=\"357\" height=\"439\" srcset=\"http:\/\/skalickyobzor.sk\/cms\/wp-content\/uploads\/2018\/02\/perun.png 357w, http:\/\/skalickyobzor.sk\/cms\/wp-content\/uploads\/2018\/02\/perun-244x300.png 244w\" sizes=\"auto, (max-width: 357px) 100vw, 357px\" \/><figcaption id=\"caption-attachment-443\" class=\"wp-caption-text\">Per\u00fan, staroslovansk\u00fd boh b\u00farky a \u00farody. (M. Presniakov, 1998)<\/figcaption><\/figure>\n<p>Vzh\u013eadom na vzdialen\u00e9 miesta vzniku, r\u00f4zne kult\u00fary a\u00a0r\u00f4zne d\u00f4vody ide pravdepodobne o\u00a0zhodu n\u00e1hod. V\u00a0\u00edrskom kalend\u00e1ri v\u0161ak dodnes pretrv\u00e1va star\u00fd keltsk\u00fd sviatok Imbolc, ktor\u00fd s\u00a0 ve\u013ekou pravdepodobnos\u0165ou sl\u00e1vili Kelti aj na na\u0161om \u00fazem\u00ed. Sviatok pripad\u00e1 presne na 2.\u00a0febru\u00e1r a\u00a0jeho d\u00f4le\u017eitou s\u00fa\u010das\u0165ou je ohe\u0148 a\u00a0o\u010distenie.<\/p>\n<p>Ku d\u0148u Hromn\u00edc sa okrem pranost\u00edk via\u017ee i\u00a0 nieko\u013eko zvykov. Vo vy\u0161\u0161\u00edch nadmorsk\u00fdch v\u00fd\u0161kach s\u00faviseli s\u00a0pestovan\u00edm konope a\u00a0v\u00a0ni\u017e\u0161\u00edch poloh\u00e1ch s\u00a0pestovan\u00edm \u013eanu. O\u00a0\u010do v\u00e4\u010d\u0161ie rastliny nar\u00e1stli, o\u00a0to\u013eko viacej bolo nit\u00ed, a\u00a0tak sa \u201ezakl\u00ednanie\u201c s\u00fastre\u010fovalo na d\u013a\u017eku\u00a0\u2013\u00a0bol to de\u0148 k\u013azania, s\u00e1nkova\u010diek s\u00a0\u010do najdlh\u0161ou dr\u00e1hou, a\u00a0doma dokonca varili gazdin\u00e9 \u010do najdlh\u0161ie \u0161\u00fa\u013eance. S\u00fa\u010dasne \u013eudia verili, \u017ee niektor\u00e9 \u010dinnosti prin\u00e1\u0161aj\u00fa v\u00a0 tento de\u0148 ne\u0161\u0165astie, a\u00a0 tak sa zakazovalo tancova\u0165, vtipkova\u0165, klia\u0165, ale aj \u0161i\u0165, aby ihla nepritiahla blesk. Sviece po\u017eehnan\u00e9 v\u00a0 tento de\u0148 horeli i\u00a0 pri noh\u00e1ch zomieraj\u00facich.<\/p>\n<h3>PREDPOVEDANIE JARI<\/h3>\n<p>K\u00a0 Hromniciam sa pravdepodobne via\u017ee najviac pranost\u00edk zo v\u0161etk\u00fdch dn\u00ed v\u00a0 kalend\u00e1ri. Na str\u00e1nke www. pranostik.cz ich je zozbieran\u00fdch a\u017e 98!!! Nie je to n\u00e1hoda, preto\u017ee o\u010dak\u00e1vanie jari bolo u\u00a0na\u0161ich predkov jednou z\u00a0 najd\u00f4le\u017eitej\u0161\u00edch prelomov\u00fdch udalost\u00ed v\u00a0priebehu roka. Prich\u00e1dzal nov\u00fd \u017eivot, pr\u00edroda znovu za\u010d\u00ednala by\u0165 plodn\u00e1.<\/p>\n<figure id=\"attachment_442\" aria-describedby=\"caption-attachment-442\" style=\"width: 356px\" class=\"wp-caption aligncenter\"><img loading=\"lazy\" decoding=\"async\" class=\"size-full wp-image-442\" src=\"http:\/\/skalickyobzor.sk\/cms\/wp-content\/uploads\/2018\/02\/vypalovanie_kriza.png\" alt=\"\" width=\"356\" height=\"484\" srcset=\"http:\/\/skalickyobzor.sk\/cms\/wp-content\/uploads\/2018\/02\/vypalovanie_kriza.png 356w, http:\/\/skalickyobzor.sk\/cms\/wp-content\/uploads\/2018\/02\/vypalovanie_kriza-221x300.png 221w\" sizes=\"auto, (max-width: 356px) 100vw, 356px\" \/><figcaption id=\"caption-attachment-442\" class=\"wp-caption-text\">Vypa\u013eovanie kr\u00ed\u017ea hromni\u010dnou svie\u010dkou<br \/>v Karpatoch. (Micha\u0142 Elwiro Andriolli)<\/figcaption><\/figure>\n<p>Vedie\u0165, kedy za\u010dne jar, kedy bude mo\u017en\u00e9 ora\u0165 a\u00a0 sia\u0165 a\u00a0 ak\u00e9 bude po\u010dasie, dovtedy bolo mo\u017enos\u0165ou, ako sa na to pripravi\u0165 a\u00a0nepreme\u0161ka\u0165 spr\u00e1vnu chv\u00ed\u013eu. Pranostiky s\u00fa v\u0161ak \u013eudov\u00e9 \u00faslovia, ktor\u00e9 t\u00fdm najjednoduch\u0161\u00edm poetick\u00fdm a\u00a0 zapam\u00e4tate\u013en\u00fdm sp\u00f4sobom udr\u017euj\u00fa v\u00a0 povedom\u00ed \u013eudu sk\u00fasenosti a\u00a0 pozorovania s\u00favisiace s\u00a0 po\u010das\u00edm. Ich vek je v\u0161ak s\u00fa\u010dasne ich najv\u00e4\u010d\u0161ou slabinou. Hovoria toti\u017e o\u00a0 kl\u00edme, ktor\u00e1 vl\u00e1dla na na\u0161om \u00fazem\u00ed v\u00a0 d\u00e1vnej minulosti. Je jasn\u00e9, \u017ee tento de\u0148 dostal svoje pomenovanie pod\u013ea boha hromu Per\u00fana a\u00a0via\u017ee sa k\u00a0obdobiu prv\u00fdch jarn\u00fdch b\u00farok.<\/p>\n<p>Tie v\u0161ak dnes prich\u00e1dzaj\u00fa a\u017e ove\u013ea nesk\u00f4r&#8230; V\u00a0pranostik\u00e1ch k\u00a0tomuto d\u0148u sa \u010dasto spom\u00edna medve\u010f, ktor\u00fd sa v\u00a0tomto obdob\u00ed preb\u00fadzal. Pod\u013ea toho, \u010di sa vr\u00e1til sp\u00e4\u0165 do brloha, bolo jasn\u00e9, ako je to s\u00a0pribli\u017eovan\u00edm jari.<\/p>\n<h3>NA HROMNICE O\u00a0HODINU VIACEJ<\/h3>\n<p>T\u00e1to pravdepodobne najzn\u00e1mej\u0161ia hromnicov\u00e1 pranostika (sk\u00f4r \u00faslovie) sa \u010dasto vyslovuje spolu s\u00a0in\u00fdmi \u010dasov\u00fdmi \u00fadajmi\u00a0\u2013\u00a0\u201eNa Nov\u00fd rok o\u00a0slepa\u010d\u00ed krok\u201c a\u00a0\u201eNa Tri kr\u00e1le o\u00a0krok \u010falej\u201c. Nikto ur\u010dite neberie t\u00fato mieru v\u00e1\u017ene. Ide len o\u00a0poetick\u00e9 vyjadrenie, \u017ee de\u0148 sa s\u00edce pomaly, ale predsa len u\u017e za\u010d\u00edna predl\u017eova\u0165. Trocha inak je to s\u00a0 inform\u00e1ciou \u201eNa Hromnice o\u00a0 hodinu viacej\u201c. Toto tvrdenie n\u00e1m toti\u017e dok\u00e1\u017ee objasni\u0165 astron\u00f3mia. V\u00a0tabu\u013eke v\u00fdchodov a\u00a0z\u00e1padov Slnka n\u00e1jdeme, \u017ee 2.\u00a02.\u00a0v\u00a0Skalici Slnko vych\u00e1dza o\u00a07.22 a\u00a0zapad\u00e1 o\u00a016.48. To znamen\u00e1, \u017ee de\u0148 m\u00e1 d\u013a\u017eku 9\u00a0hod\u00edn a\u00a026 min\u00fat. Uplynul nejak\u00fd \u010das od zimn\u00e9ho slnovratu, ktor\u00fd bol 21.\u00a0decembra. Slnko vtedy vy\u0161lo o\u00a07.41 a\u00a0zapadlo o\u00a015.56, a\u00a0teda de\u0148 mal 8\u00a0hod\u00edn a\u00a015 min\u00fat. Pri pozorovaniach vo\u013en\u00fdm okom, bez d\u00f4myseln\u00fdch pr\u00edstrojov a\u00a0 v\u00fdpo\u010dtov, iste odpust\u00edme \u013eudovej m\u00fadrosti mal\u00fa nepresnos\u0165. V\u00a0tom pr\u00edpade sme pr\u00e1ve na\u0161li h\u013eadan\u00fa hodinu zo sl\u00e1vnej pranostiky\u00a0\u2013\u00a0pr\u00e1ve o\u00a0to\u013eko sa pred\u013a\u017eil de\u0148 od najkrat\u0161ieho d\u0148a pr\u00e1ve uplynulej zimy.<\/p>\n<h3>KRES\u0164ANSK\u00dd SVIATOK<\/h3>\n<p>Kres\u0165ansk\u00e1 trad\u00edcia vlastne stoj\u00ed na \u017eidovskej oby\u010daji. Pod\u013ea nej toti\u017e priniesla Panna M\u00e1ria svojho syna na \u0161tyridsiaty de\u0148 po jeho naroden\u00ed (teda 2.\u00a0 febru\u00e1ra) do jeruzalemsk\u00e9ho chr\u00e1mu. Po uplynut\u00ed doby, kedy bola ritu\u00e1lne ne\u010dist\u00e1, bolo jej povinnos\u0165ou prinies\u0165 Bohu z\u00e1stupn\u00fa obe\u0165 za svojho syna. Ako pre chudobn\u00fa \u017eenu to pravdepodobne nebol baran, ale len dva holuby. Preto sa p\u00f4vodn\u00fd sviatok O\u010dis\u0165ovania Panny M\u00e1rie od roku 1969 naz\u00fdva\u00a0Obetovanie P\u00e1na. Prorok Simeon ho pri tejto pr\u00edle\u017eitosti nazval \u201eSvetlom pre osvietenie pohanov\u201c a\u00a0 spojenie so symbolom sviece bolo logicky okam\u017eite po ruke. V\u00a0tento de\u0148 sa dodnes zvykn\u00fa v\u00a0 chr\u00e1moch posv\u00e4cova\u0165 svie\u010dky. Sviatok sa v\u00a0 cirkvi sl\u00e1vi od polovice 5.\u00a0storo\u010dia.<\/p>\n<figure id=\"attachment_441\" aria-describedby=\"caption-attachment-441\" style=\"width: 735px\" class=\"wp-caption aligncenter\"><img loading=\"lazy\" decoding=\"async\" class=\"size-full wp-image-441\" src=\"http:\/\/skalickyobzor.sk\/cms\/wp-content\/uploads\/2018\/02\/uvedenie_do_chramu.png\" alt=\"\" width=\"735\" height=\"652\" srcset=\"http:\/\/skalickyobzor.sk\/cms\/wp-content\/uploads\/2018\/02\/uvedenie_do_chramu.png 735w, http:\/\/skalickyobzor.sk\/cms\/wp-content\/uploads\/2018\/02\/uvedenie_do_chramu-300x266.png 300w\" sizes=\"auto, (max-width: 735px) 100vw, 735px\" \/><figcaption id=\"caption-attachment-441\" class=\"wp-caption-text\">Uvedenie do chr\u00e1mu, freska od Giotta v Cappella degli Scrovegni, Padova (okolo roku 1305)<\/figcaption><\/figure>\n<p>U\u017e vtedy po\u010das sprievodu od R\u00edmskeho f\u00f3ra k\u00a0 Bazilike Santa Maria Maggiore niesli \u013eudia v\u00a0ruk\u00e1ch sviece ako symbol \u010distoty. Sprievod sa stal s\u00fa\u010dasne protiv\u00e1hou pohansk\u00e9mu zvyku vykon\u00e1va\u0165 ka\u017ed\u00fd rok v\u00a0rovnakom \u010dase podobn\u00fd sprievod mestom. Naz\u00fdval sa Amburbale a\u00a0 na rozdiel od kres\u0165ansk\u00e9ho pok\u00e1nia bolo jeho cie\u013eom zmierenie. Tradi\u010dne je tento sviatok sp\u00e1jan\u00fd s\u00a0\u010distotou sl\u00e1ven\u00fd v\u00a0 katol\u00edckej cirkvi ako De\u0148 zasv\u00e4ten\u00e9ho \u017eivota, teda sviatok reho\u013en\u00edkov a\u00a0reho\u013en\u00edc.<\/p>\n<p>Mimochodom\u00a0\u2013\u00a0v\u00a0minulosti pr\u00e1ve Hromnice ohrani\u010dovali koniec viano\u010dn\u00e9ho obdobia a\u00a0v\u00a0tento de\u0148 sa ru\u0161ila v\u00fdzdoba. Trocha in\u00fd obsah m\u00e1 tento sviatok v\u00a0 byzantskom obrade. Tu sa zvykne naz\u00fdva\u0165 Stretnutie P\u00e1na a\u00a0 hlavnou udalos\u0165ou je stretnutie mal\u00e9ho Je\u017ei\u0161a so spravodliv\u00fdm Simeonom a\u00a0s\u00a0proroky\u0148ou Annou. \u010co je d\u00f4le\u017eit\u00e9 pre na\u0161e p\u00e1tranie po Hromniciach\u00a0\u2013\u00a0pri liturgii sa aj tu p\u00e1lia sviece.<\/p>\n<h3>S\u00da AJ IN\u00c9 MET\u00d3DY<\/h3>\n<p>Mo\u017eno by st\u00e1lo za pripomenutie, \u017ee okrem pranost\u00edk a\u00a0 modern\u00fdch meteorologick\u00fdch metod\u00edk je pr\u00e1ve na Hromnice mo\u017en\u00e9 predpoveda\u0165 pr\u00edchod jari aj podivnej\u0161\u00edmi met\u00f3dami. Niektor\u00ed si iste spom\u00ednate na popul\u00e1rny americk\u00fd film Na Hromnice o\u00a0 den v\u00edce (nebudem sa ani sna\u017ei\u0165 o\u00a0 slovensk\u00fa verziu n\u00e1zvu). Dej kom\u00e9die s\u00a0 Billom Murrayom sa to\u010d\u00ed okolo predpovede bl\u00ed\u017eiacej sa jari. Autorom predpovede, ktor\u00e1 sa skuto\u010dne odohr\u00e1va v\u00a0 pensylv\u00e1nskom Punxsutawney pr\u00e1ve 2.\u00a0 febru\u00e1ra, je v\u0161ak svi\u0161\u0165 Phil.<\/p>\n<p>Ke\u010f\u017ee sa ritu\u00e1l opakuje ka\u017edoro\u010dne u\u017e od roku 1887, je jasn\u00e9, \u017ee Philov bolo mnoho. V\u017edy v\u0161ak ide o\u00a0to, \u010di zahliadne svoj tie\u0148. Ak nie, jar sa bl\u00ed\u017ei. Zatia\u013e za 130 rokov viac ako stokr\u00e1t predpovedal e\u0161te zimu. V\u00a0Dunkirku v\u00a0\u0161t\u00e1te New York maj\u00fa konkuren\u010dn\u00e9ho svi\u0161\u0165a Davea a\u00a0na Staten Islande zase Chucka. V\u00a0podstate ale st\u00e1le hovor\u00edme o\u00a0rovnakej sk\u00fasenosti tu \u010di tam. Hovor\u00ed sa, \u017ee pokia\u013e je na Hromnice jasno, bude zima trva\u0165 e\u0161te minim\u00e1lne \u0161es\u0165 t\u00fd\u017ed\u0148ov.<\/p>\n<p>No a\u00a0aby svi\u0161\u0165 videl svoj tie\u0148, mus\u00ed svieti\u0165 slnko&#8230; Sn\u00e1\u010f je to v\u0161etko jasn\u00e9. Napokon, jedinou istotou je, \u017ee jar raz ur\u010dite pr\u00edde. Doteraz v\u017edy pri\u0161la.<\/p>\n<p>&nbsp;<\/p>\n<pre>Minirozhovor k\u00a0t\u00e9me s\u00a0far\u00e1rom ev.\u00a0a.\u00a0v.\u00a0cirkvi ThDr. Petrom \u0160vehlom\r\n\r\n<strong>S\u00fa Hromnice a\u00a0sviatok Obetovania P\u00e1na vn\u00edman\u00e9 \u013eu\u010fmi ako v\u00fdznamn\u00e9, alebo s\u00fa dnes medzi \u201emen\u0161\u00edmi\u201c sviatkami?<\/strong>\r\n\r\n\r\nM\u00e1me ve\u013ea kres\u0165ansk\u00fdch sviatkov. Samozrejme Vianoce,\u00a0Ve\u013ek\u00e1 noc a\u00a0sv\u00e4todu\u0161n\u00e9 sviatky s\u00fa najviac vn\u00edman\u00e9, asi i\u00a0preto, \u017ee s\u00fa spojen\u00e9 s\u00a0trad\u00edciami a\u00a0tieto dodr\u017euj\u00fa aj neveriaci. Obetovanie p\u00e1na v\u0161ak nie je v\u00fdznamom men\u0161\u00ed sviatok, i\u00a0ke\u010f \u013eudia ho vn\u00edmaj\u00fa z\u00e1rove\u0148 ako ukon\u010denie viano\u010dn\u00e9ho obdobia. T\u00ed, ktor\u00ed tento sviatok pre\u017e\u00edvaj\u00fa i\u00a0duchovne, si cestu do kostola n\u00e1jdu. Je ich v\u0161ak menej ako na Vianoce \u010di Ve\u013ek\u00fa noc.\r\n\r\n<strong>Ako vn\u00edma cirkev mno\u017estvo povier spojen\u00fdch s\u00a0t\u00fdmto d\u0148om? Napr\u00edklad sviece chr\u00e1niace proti \u00faderu blesku?<\/strong>\r\n\r\n\u013dudia v\u00a0tej dobe nerozumeli pr\u00edrodn\u00fdm \u00fakazom, preto verili pover\u00e1m a\u00a0udr\u017eiavali trad\u00edcie, ktor\u00fdm verili. Dnes si ur\u010dite v\u0161etci rad\u0161ej d\u00e1me na dom hromozvod. No nie je ni\u010d zl\u00e9 na trad\u00edcii. Pokia\u013e niekto ver\u00ed, \u017ee ho ochr\u00e1ni i\u00a0svieca a\u00a0zap\u00e1li si ju, je to ka\u017ed\u00e9ho slobodn\u00e1 v\u00f4\u013ea. Nem\u00e1 to v\u0161ak ni\u010d spolo\u010dn\u00e9 s\u00a0vierovyznan\u00edm ani kres\u0165anskou vierou, lebo kres\u0165anstvo nie je zalo\u017een\u00e9 na pover\u00e1ch.<\/pre>\n<p>&nbsp;<\/p>\n<pre>V\u00a0uliciach Skalice sme sa op\u00fdtali n\u00e1hodn\u00fdch okoloid\u00facich:\r\n\r\n\r\n<strong>1. Spomeniete si na nejak\u00fa pranostiku, ktor\u00e1 sa sp\u00e1ja s\u00a0Hromnicami?<\/strong>\r\n<strong>2. S\u00a0t\u00fdmto d\u0148om je spojen\u00fdch mnoho povier, dodr\u017eiavate niektor\u00e9?<\/strong>\r\n<strong>3. Ver\u00edte v\u0161eobecne na nejak\u00e9 povery?<\/strong>\r\n<strong>4. Viete, ktor\u00e9 sviatky sa traduj\u00fa e\u0161te z\u00a0pohansk\u00fdch \u010dias?<\/strong>\r\n\r\n\r\nD\u00f4chodky\u0148a, V\u0160:\r\n1. Na Hromnice koniec sanice, to v\u017edy vravieval otec, nemal sneh r\u00e1d :-).\r\n2. Neviem takto nar\u00fdchlo, pre m\u0148a kon\u010d\u00ed viano\u010dn\u00e9 obdobie.\r\n3. Ma\u010dky odh\u00e1\u0148am, ke\u010f id\u00fa cez cestu, alebo aspo\u0148 3x odp\u013eujem :-) a\u00a0c\u00favam. Aj sa to pln\u00ed. Raz sme i\u0161li s\u00a0mamou nakupova\u0165 do Hodon\u00edna a\u00a0prebehla n\u00e1m ma\u010dka cez cestu. Pr\u00eddeme na n\u00e1dra\u017eie a\u00a0vlak ne\u0161iel, tak sme ni\u010d nenak\u00fapili.\r\n4. Upa\u013eovanie Moreny, ometanie na Luciu, du\u0161i\u010dky (p\u00f4vodne je to pohansk\u00fd sviatok, nosilo sa vraj jedlo na hroby, lebo du\u0161e vst\u00e1vaj\u00fa a\u00a0vych\u00e1dzaj\u00fa na tento svet).\r\n\r\n\r\nD\u00f4chodky\u0148a, V\u0160:\r\n1. \u010c\u00edm v\u00e4\u010d\u0161ia zima na Hromnice, t\u00fdm v\u00e4\u010d\u0161ia \u00faroda.\r\n2. Chod\u00edm na Hromnice do kostola da\u0165 si sviece pod krk, aby som nebola chor\u00e1, no v\u00e4\u010d\u0161inou aj tak ochoriem.\r\n3. Na niektor\u00e9 \u00e1no, napr\u00edklad ma\u010dku cez cestu.\r\n4. Ve\u013ek\u00e1 noc aj Vianoce s\u00fa aj v\u00a0 \u010dase pohansk\u00fdch sviatkov.\r\n\r\n\r\nMami\u010dka na materskej, S\u0160:\r\n1. Na Hromnice o\u00a0 hodinu v\u00edce a\u00a0 ostatn\u00e9 neviem presne. Ur\u010dite je pranostika aj s\u00a0 medve\u010fom, ktor\u00fd sa preva\u013euje, ale na presn\u00fa \u0161tyliz\u00e1ciu si nespom\u00ednam.\r\n2. U\u017e z n\u00e1zvu Hromnice je c\u00edti\u0165 povera, ktor\u00e1 sa t\u00fdka hromov a\u00a0 bleskov. \u013dudia sa modlili pri zap\u00e1lenej svie\u010dke, aby ich domov nezasiahol blesk. Ja v\u00a0tento de\u0148 nedodr\u017eiavam \u017eiadne povery.\r\n3. V\u00e4\u010d\u0161inou si povery vylo\u017e\u00edm po svojom. Napr\u00edklad, ke\u010f vid\u00edm prebehn\u00fa\u0165 \u010diernu ma\u010dku cez cestu, ka\u017ed\u00e9mu sa to sp\u00e1ja so zlou spr\u00e1vou. Ja v\u00a0tom, naopak, vid\u00edm dobr\u00fa spr\u00e1vu.\r\n4. Mysl\u00edm, \u017ee sviatok zosnul\u00fdch poch\u00e1dza z\u00a0pohansk\u00fdch \u010dias, aj ke\u010f nie v\u00a0takej forme, ako ju pozn\u00e1me dnes.\r\n\r\n\r\nMana\u017e\u00e9rka, V\u0160:\r\n1. Na Hromnice o\u00a0den v\u00edce.\r\n2. Nie.\r\n3. Nie.\r\n4. Neviem presne, ale pr\u00e1ve Hromnice s\u00fa oslava prelomu zimy do druhej polovice a\u00a0mal by to by\u0165 e\u0161te pohansk\u00fd zvyk.\r\n\r\n\r\nMana\u017e\u00e9r, V\u0160:\r\n1. Na Hromnice o\u00a0den v\u00edce...\r\n2. Nie.\r\n3. \u00c1no.\r\n4. Rovnodennos\u0165, Kra\u010d\u00fa\u0148.\r\n\r\n\r\n\u00daradn\u00ed\u010dka, S\u0160:\r\n1. Na Hromnice o\u00a0hodinu v\u00edce.\r\n2. Nedodr\u017eiavam, resp. si nie som toho vedom\u00e1.\r\n3. Never\u00edm, ale teda pr\u00e1dlo na Nov\u00fd rok by som nepovesila ani omylom.\r\n4. \u0160iba\u010dka a\u00a0nejak\u00fd ten ma\u0161kar\u00e1k?\r\n\r\n<\/pre>\n","protected":false},"excerpt":{"rendered":"<div class=\"mh-excerpt\"><p>V\u00a0 na\u0161om \u017eivote s\u00fa trad\u00edcie, ktor\u00e9 sa opakuj\u00fa, odkedy si pam\u00e4t\u00e1me. Pravdepodobne sa bud\u00fa opakova\u0165 aj na\u010falej, napriek tomu, \u017ee sme u\u017e d\u00e1vno zabudli na ich zmysel a\u00a0 p\u00f4vod. Tak s\u00fa, napriek na\u0161ej cyrilo-metodskej kres\u0165anskej <a class=\"mh-excerpt-more\" href=\"http:\/\/skalickyobzor.sk\/cms\/hromnice-imbolc-perun-a-obetovanie-pana\/\" title=\"Hromnice \u2013 Imbolc, Per\u00fan a\u00a0obetovanie P\u00e1na\">[&#8230;]<\/a><\/p>\n<\/div>","protected":false},"author":15,"featured_media":17,"comment_status":"closed","ping_status":"closed","sticky":false,"template":"","format":"standard","meta":{"footnotes":""},"categories":[2],"tags":[],"class_list":{"0":"post-445","1":"post","2":"type-post","3":"status-publish","4":"format-standard","5":"has-post-thumbnail","7":"category-hlavna-tema"},"_links":{"self":[{"href":"http:\/\/skalickyobzor.sk\/cms\/wp-json\/wp\/v2\/posts\/445","targetHints":{"allow":["GET"]}}],"collection":[{"href":"http:\/\/skalickyobzor.sk\/cms\/wp-json\/wp\/v2\/posts"}],"about":[{"href":"http:\/\/skalickyobzor.sk\/cms\/wp-json\/wp\/v2\/types\/post"}],"author":[{"embeddable":true,"href":"http:\/\/skalickyobzor.sk\/cms\/wp-json\/wp\/v2\/users\/15"}],"replies":[{"embeddable":true,"href":"http:\/\/skalickyobzor.sk\/cms\/wp-json\/wp\/v2\/comments?post=445"}],"version-history":[{"count":4,"href":"http:\/\/skalickyobzor.sk\/cms\/wp-json\/wp\/v2\/posts\/445\/revisions"}],"predecessor-version":[{"id":5724,"href":"http:\/\/skalickyobzor.sk\/cms\/wp-json\/wp\/v2\/posts\/445\/revisions\/5724"}],"wp:featuredmedia":[{"embeddable":true,"href":"http:\/\/skalickyobzor.sk\/cms\/wp-json\/wp\/v2\/media\/17"}],"wp:attachment":[{"href":"http:\/\/skalickyobzor.sk\/cms\/wp-json\/wp\/v2\/media?parent=445"}],"wp:term":[{"taxonomy":"category","embeddable":true,"href":"http:\/\/skalickyobzor.sk\/cms\/wp-json\/wp\/v2\/categories?post=445"},{"taxonomy":"post_tag","embeddable":true,"href":"http:\/\/skalickyobzor.sk\/cms\/wp-json\/wp\/v2\/tags?post=445"}],"curies":[{"name":"wp","href":"https:\/\/api.w.org\/{rel}","templated":true}]}}