{"id":4471,"date":"2021-05-07T21:02:05","date_gmt":"2021-05-07T19:02:05","guid":{"rendered":"http:\/\/skalickyobzor.sk\/cms\/?p=4471"},"modified":"2021-05-07T21:12:32","modified_gmt":"2021-05-07T19:12:32","slug":"skalicke-ulice-pribinova","status":"publish","type":"post","link":"http:\/\/skalickyobzor.sk\/cms\/skalicke-ulice-pribinova\/","title":{"rendered":"Skalick\u00e9 ulice &#8211; Pribinova"},"content":{"rendered":"<p><strong>Pribina<\/strong>, tie\u017e <strong>Priwina<\/strong>, <strong>Priuuina<\/strong> (* okolo roku 800 \u2013 \u2020 861) bol vl\u00e1dcom Nitrianskeho knie\u017eatstva v tridsiatych rokoch 9. storo\u010dia a prv\u00fdm historicky zn\u00e1mym knie\u017ea\u0165om star\u00fdch Slov\u00e1kov \u2013 predkov dne\u0161n\u00fdch Slov\u00e1kov. Jazykovedci pova\u017euj\u00fa jeho meno za slovansk\u00e9 \u2013 prvina, \u010di\u017ee prvoroden\u00fd syn (resp. vo v\u00fdzname <em>\u201eprv\u00fd mocn\u00fd mu\u017e \u2013 prvina\u201c<\/em>), alebo ako s\u00favisiace so slovami <em>priby\u0165-prib\u00fada\u0165, prirasta\u0165 <\/em>(aj vo v\u00fdzname <em>\u201emu\u017ea, prib\u00fdvaj\u00facemu moci a\u00a0sl\u00e1vy\u201c<\/em>). Jeho meno v\u00a0dobov\u00fdch latinsk\u00fdch z\u00e1pisoch sa spom\u00edna ako <em>Priwina, Priuuina<\/em> (v\u00a0preklade \u201epastorok\u201c, \u201eneman\u017eelsk\u00fd, nevlastn\u00fd syn\u201c), z\u00a0\u010doho niektor\u00ed star\u0161\u00ed historici usudzovali, \u017ee bol pastorkom alebo nevlastn\u00fdm bratom Mojm\u00edra I, vl\u00e1dcu Moravsk\u00e9ho knie\u017eatstva (in\u00ed historici v\u0161ak vyslovili n\u00e1zor, \u017ee vzh\u013eadom na svoje neskor\u0161ie osudy nepatril k\u00a0rodu Mojm\u00edrovcov).<\/p>\n<p>Pribina bol rokoch 825 a\u017e 833 posledn\u00fdm knie\u017ea\u0165om samostatn\u00e9ho Nitrianskeho knie\u017eatstva (s dobov\u00fdm pomenovan\u00edm <em>Nitrava<\/em>, rovnako ako rieka Nitra a dne\u0161n\u00e9 mesto Nitra), ktor\u00e9 bolo na \u00fazem\u00ed dne\u0161n\u00e9ho Slovenska (jeho z\u00e1padnou hranicou boli Mal\u00e9 a Biele Karpaty, na v\u00fdchode siahali hranice Nitrianska po\u00a0Spi\u0161, kde sa z\u00a0tohto obdobia podarilo archeol\u00f3gom dolo\u017ei\u0165 mocensk\u00e9 centrum v\u00a0\u010cingove pri Spi\u0161sk\u00fdch Tom\u00e1\u0161ovciach. Nesk\u00f4r, asi od roku 840 do 861, bol prv\u00fdm knie\u017ea\u0165om Blatensk\u00e9ho knie\u017eatstva na \u00fazem\u00ed dne\u0161n\u00e9ho Ma\u010farska a\u00a0\u010dasti Rak\u00faska, ktor\u00e9 siahalo na\u00a0severe od\u00a0horn\u00e9ho toku rieky R\u00e1by a\u00a0zaberalo aj \u00fazemie pri rieke Dr\u00e1va. Pribina bol vl\u00e1dcom pravdepodobne u\u017e nad kme\u0148ov\u00e9ho \u00fatvaru, ktor\u00fd patr\u00ed k\u00a0jednej z\u00a0najstar\u0161\u00edch trad\u00edci\u00ed samostatnej slovenskej \u0161t\u00e1tnosti a\u00a0\u0161\u00edrenia kres\u0165anstva na Slovensku.<\/p>\n<p>S\u00eddlom Pribinu bola Nitra (Nitrava), v\u00a0ktorej mu pribli\u017ene v\u00a0roku 828 salzbursk\u00fd arcibiskup Adalram vysv\u00e4til kostol na jeho dedi\u010dnom majetku Nitrava, aj ke\u010f s\u00e1m Pribina bol e\u0161te pohanom (pod\u013ea in\u00fdch historikov u\u017e bol kres\u0165anom). Bol to prv\u00fd zn\u00e1my kostol z\u00e1padn\u00fdch a\u00a0v\u00fdchodn\u00fdch Slovanov. Kostol dal Pribina vysv\u00e4ti\u0165 pravdepodobne pre svoju man\u017eelku Adelaidu, \u201ekr\u00e1snu bavorsk\u00fa k\u0148a\u017en\u00fa\u201c (v\u00a0Bavorsku v\u00a0Pasove \u2013 Passau, v\u00a0dne\u0161nom Nemecku, bolo u\u017e biskupstvo), ktor\u00e1 bola pravdepodobne z\u00a0vysokopostaven\u00e9ho vilhelmsk\u00e9ho rodu z\u00a0Rezna (Regensburg, Bavorsko). V\u00a0Nitre sa im narodil syn Koce\u013e, ktor\u00e9ho dal hne\u010f po naroden\u00ed pokrsti\u0165.<\/p>\n<p>Pribinu z Nitry vyhnal Mojm\u00edr I, vl\u00e1dca susedn\u00e9ho Moravsk\u00e9ho knie\u017eatstva (okolo r. 832\/833), ktor\u00fd obe knie\u017eatstv\u00e1 mocensky spojil. Pribina sa aj so svojou 500-\u010dlennou dru\u017einou uch\u00fdlil ku gr\u00f3fovi Ratbodovi, spr\u00e1vcovi V\u00fdchodnej marky (okrajov\u00e9 \u00fazemie Franskej r\u00ed\u0161e), ktor\u00fd ho v Rezne predstavil (r. 833) fransk\u00e9mu kr\u00e1\u013eovi \u013dudov\u00edtovi Nemcovi. Na jeho pr\u00edkaz ho dali vyu\u010di\u0165 v kres\u0165anstve (podst\u00fapil \u201ekatechumen\u00e1t\u201c) a pokrstili v kostole sv. Martina v Traismaueri. Pre spory s Ratbodom (pravdepodobne pre nenaplnenie jeho o\u010dak\u00e1van\u00ed o re\u0161tit\u00faciu nitrianskych n\u00e1rokov) \u010doskoro Pribina utiekol do Bulharska, nesk\u00f4r do Chorv\u00e1tka (z\u00e1padn\u00e9ho Slav\u00f3nska; ku knie\u017ea\u0165u Ratimitrovi). Odtia\u013e utiekol aj s dru\u017einou ku gr\u00f3fovi Salachovi do Korut\u00e1nska (na \u00fazem\u00ed dne\u0161n\u00e9ho Slovinska). Nesk\u00f4r (r. 838\/839), ke\u010f sa mu podarilo \u2013 v\u010faka Salachovi \u2013 zmieri\u0165 s Ratbodom, dostal (na ich pr\u00edhovor) od \u013dudov\u00edta Nemca Pribina do l\u00e9na majetky v Dolnej Pan\u00f3nii pri rieke S\u00e1la (Zala, dnes v Ma\u010farsku) pri Blatenskom jazere (asi r. 840).<\/p>\n<p>Pribina si tam dal postavi\u0165 nov\u00e9 hradisko Blatnohrad (Moosburg), ktor\u00e9 sa pod\u013ea archeologick\u00fdch n\u00e1lezov nach\u00e1dzalo ne\u010faleko od dne\u0161nej obce Zalav\u00e1r (Ma\u010farsko). Toto \u00fazemie bolo ob\u00fdvan\u00e9 autocht\u00f3nnym slovansk\u00fdm obyvate\u013estvom (pod\u013ea v\u00fdznamn\u00e9ho slovensk\u00e9ho jazykovedca J\u00e1na Stanislava) \u2013 star\u00fdmi Slov\u00e1kmi, jazykovo a kult\u00farne toto\u017en\u00fdmi s vtedaj\u0161\u00edmi star\u00fdmi Slov\u00e1kmi, ktor\u00ed \u017eili na \u00fazem\u00ed Ve\u013ekej Moravy (dne\u0161n\u00e9ho Slovenska a dne\u0161nej Moravy). Pribina k spravovan\u00e9mu \u00fazemiu prip\u00e1jal \u010fal\u0161ie majetky a postupne ich os\u00edd\u013eoval slovansk\u00fdm obyvate\u013estvom. Z\u00e1rove\u0148 horlivo roz\u0161iroval kres\u0165anstvo, do svojho kraja poz\u00fdval k\u0148azov, u\u010dencov a biskupov, dal postavi\u0165 17 kostolov (pod\u013ea in\u00fdch a\u017e 20).<\/p>\n<p>Za svoje aktivity Pribina cel\u00e9 spravovan\u00e9 \u00fazemie (knie\u017eatstvo) z\u00edskal do dedi\u010dn\u00e9ho vlastn\u00edctva (r. 847). Vo svojom novom knie\u017eatstve nechal postavi\u0165 aj kostol, ktor\u00fd bol v\u00a0roku 850 vysv\u00e4ten\u00fd salzbursk\u00fdm arcibiskupom Liupramom. Pribinov kapl\u00e1n bol z\u00e1rove\u0148 pov\u00fd\u0161en\u00fd na\u00a0archipresbytera a\u00a0stal sa tak najvy\u0161\u0161\u00edm cirkevn\u00fdm predstavite\u013eom v\u00a0Pribinovom knie\u017eatstve a\u00a0z\u00e1stupcom arcibiskupovej pr\u00e1vomoci. V\u00a0christianiza\u010dnej \u010dinnosti Pribinovi ve\u013emi pom\u00e1hal aj jeho syn Koce\u013e (*asi 830 \u2013 \u2020 876), ktor\u00fd v\u00a0nej \u00faspe\u0161ne pokra\u010doval aj po smrti svojho otca. Posledn\u00e1 nejasn\u00e1 spr\u00e1va o\u00a0Pribinovi je z\u00a0roku 861, pod\u013ea ktorej ho v\u00a0bojoch zabili (alebo dali zavra\u017edi\u0165) Moravania (v\u00a0boji ve\u013ekomoravsk\u00e9ho vl\u00e1dcu Rastislava s\u00a0Karolmanom, spr\u00e1vcom v\u00fdchodn\u00fdch \u00fazem\u00ed Franskej r\u00ed\u0161e), odkedy jeho syn Koce\u013e u\u017e vystupoval ako samostatn\u00fd vl\u00e1dca.<\/p>\n<p>Pribina je na\u0161im prv\u00fdm historicky dolo\u017een\u00fdm knie\u017ea\u0165om \u2013 staroslovensk\u00fdm vl\u00e1dcom na \u00fazem\u00ed dne\u0161n\u00e9ho Slovenska.<\/p>\n<p><em>Pavol Dinka<\/em><br \/>\n<em>Spracovan\u00e9 z\u00a0prame\u0148ov \u0160tefana Cifru<\/em><\/p>\n","protected":false},"excerpt":{"rendered":"<div class=\"mh-excerpt\"><p>Pribina, tie\u017e Priwina, Priuuina (* okolo roku 800 \u2013 \u2020 861) bol vl\u00e1dcom Nitrianskeho knie\u017eatstva v tridsiatych rokoch 9. storo\u010dia a prv\u00fdm historicky zn\u00e1mym knie\u017ea\u0165om star\u00fdch Slov\u00e1kov \u2013 predkov dne\u0161n\u00fdch Slov\u00e1kov. Jazykovedci pova\u017euj\u00fa jeho meno <a class=\"mh-excerpt-more\" href=\"http:\/\/skalickyobzor.sk\/cms\/skalicke-ulice-pribinova\/\" title=\"Skalick\u00e9 ulice &#8211; Pribinova\">[&#8230;]<\/a><\/p>\n<\/div>","protected":false},"author":16,"featured_media":17,"comment_status":"closed","ping_status":"closed","sticky":false,"template":"","format":"standard","meta":{"footnotes":""},"categories":[24],"tags":[],"class_list":{"0":"post-4471","1":"post","2":"type-post","3":"status-publish","4":"format-standard","5":"has-post-thumbnail","7":"category-skalicke-ulice"},"_links":{"self":[{"href":"http:\/\/skalickyobzor.sk\/cms\/wp-json\/wp\/v2\/posts\/4471","targetHints":{"allow":["GET"]}}],"collection":[{"href":"http:\/\/skalickyobzor.sk\/cms\/wp-json\/wp\/v2\/posts"}],"about":[{"href":"http:\/\/skalickyobzor.sk\/cms\/wp-json\/wp\/v2\/types\/post"}],"author":[{"embeddable":true,"href":"http:\/\/skalickyobzor.sk\/cms\/wp-json\/wp\/v2\/users\/16"}],"replies":[{"embeddable":true,"href":"http:\/\/skalickyobzor.sk\/cms\/wp-json\/wp\/v2\/comments?post=4471"}],"version-history":[{"count":2,"href":"http:\/\/skalickyobzor.sk\/cms\/wp-json\/wp\/v2\/posts\/4471\/revisions"}],"predecessor-version":[{"id":4473,"href":"http:\/\/skalickyobzor.sk\/cms\/wp-json\/wp\/v2\/posts\/4471\/revisions\/4473"}],"wp:featuredmedia":[{"embeddable":true,"href":"http:\/\/skalickyobzor.sk\/cms\/wp-json\/wp\/v2\/media\/17"}],"wp:attachment":[{"href":"http:\/\/skalickyobzor.sk\/cms\/wp-json\/wp\/v2\/media?parent=4471"}],"wp:term":[{"taxonomy":"category","embeddable":true,"href":"http:\/\/skalickyobzor.sk\/cms\/wp-json\/wp\/v2\/categories?post=4471"},{"taxonomy":"post_tag","embeddable":true,"href":"http:\/\/skalickyobzor.sk\/cms\/wp-json\/wp\/v2\/tags?post=4471"}],"curies":[{"name":"wp","href":"https:\/\/api.w.org\/{rel}","templated":true}]}}