{"id":4481,"date":"2021-05-07T21:10:32","date_gmt":"2021-05-07T19:10:32","guid":{"rendered":"http:\/\/skalickyobzor.sk\/cms\/?p=4481"},"modified":"2021-05-07T21:13:14","modified_gmt":"2021-05-07T19:13:14","slug":"vazena-pani-primatorka-vazeni-poslanci-26","status":"publish","type":"post","link":"http:\/\/skalickyobzor.sk\/cms\/vazena-pani-primatorka-vazeni-poslanci-26\/","title":{"rendered":"V\u00e1\u017een\u00e1 pani prim\u00e1torka, v\u00e1\u017een\u00ed poslanci!"},"content":{"rendered":"<p>Pravidelne v\u00e1m kladieme ot\u00e1zky, ktor\u00e9 zauj\u00edmaj\u00fa na\u0161ich \u010ditate\u013eov a\u00a0s\u00fa\u010dasne va\u0161ich voli\u010dov. Pr\u00e1vo\u00a0kl\u00e1s\u0165 ot\u00e1zky vypl\u00fdva z\u00a0verejnopr\u00e1vneho syst\u00e9mu, v\u00a0ktorom nami zvolen\u00ed z\u00e1stupcovia spravuj\u00fa a\u00a0zve\u013ea\u010fuj\u00fa v\u00a0na\u0161om mene na\u0161e spolo\u010dn\u00e9 hmotn\u00e9 i\u00a0duchovn\u00e9 dedi\u010dstvo a\u00a0sp\u00e4tne sa n\u00e1m ob\u010danom zodpovedaj\u00fa. Av\u0161ak, ka\u017ed\u00e1 minca m\u00e1 dve strany. Na\u0161i z\u00e1stupcovia bez z\u00e1ujmu ob\u010danov (po\u010das cel\u00e9ho volebn\u00e9ho obdobia, nielen vo vo\u013eb\u00e1ch a\u00a0pri volebn\u00fdch urn\u00e1ch) a\u00a0ich pomoci v\u00a0rie\u0161en\u00ed vec\u00ed verejn\u00fdch, sami v\u0161etko nedok\u00e1\u017eu. V\u0161etci poslanci maj\u00fa svoje pracovn\u00e9 povinnosti a\u00a0verejn\u00fa spr\u00e1vu maj\u00fa ako \u010fal\u0161\u00ed z\u00e1ujem o\u00a0blaho mesta a\u00a0venuj\u00fa tomu svoj vo\u013en\u00fd \u010das, \u010do, samozrejme, nezni\u017euje po\u017eiadavku na ich zodpovedn\u00fd pr\u00edstup. Preto sa dnes p\u00fdtame:<\/p>\n<ul>\n<li><strong>Ch\u00fdba v\u00e1m akt\u00edvna podpora, \u010di pomoc ob\u010danov, alebo by sa mali spo\u013eahn\u00fa\u0165 na svojich zvolen\u00fdch z\u00e1stupcov a necha\u0165 rie\u0161enia na nich?<\/strong><\/li>\n<li><strong>Ktor\u00e9 t\u00e9my s\u00fa dnes na pokraji pozornosti a s\u00fa z v\u00e1\u0161ho poh\u013eadu d\u00f4le\u017eit\u00e9, no ob\u010danmi prehliadan\u00e9?<\/strong><\/li>\n<li><strong>Ak\u00e9 ot\u00e1zky by ste od ob\u010danov uv\u00edtali a radi vysvetlili, \u010di zodpovedali? Na \u010do by ob\u010dania mali by\u0165 zvedav\u00ed a pritom tieto ot\u00e1zky od voli\u010dov nedost\u00e1vate?<\/strong><\/li>\n<\/ul>\n<p>Ke\u010f\u017ee tentokr\u00e1t nekladieme jednoduch\u00e9 ot\u00e1zky, ne\u017eiadame jednoduch\u00e9 odpovede \u00e1no-nie. Na ich formulovanie nech\u00e1vame v\u00e4\u010d\u0161\u00ed \u010dasov\u00fd priestor i\u00a0rozsah. Odpovede zverejn\u00edme v\u00a0j\u00fanovom \u010d\u00edsle.<\/p>\n<p>Za va\u0161e odpovede vopred \u010fakujeme.<\/p>\n<p>Mil\u00ed \u010ditatelia,<\/p>\n<p>iste ste si v\u0161imli, \u017ee v dolnej \u010dasti pod menami poslancov pribudli percent\u00e1. Tie vyjadruj\u00fa na ko\u013eko ot\u00e1zok poslanec od za\u010diatku volebn\u00e9ho obdobia odpovedal. Ka\u017ed\u00fd mesiac budeme uverej\u0148ova\u0165 aktu\u00e1lny stav.<\/p>\n<p><em>Redakcia<\/em><\/p>\n<div id=\"poslanci\">\n<div class=\"poslanec\">\n<div class=\"foto\"><img decoding=\"async\" src=\"http:\/\/skalickyobzor.sk\/cms\/wp-content\/uploads\/2019\/01\/anna_mierna.jpg\" \/><\/div>\n<div class=\"meno\">MIERNA Anna<\/div>\n<div class=\"percenta\">86%<\/div>\n<div class=\"odpoved\"><\/div>\n<\/div>\n<div class=\"poslanec\">\n<div class=\"foto\"><img decoding=\"async\" src=\"http:\/\/skalickyobzor.sk\/cms\/wp-content\/uploads\/2017\/10\/fotka_poslanca.jpg\" \/><\/div>\n<div class=\"meno\">BAR\u00c1T \u013dudov\u00edt<\/div>\n<div class=\"percenta\">14%<\/div>\n<div class=\"odpoved\"><\/div>\n<\/div>\n<div class=\"poslanec\">\n<div class=\"foto\"><img decoding=\"async\" src=\"http:\/\/skalickyobzor.sk\/cms\/wp-content\/uploads\/2019\/01\/veronika_hanzalikova.jpg\" \/><\/div>\n<div class=\"meno\">BUC Veronika<\/div>\n<div class=\"percenta\">86%<\/div>\n<div class=\"odpoved\"><\/div>\n<\/div>\n<div class=\"poslanec\">\n<div class=\"foto\"><img decoding=\"async\" src=\"http:\/\/skalickyobzor.sk\/cms\/wp-content\/uploads\/2019\/01\/lubica_buckova.jpg\" \/><\/div>\n<div class=\"meno\">BU\u010cKOV\u00c1 \u013dubica<\/div>\n<div class=\"percenta\">57%<\/div>\n<div class=\"odpoved\"><\/div>\n<\/div>\n<div class=\"poslanec\">\n<div class=\"foto\"><img decoding=\"async\" src=\"http:\/\/skalickyobzor.sk\/cms\/wp-content\/uploads\/2019\/01\/adrian_hertl.jpg\" \/><\/div>\n<div class=\"meno\">HERTL Adri\u00e1n<\/div>\n<div class=\"percenta\">100%<\/div>\n<div class=\"odpoved\"><\/div>\n<\/div>\n<div class=\"poslanec\">\n<div class=\"foto\"><img decoding=\"async\" src=\"http:\/\/skalickyobzor.sk\/cms\/wp-content\/uploads\/2019\/01\/miroslav_hornak.jpg\" \/><\/div>\n<div class=\"meno\">HOR\u0147\u00c1K Miroslav<\/div>\n<div class=\"percenta\">64%<\/div>\n<div class=\"odpoved\"><\/div>\n<\/div>\n<div class=\"poslanec\">\n<div class=\"foto\"><img decoding=\"async\" src=\"http:\/\/skalickyobzor.sk\/cms\/wp-content\/uploads\/2019\/02\/vladislav_hornak.jpg\" \/><\/div>\n<div class=\"meno\">HOR\u0147\u00c1K Vladislav<\/div>\n<div class=\"percenta\">31%<\/div>\n<div class=\"odpoved\"><\/div>\n<\/div>\n<div class=\"poslanec\">\n<div class=\"foto\"><img decoding=\"async\" src=\"http:\/\/skalickyobzor.sk\/cms\/wp-content\/uploads\/2019\/01\/katarina_chovancova.jpg\" \/><\/div>\n<div class=\"meno\">CHOVANCOV\u00c1 Katar\u00edna<\/div>\n<div class=\"percenta\">71%<\/div>\n<div class=\"odpoved\"><\/div>\n<\/div>\n<div class=\"poslanec\">\n<div class=\"foto\"><img decoding=\"async\" src=\"http:\/\/skalickyobzor.sk\/cms\/wp-content\/uploads\/2019\/01\/frantisek_kadlecik.jpg\" \/><\/div>\n<div class=\"meno\">KADLE\u010c\u00cdK Franti\u0161ek<\/div>\n<div class=\"percenta\">14%<\/div>\n<div class=\"odpoved\"><\/div>\n<\/div>\n<div class=\"poslanec\">\n<div class=\"foto\"><img decoding=\"async\" src=\"http:\/\/skalickyobzor.sk\/cms\/wp-content\/uploads\/2017\/10\/martin_kojs.jpg\" \/><\/div>\n<div class=\"meno\">KOJ\u0160 Martin<\/div>\n<div class=\"percenta\">71%<\/div>\n<div class=\"odpoved\"><\/div>\n<\/div>\n<div class=\"poslanec\">\n<div class=\"foto\"><img decoding=\"async\" src=\"http:\/\/skalickyobzor.sk\/cms\/wp-content\/uploads\/2017\/10\/fotka_poslanca.jpg\" \/><\/div>\n<div class=\"meno\">KO\u0160\u00cdK Peter<\/div>\n<div class=\"percenta\">21%<\/div>\n<div class=\"odpoved\"><\/div>\n<\/div>\n<div class=\"poslanec\">\n<div class=\"foto\"><img decoding=\"async\" src=\"http:\/\/skalickyobzor.sk\/cms\/wp-content\/uploads\/2019\/01\/miroslav_lipovsky.jpg\" \/><\/div>\n<div class=\"meno\">LIPOVSK\u00dd Miroslav<\/div>\n<div class=\"percenta\">43%<\/div>\n<div class=\"odpoved\"><\/div>\n<\/div>\n<div class=\"poslanec\">\n<div class=\"foto\"><img decoding=\"async\" src=\"http:\/\/skalickyobzor.sk\/cms\/wp-content\/uploads\/2017\/10\/anna_ozabalova.jpg\" \/><\/div>\n<div class=\"meno\">OZ\u00c1BALOV\u00c1 Anna<\/div>\n<div class=\"percenta\">100%<\/div>\n<div class=\"odpoved\"><\/div>\n<\/div>\n<div class=\"poslanec\">\n<div class=\"foto\"><img decoding=\"async\" src=\"http:\/\/skalickyobzor.sk\/cms\/wp-content\/uploads\/2017\/12\/peter_pagac.jpg\" \/><\/div>\n<div class=\"meno\">PAG\u00c1\u010c Peter<\/div>\n<div class=\"percenta\">7%<\/div>\n<div class=\"odpoved\"><\/div>\n<\/div>\n<div class=\"poslanec\">\n<div class=\"foto\"><img decoding=\"async\" src=\"http:\/\/skalickyobzor.sk\/cms\/wp-content\/uploads\/2019\/01\/zigmund_palffy.jpg\" \/><\/div>\n<div class=\"meno\">P\u00c1LFFY \u017digmund<\/div>\n<div class=\"percenta\">50%<\/div>\n<div class=\"odpoved\"><\/div>\n<\/div>\n<div class=\"poslanec\">\n<div class=\"foto\"><img decoding=\"async\" src=\"http:\/\/skalickyobzor.sk\/cms\/wp-content\/uploads\/2019\/01\/erik_rangl.jpg\" \/><\/div>\n<div class=\"meno\">RANGL Erik<\/div>\n<div class=\"percenta\">29%<\/div>\n<div class=\"odpoved\"><\/div>\n<\/div>\n<div class=\"poslanec\">\n<div class=\"foto\"><img decoding=\"async\" src=\"http:\/\/skalickyobzor.sk\/cms\/wp-content\/uploads\/2017\/10\/jana_rekosova.jpg\" \/><\/div>\n<div class=\"meno\">REKO\u0160OV\u00c1 Jana<\/div>\n<div class=\"percenta\">86%<\/div>\n<div class=\"odpoved\"><\/div>\n<\/div>\n<div class=\"poslanec\">\n<div class=\"foto\"><img decoding=\"async\" src=\"http:\/\/skalickyobzor.sk\/cms\/wp-content\/uploads\/2017\/10\/fotka_poslanca.jpg\" \/><\/div>\n<div class=\"meno\">ROMAN Milan<\/div>\n<div class=\"percenta\">14%<\/div>\n<div class=\"odpoved\"><\/div>\n<\/div>\n<div class=\"poslanec\">\n<div class=\"foto\"><img decoding=\"async\" src=\"http:\/\/skalickyobzor.sk\/cms\/wp-content\/uploads\/2019\/01\/jozef_skala.jpg\" \/><\/div>\n<div class=\"meno\">SK\u00c1LA Jozef<\/div>\n<div class=\"percenta\">64%<\/div>\n<div class=\"odpoved\"><\/div>\n<\/div>\n<div class=\"poslanec\">\n<div class=\"foto\"><img decoding=\"async\" src=\"http:\/\/skalickyobzor.sk\/cms\/wp-content\/uploads\/2017\/10\/fotka_poslanca.jpg\" \/><\/div>\n<div class=\"meno\">\u0160ANTAV\u00dd Rudolf<\/div>\n<div class=\"percenta\">0%<\/div>\n<div class=\"odpoved\"><\/div>\n<\/div>\n<\/div>\n","protected":false},"excerpt":{"rendered":"<div class=\"mh-excerpt\"><p>Pravidelne v\u00e1m kladieme ot\u00e1zky, ktor\u00e9 zauj\u00edmaj\u00fa na\u0161ich \u010ditate\u013eov a\u00a0s\u00fa\u010dasne va\u0161ich voli\u010dov. Pr\u00e1vo\u00a0kl\u00e1s\u0165 ot\u00e1zky vypl\u00fdva z\u00a0verejnopr\u00e1vneho syst\u00e9mu, v\u00a0ktorom nami zvolen\u00ed z\u00e1stupcovia spravuj\u00fa a\u00a0zve\u013ea\u010fuj\u00fa v\u00a0na\u0161om mene na\u0161e spolo\u010dn\u00e9 hmotn\u00e9 i\u00a0duchovn\u00e9 dedi\u010dstvo a\u00a0sp\u00e4tne sa n\u00e1m ob\u010danom zodpovedaj\u00fa. Av\u0161ak, <a class=\"mh-excerpt-more\" href=\"http:\/\/skalickyobzor.sk\/cms\/vazena-pani-primatorka-vazeni-poslanci-26\/\" title=\"V\u00e1\u017een\u00e1 pani prim\u00e1torka, v\u00e1\u017een\u00ed poslanci!\">[&#8230;]<\/a><\/p>\n<\/div>","protected":false},"author":1,"featured_media":239,"comment_status":"closed","ping_status":"closed","sticky":false,"template":"","format":"standard","meta":{"footnotes":""},"categories":[9],"tags":[],"class_list":{"0":"post-4481","1":"post","2":"type-post","3":"status-publish","4":"format-standard","5":"has-post-thumbnail","7":"category-vazeni-poslanci"},"_links":{"self":[{"href":"http:\/\/skalickyobzor.sk\/cms\/wp-json\/wp\/v2\/posts\/4481","targetHints":{"allow":["GET"]}}],"collection":[{"href":"http:\/\/skalickyobzor.sk\/cms\/wp-json\/wp\/v2\/posts"}],"about":[{"href":"http:\/\/skalickyobzor.sk\/cms\/wp-json\/wp\/v2\/types\/post"}],"author":[{"embeddable":true,"href":"http:\/\/skalickyobzor.sk\/cms\/wp-json\/wp\/v2\/users\/1"}],"replies":[{"embeddable":true,"href":"http:\/\/skalickyobzor.sk\/cms\/wp-json\/wp\/v2\/comments?post=4481"}],"version-history":[{"count":10,"href":"http:\/\/skalickyobzor.sk\/cms\/wp-json\/wp\/v2\/posts\/4481\/revisions"}],"predecessor-version":[{"id":4521,"href":"http:\/\/skalickyobzor.sk\/cms\/wp-json\/wp\/v2\/posts\/4481\/revisions\/4521"}],"wp:featuredmedia":[{"embeddable":true,"href":"http:\/\/skalickyobzor.sk\/cms\/wp-json\/wp\/v2\/media\/239"}],"wp:attachment":[{"href":"http:\/\/skalickyobzor.sk\/cms\/wp-json\/wp\/v2\/media?parent=4481"}],"wp:term":[{"taxonomy":"category","embeddable":true,"href":"http:\/\/skalickyobzor.sk\/cms\/wp-json\/wp\/v2\/categories?post=4481"},{"taxonomy":"post_tag","embeddable":true,"href":"http:\/\/skalickyobzor.sk\/cms\/wp-json\/wp\/v2\/tags?post=4481"}],"curies":[{"name":"wp","href":"https:\/\/api.w.org\/{rel}","templated":true}]}}