{"id":4492,"date":"2021-05-07T21:08:43","date_gmt":"2021-05-07T19:08:43","guid":{"rendered":"http:\/\/skalickyobzor.sk\/cms\/?p=4492"},"modified":"2021-05-07T21:13:03","modified_gmt":"2021-05-07T19:13:03","slug":"za-mjesku-zdu-ii-nasa-teticka-paula","status":"publish","type":"post","link":"http:\/\/skalickyobzor.sk\/cms\/za-mjesku-zdu-ii-nasa-teticka-paula\/","title":{"rendered":"Za mjesk\u00fa z\u010f\u00fa II &#8211; Na\u0161a te\u0165i\u010dka Paula"},"content":{"rendered":"<p>Jak sa Skalica rozrostala, tak lud\u00e9 b\u00edvali v\u00a0mjes\u0165e a\u00a0aj venku, za hradbama. Moja gener\u00e1cija a\u00a0gener\u00e1cija moj\u00edch predk\u00fa, sme nepoznali nejak\u00e9 roz\u010f\u00edle alebo krivdi. Lud\u00e9 bili mje\u0161\u0165an\u00e9, sedl\u00e1ci, remes\u0148\u00edci, n\u00e1mez\u0148\u00ed \u010fel\u0148\u00edci, ale bili to Skali\u010dan\u00e9. \u017divili sa tak, jak sa dalo. \u017dili state\u010d\u0148e, kult\u00far\u0148e a\u00a0zbo\u017e\u0148e. Konali sa jarmaki, trhi, stret\u00e1vali sa lud\u00e9 aj z\u00a0okolit\u00edch \u010fe\u010fin.<\/p>\n<p>P\u00fada bila \u010dern\u00e1 a\u00a0urodn\u00e1 a\u00a0na kopcoch za mjestem sa darilo vinohradom. Kedisi bili vinohradi a\u00a0ovocn\u00e9 stromi a\u017e pod horama. Siln\u00e9 mr\u00e1ze vinohrad\u0148\u00edk\u00fa postup\u0148e pohnali \u0148\u00ed\u017eej, tam, gde s\u00fa dneskaj. Moja maminka z\u010fe\u010fila po ro\u010fi\u010doch k\u00fasek pola u\u00a0Pel\u00ed\u0161kov\u00e9ho potoka na \u0147ivce za Predmjes\u0165\u00edm, kter\u00e9 sem spom\u00ednal u\u017e minule. K\u00fasek tam m\u00e1m po\u0148\u00ed f\u010d\u00edlaj j\u00e1. Dopjestovala tam to, co bilo potreba pro dom\u00e1c\u00ed hid a\u00a0na \u017eivobi\u0165\u00ed pro n\u00e1s. Ket JRD pobralo pola, tak sme dostali za v\u00edmjenu k\u00fasek pola pri cig\u00e1noch na Horskej ulici. Sa\u010f\u00edvali sme tam tureck\u00e9 \u017eito. Ket sme ho okop\u00e1vali, tak sme ned\u00e1vali poz\u00f3r na lebedu, ale na in\u0161\u00ed ostatki, lebo cig\u00e1\u0148i na\u0161e \u017eito pou\u017e\u00edvali nam\u00edsto latr\u00edni. No, \u0161ak lep\u0161\u00ed rostlo. Napro\u0165i b\u00edvali te\u0165i\u010dka Paula, star\u00e1 cig\u00e1nka, kamar\u00e1dka na\u0161ej mami. Mjeli tak\u00fa \u010dern\u00fa barvu, jak kebi do\u0161li pr\u00edmo z\u00a0Indije. R\u00e1z sme okop\u00e1vali z\u00a0mam\u00fa \u017eito a\u00a0ftem sa o\u0148i objevili aj z\u00a0misk\u00fa a\u00a0v\u00a0\u0148\u00ed trnkov\u00e9 gule, osipan\u00e9 makem. Ti bili \u010der\u0148ej\u0161\u00ed jak o\u0148i, ale sme ich zedli. Don\u00e9sli n\u00e1m aj \u010derstvej vodi f tak \u010dist\u00e9m, a\u0161 kri\u0161t\u00e1lov\u00e9m poh\u00e1ri. Bili \u010distotn\u00e1 a\u00a0akur\u00e1t\u0148\u00ed. Mjel sem ich r\u00e1d a\u00a0aj o\u0148i mja.<\/p>\n<p>Ket bila velik\u00e1 zima, tak pod vl\u0148\u00e1kem nos\u00edvali kamen\u00ed hrnec a\u00a0v\u00a0\u0148em rosp\u00e1len\u00e9 uhl\u00edki, ker\u00e9 ich hr\u00edli. Ob\u010das do\u0161li aj k\u00a0n\u00e1m, mama im dala trochu s\u00e1dla, o\u0161kvark\u00fa a\u00a0chleba. Po\u010fekovali a\u00a0i\u0161li dom. R\u00e1d na \u0148ich spom\u00edn\u00e1m. Aj takov\u00ed b\u00edl \u017eivot a\u00a0patrilo k\u00a0\u0148emu moc lu\u010f\u00ed, ker\u00ed tu u\u017e nejs\u00fa a\u00a0moc m\u00edst, kter\u00e9 s\u00fa dnes k\u00a0nepozn\u00e1\u0148\u00fa.<\/p>\n<p><em>Anton Dinka st.<\/em><\/p>\n","protected":false},"excerpt":{"rendered":"<div class=\"mh-excerpt\"><p>Jak sa Skalica rozrostala, tak lud\u00e9 b\u00edvali v\u00a0mjes\u0165e a\u00a0aj venku, za hradbama. Moja gener\u00e1cija a\u00a0gener\u00e1cija moj\u00edch predk\u00fa, sme nepoznali nejak\u00e9 roz\u010f\u00edle alebo krivdi. Lud\u00e9 bili mje\u0161\u0165an\u00e9, sedl\u00e1ci, remes\u0148\u00edci, n\u00e1mez\u0148\u00ed \u010fel\u0148\u00edci, ale bili to Skali\u010dan\u00e9. \u017divili <a class=\"mh-excerpt-more\" href=\"http:\/\/skalickyobzor.sk\/cms\/za-mjesku-zdu-ii-nasa-teticka-paula\/\" title=\"Za mjesk\u00fa z\u010f\u00fa II &#8211; Na\u0161a te\u0165i\u010dka Paula\">[&#8230;]<\/a><\/p>\n<\/div>","protected":false},"author":12,"featured_media":17,"comment_status":"closed","ping_status":"closed","sticky":false,"template":"","format":"standard","meta":{"footnotes":""},"categories":[4],"tags":[],"class_list":{"0":"post-4492","1":"post","2":"type-post","3":"status-publish","4":"format-standard","5":"has-post-thumbnail","7":"category-ja-su-ze-skalice"},"_links":{"self":[{"href":"http:\/\/skalickyobzor.sk\/cms\/wp-json\/wp\/v2\/posts\/4492","targetHints":{"allow":["GET"]}}],"collection":[{"href":"http:\/\/skalickyobzor.sk\/cms\/wp-json\/wp\/v2\/posts"}],"about":[{"href":"http:\/\/skalickyobzor.sk\/cms\/wp-json\/wp\/v2\/types\/post"}],"author":[{"embeddable":true,"href":"http:\/\/skalickyobzor.sk\/cms\/wp-json\/wp\/v2\/users\/12"}],"replies":[{"embeddable":true,"href":"http:\/\/skalickyobzor.sk\/cms\/wp-json\/wp\/v2\/comments?post=4492"}],"version-history":[{"count":1,"href":"http:\/\/skalickyobzor.sk\/cms\/wp-json\/wp\/v2\/posts\/4492\/revisions"}],"predecessor-version":[{"id":4493,"href":"http:\/\/skalickyobzor.sk\/cms\/wp-json\/wp\/v2\/posts\/4492\/revisions\/4493"}],"wp:featuredmedia":[{"embeddable":true,"href":"http:\/\/skalickyobzor.sk\/cms\/wp-json\/wp\/v2\/media\/17"}],"wp:attachment":[{"href":"http:\/\/skalickyobzor.sk\/cms\/wp-json\/wp\/v2\/media?parent=4492"}],"wp:term":[{"taxonomy":"category","embeddable":true,"href":"http:\/\/skalickyobzor.sk\/cms\/wp-json\/wp\/v2\/categories?post=4492"},{"taxonomy":"post_tag","embeddable":true,"href":"http:\/\/skalickyobzor.sk\/cms\/wp-json\/wp\/v2\/tags?post=4492"}],"curies":[{"name":"wp","href":"https:\/\/api.w.org\/{rel}","templated":true}]}}