{"id":4535,"date":"2021-06-10T19:03:51","date_gmt":"2021-06-10T17:03:51","guid":{"rendered":"http:\/\/skalickyobzor.sk\/cms\/?p=4535"},"modified":"2021-06-10T20:03:38","modified_gmt":"2021-06-10T18:03:38","slug":"skalicke-ulice-antona-srholca","status":"publish","type":"post","link":"http:\/\/skalickyobzor.sk\/cms\/skalicke-ulice-antona-srholca\/","title":{"rendered":"Skalick\u00e9 ulice &#8211; Antona Srholca"},"content":{"rendered":"<p>Dr. h. c. Anton Srholec (*12. j\u00fan 1929, Skalica \u2013 \u20207. janu\u00e1r 2016, Bratislava), slovensk\u00fd r\u00edmskokatol\u00edcky k\u0148az a\u00a0salezi\u00e1n, spisovate\u013e, charitat\u00edvny pracovn\u00edk, filantrop, zakladate\u013e a\u00a0riadite\u013e resocializa\u010dn\u00e9ho centra Resoty, nosite\u013e prezidentsk\u00e9ho vyznamenania \u2013 Radu \u013dudov\u00edta \u0160t\u00fara II. triedy, Kri\u0161t\u00e1\u013eov\u00e9ho kr\u00eddla za celo\u017eivotn\u00e9 dielo, Ceny Pam\u00e4ti n\u00e1roda, \u010destn\u00e9ho ob\u010dianstva mesta Skalica a\u00a0\u010fal\u0161\u00edch vyznamenan\u00ed, patr\u00ed medzi v\u00fdznamn\u00e9 osobnosti modern\u00fdch slovensk\u00fdch n\u00e1rodn\u00fdch dej\u00edn (v\u00a0ankete Najv\u00e4\u010d\u0161\u00ed Slov\u00e1k obsadil tretiu prie\u010dku).<\/p>\n<p>Narodil sa v mnohodetnej maloro\u013en\u00edckej rodine (sedem det\u00ed, Tonko bol druh\u00fd najstar\u0161\u00ed, mlad\u0161\u00ed Michal bol dlhoro\u010dn\u00fdm prim\u00e1torom Skalice) so siln\u00fdm n\u00e1bo\u017eensk\u00fdm, soci\u00e1lnym i n\u00e1rodn\u00fdm c\u00edten\u00edm. V\u010faka tomu sa u\u017e od detstva t\u00fa\u017eil venova\u0165 chudobnej ml\u00e1de\u017ei, preto sa rozhodol pre \u0161t\u00fadium na salezi\u00e1nskom gymn\u00e1ziu v Trnave a \u0160a\u0161t\u00edne. Po maturite sa pok\u00fasil v roku 1951 ileg\u00e1lne prekro\u010di\u0165 hranice, aby mohol v Taliansku \u0161tudova\u0165 teol\u00f3giu. Ako p\u00ed\u0161e v knihe <em>Svetlo z hlb\u00edn j\u00e1chymovsk\u00fdch l\u00e1grov<\/em> (2019), \u201e<em>v tom \u010dase e\u0161te neboli hranice obohnan\u00e9 ostnat\u00fdm dr\u00f4tom, zamurovan\u00e9 a osvetlen\u00e9 &#8230; Bolo zamra\u010den\u00e9, padal drobn\u00fd d\u00e1\u017e\u010f, tma hust\u00e1 ako smola. V dia\u013eke sa valila rozvodnen\u00e1 Morava, medzi hr\u00e1dzou a brehom kaln\u00e1 voda, hrozilo, \u017ee sa utopia &#8230; rad\u0161ej sa vr\u00e1tili<\/em>\u201c. A u\u017e ich mali. Nastalo tvrd\u00e9 vypo\u010d\u00favanie: Malacky, Bratislava, Ilava a naostatok J\u00e1chymov. Ods\u00fadili ho na dvan\u00e1s\u0165 rokov, 98 mesiacov pracoval pod zemou v j\u00e1chymovsk\u00fdch baniach, vo ve\u013emi \u0165a\u017ek\u00fdch podmienkach. Ne\u013eahk\u00fdch v robote i t\u00e1bore. Na rodi\u010dovsk\u00fa n\u00e1v\u0161tevu vo v\u00e4znici spom\u00edna takto: \u201e<em>V boxoch medzi pr\u00edbuzn\u00fdmi a v\u00e4z\u0148ami bola sie\u0165ovina. Pripadalo mi to ako spovednica. Pri mne st\u00e1l uniformovan\u00fd, aby som n\u00e1hodou nechv\u00e1lil na\u0161e pomery viac ne\u017e treba. Prstom cez mrie\u017eky sita sme sa mohli dotkn\u00fa\u0165. Prv ako sa mamka vyplakala, bolo po n\u00e1v\u0161teve. Ale videli sme sa, odovzdali pozdravy. Aj slaninu aj v\u00edno som aspo\u0148 videl &#8230;<\/em>\u201c<\/p>\n<p>A\u00a0potom nadi\u0161iel rok 1960 a\u00a0s\u00a0n\u00edm v\u0161eobecn\u00e1 amnestia. Mohol \u00eds\u0165 domov, slobodne nasadn\u00fa\u0165 na vlak. \u201e<em>Zobudili ma,<\/em>\u201c p\u00ed\u0161e, \u201e<em>a\u017e ke\u010f bolo treba nasadn\u00fa\u0165 na vl\u00e1\u010dik-motor\u00e1\u010dik, ktor\u00fd ma v\u00a0noci priviezol do mojej Skalice, o\u00a0ktorej som to\u013eko sn\u00edval. Po desiatich rokoch k\u00a0rodn\u00e9mu domu pri potoku, k\u00a0rodi\u010dom, ktor\u00ed od radosti plakali. M\u00e1rnotratn\u00fd syn sa vr\u00e1til &#8230;<\/em>\u201c A\u00a0potom nasledovali pat\u00e1lie so zamestnan\u00edm. N\u00fakali mu robotu iba pri lopate. Napokon ho zamestnal neboj\u00e1cny J\u00e1n Han\u00e1k, ved\u00faci skalickej v\u00fdrobne Stavohmoty. A\u00a0tam som sa s\u00a0Tonkom na kr\u00e1tky \u010das stretol aj ja (nechceli ma takisto nikde inde zamestna\u0165, lebo m\u00f4j o\u00a018 rokov star\u0161\u00ed brat Franti\u0161ek, ods\u00faden\u00fd na 15 rokov za \u0161pion\u00e1\u017e pre CIA, utiekol z\u00a0v\u00e4zenia a\u017e do USA, kde vy\u0161tudoval a\u00a0ako profesor predn\u00e1\u0161al na viacer\u00fdch univerzit\u00e1ch; pochovan\u00fd je v\u00a0Skalici). Ka\u017edoro\u010dne sa m\u00e1rne hl\u00e1sil na bohosloveck\u00fa fakultu, v\u00a0roku 1969 v\u0161ak dostal povolenie na kr\u00e1tky pobyt v\u00a0Taliansku. Na P\u00e1pe\u017eskej univerzite v\u00a0Tur\u00edne za dva semestre absolvoval teologick\u00e9 \u0161t\u00fadi\u00e1, odkia\u013e ho v\u00a0roku 1970 poslali do R\u00edma, kde ho p\u00e1pe\u017e Pavol VI. vysv\u00e4til za k\u0148aza.<\/p>\n<p>Cez zatvoren\u00e9 hranice sa vr\u00e1til domov. Blument\u00e1lska farnos\u0165 v Bratislave ho prijala do funkcie kostoln\u00edka, no p\u00f4sobil aj ako neoby\u010dajne ob\u013e\u00faben\u00fd k\u0148az a\u00a0vynikaj\u00faci kazate\u013e. Blument\u00e1l sa stal o\u00e1zou v\u00a0normalizuj\u00facej sa Bratislave. \u0160t\u00e1tna bezpe\u010dnos\u0165, ktor\u00e1 ho neust\u00e1le sledovala, nemohla dovoli\u0165 tak\u00e9to ovplyv\u0148ovanie ml\u00e1de\u017ee, preto mu z\u00e1stupcovia \u0161t\u00e1tnej moci odobrali s\u00fahlas pre Bratislavu, a\u00a0biskup ho s\u00a0ich vedom\u00edm poslal za spr\u00e1vcu farnosti do Perneka. Jedn\u00e9ho ve\u010dera roku 1975 niekto zaklopal na farsk\u00e9 dvere v\u00a0Perneku s\u00a0prosbou, \u017ee chce da\u0165 tajne pokrsti\u0165 die\u0165a. Po otvoren\u00ed nezn\u00e1mi mu\u017ei Srholca napadli, zbili, a\u00a0od v\u00e1\u017enej\u0161\u00edch zranen\u00ed ho zachr\u00e1nili iba susedia. Napriek tomu do Perneka chodilo ve\u013ea veriacich priate\u013eov, preto ho po troch rokoch prelo\u017eili do Ve\u013ek\u00e9ho Z\u00e1lu\u017eia a\u00a0nakoniec, doslova za trest, do Z\u00e1horskej Vsi. V\u00a0roku 1985 mu odobrali \u0161t\u00e1tny s\u00fahlas na celkov\u00e9 \u00fa\u010dinkovanie v\u00a0duchovnej spr\u00e1ve s\u00a0uveden\u00edm d\u00f4vodov, \u017ee jeho \u010dinnos\u0165 sa nezhoduje s\u00a0predstavami \u00daradu pre veci cirkevn\u00e9. Vy\u0161etrovali ho pre akt\u00edvnu \u00fa\u010das\u0165 na sl\u00e1vnostiach na Velehrade, kde na p\u00fati 7. j\u00fala 1985 zorganizoval ml\u00e1de\u017en\u00edcky program.<\/p>\n<p>Stal sa op\u00e4\u0165 robotn\u00edkom. Posledn\u00e9 \u0161tyri roky pred d\u00f4chodkom pracoval ako robotn\u00edk v sklade, najprv v Ru\u017einovskej nemocnici v Bratislave a potom v Doprastave. Od novembra 1989 bol v\u0161ak op\u00e4\u0165 mimo pastor\u00e1cie, \u017eil v Bratislave, pr\u00edle\u017eitostne aj v k\u0148azskej slu\u017ebe. Ako d\u00f4chodca bol \u010dinn\u00fd v slovenskom Helsinskom v\u00fdbore pre pr\u00e1va men\u0161\u00edn v slovenskej sekcii Spolo\u010dnosti pre vedu a umenie, bol \u010dlenom rady Konta n\u00e1deje, p\u00f4sobil v Konfeder\u00e1cii politick\u00fdch v\u00e4z\u0148ov a v in\u00fdch spolo\u010densk\u00fdch a soci\u00e1lnych organiz\u00e1ci\u00e1ch. Bol tie\u017e \u010dlenom Medzin\u00e1rodn\u00e9ho ekumenick\u00e9ho zdru\u017eenia (IEF), Teologick\u00e9ho f\u00f3ra, kde sa stret\u00e1val s podobne zm\u00fd\u0161\u013eaj\u00facimi teol\u00f3gmi. Podporoval pokrok teologick\u00e9ho v\u00fdskumu, ako pr\u00edspevok k obrode slovensk\u00e9ho n\u00e1roda a duchovnej obnove, \u010d\u00edm sa usiloval prispie\u0165 k uskuto\u010dneniu z\u00e1sad Druh\u00e9ho vatik\u00e1nskeho koncilu na Slovensku. V roku 1992 americk\u00ed veriaci ocenili jeho z\u00e1slu\u017en\u00fa \u010dinnos\u0165 v prospech cirkvi a zariadili mu pozvanie americk\u00e9ho prezidenta Clintona na modlitbu s\u00a0ra\u0148ajkami.<\/p>\n<p>Od roku 1992 sa venoval bezdomovcom, pre ktor\u00fdch zriadil domov v\u00a0bratislavskej mestskej \u010dasti Podunajsk\u00e9 Biskupice, za ktor\u00fd vzal na seba zodpovednos\u0165. V\u00a0domove zvanom RESOTY je ubytovan\u00fdch 60 bezdomovcov a\u00a040 ich doch\u00e1dza ambulantne.<\/p>\n<p>Po\u010das komunistick\u00e9ho re\u017eimu ve\u013ea rokov podporoval samizdatov\u00e9 \u010dasopisy, p\u00edsal do nich; po ne\u017enej revol\u00facii akt\u00edvne p\u00f4sobil ako publicista a spisovate\u013e. Autorsky (za cel\u00e9 tvoriv\u00e9 obdobie) sa podp\u00edsal pod kni\u017eo\u010dky: <em>Experiment l\u00e1sky, Oce\u013eov\u00e9 srdcia, Nov\u00e1 rodina v novom svete, Ka\u017edodenn\u00e9 zamyslenia<\/em>, u\u017e spom\u00ednan\u00e9 <em>Svetlo z hlb\u00edn j\u00e1chymovsk\u00fdch l\u00e1grov, Sviato\u010dn\u00e9 pozdravy, Ako \u010derstv\u00fd chlieb, Kamko\u013evek p\u00f4jde\u0161, cho\u010f tam s cel\u00fdm srdcom<\/em>, nehovoriac o knih\u00e1ch, ktor\u00e9 vznikli v spoluautorstve. Zomrel vo veku 86 rokov 7. janu\u00e1ra 2016 v rann\u00fdch hodin\u00e1ch v Bratislave po 68 rokoch reho\u013en\u00e9ho \u017eivota, z\u00a0ktor\u00fdch bol 45 rokov k\u0148azom. Pochovan\u00fd je v\u00a0Skalici.<\/p>\n<p><em>Pavol Dinka<\/em><\/p>\n","protected":false},"excerpt":{"rendered":"<div class=\"mh-excerpt\"><p>Dr. h. c. Anton Srholec (*12. j\u00fan 1929, Skalica \u2013 \u20207. janu\u00e1r 2016, Bratislava), slovensk\u00fd r\u00edmskokatol\u00edcky k\u0148az a\u00a0salezi\u00e1n, spisovate\u013e, charitat\u00edvny pracovn\u00edk, filantrop, zakladate\u013e a\u00a0riadite\u013e resocializa\u010dn\u00e9ho centra Resoty, nosite\u013e prezidentsk\u00e9ho vyznamenania \u2013 Radu \u013dudov\u00edta \u0160t\u00fara II. <a class=\"mh-excerpt-more\" href=\"http:\/\/skalickyobzor.sk\/cms\/skalicke-ulice-antona-srholca\/\" title=\"Skalick\u00e9 ulice &#8211; Antona Srholca\">[&#8230;]<\/a><\/p>\n<\/div>","protected":false},"author":16,"featured_media":4536,"comment_status":"closed","ping_status":"closed","sticky":false,"template":"","format":"standard","meta":{"footnotes":""},"categories":[24],"tags":[],"class_list":{"0":"post-4535","1":"post","2":"type-post","3":"status-publish","4":"format-standard","5":"has-post-thumbnail","7":"category-skalicke-ulice"},"_links":{"self":[{"href":"http:\/\/skalickyobzor.sk\/cms\/wp-json\/wp\/v2\/posts\/4535","targetHints":{"allow":["GET"]}}],"collection":[{"href":"http:\/\/skalickyobzor.sk\/cms\/wp-json\/wp\/v2\/posts"}],"about":[{"href":"http:\/\/skalickyobzor.sk\/cms\/wp-json\/wp\/v2\/types\/post"}],"author":[{"embeddable":true,"href":"http:\/\/skalickyobzor.sk\/cms\/wp-json\/wp\/v2\/users\/16"}],"replies":[{"embeddable":true,"href":"http:\/\/skalickyobzor.sk\/cms\/wp-json\/wp\/v2\/comments?post=4535"}],"version-history":[{"count":1,"href":"http:\/\/skalickyobzor.sk\/cms\/wp-json\/wp\/v2\/posts\/4535\/revisions"}],"predecessor-version":[{"id":4537,"href":"http:\/\/skalickyobzor.sk\/cms\/wp-json\/wp\/v2\/posts\/4535\/revisions\/4537"}],"wp:featuredmedia":[{"embeddable":true,"href":"http:\/\/skalickyobzor.sk\/cms\/wp-json\/wp\/v2\/media\/4536"}],"wp:attachment":[{"href":"http:\/\/skalickyobzor.sk\/cms\/wp-json\/wp\/v2\/media?parent=4535"}],"wp:term":[{"taxonomy":"category","embeddable":true,"href":"http:\/\/skalickyobzor.sk\/cms\/wp-json\/wp\/v2\/categories?post=4535"},{"taxonomy":"post_tag","embeddable":true,"href":"http:\/\/skalickyobzor.sk\/cms\/wp-json\/wp\/v2\/tags?post=4535"}],"curies":[{"name":"wp","href":"https:\/\/api.w.org\/{rel}","templated":true}]}}