{"id":456,"date":"2018-02-09T16:37:38","date_gmt":"2018-02-09T15:37:38","guid":{"rendered":"http:\/\/skalickyobzor.sk\/cms\/?p=456"},"modified":"2018-06-14T17:37:47","modified_gmt":"2018-06-14T15:37:47","slug":"orientacna-tabula-na-cintorine-nebude","status":"publish","type":"post","link":"http:\/\/skalickyobzor.sk\/cms\/orientacna-tabula-na-cintorine-nebude\/","title":{"rendered":"Orienta\u010dn\u00e1 tabu\u013ea na cintor\u00edne nebude?"},"content":{"rendered":"<p>V\u00a0\u010d\u00edsle 2017\/2 bol uverejnen\u00fd \u010dl\u00e1nok Kde le\u017eia na\u0161e dejiny? V\u00a0\u0148om sme sa okrem in\u00e9ho zaoberali probl\u00e9mom, \u017ee \u010dasto ani my sami, no najm\u00e4 n\u00e1v\u0161tevn\u00edci mesta, nepozn\u00e1me polohu hrobov na\u0161ich velik\u00e1nov. Na z\u00e1klade podnetu n\u00e1\u0161ho \u010ditate\u013ea, p\u00e1na Kotvasa, sme d\u0148a 15.\u00a012.\u00a02017 zaslali na kult\u00farnu komisiu mesta podnet na vytvorenie orienta\u010dnej tabule na cintor\u00edn.<\/p>\n<p><strong>Dostali sme odpove\u010f kult\u00farnej komisie v\u00a0znen\u00ed:<\/strong><\/p>\n<p><em>PREDMET: Prejednanie e-mailu od Ing. \u017delm\u00edry Mach\u00e1\u010dkovej<\/em><\/p>\n<p><em>Predseda komisie obozn\u00e1mil \u010dlenov komisie o\u00a0 e-maili od pani Mach\u00e1\u010dkovej, v\u00a0 ktorom navrhovala zriadenie informa\u010dnej tabule na skalicky\u0301ch cintor\u00ednoch. Pani Horv\u00e1thov\u00e1 povedala, \u017ee p\u00e1n Bo\u0165\u00e1nek vedie presny\u0301 zoznam hrobovy\u0301ch miest. \u010ealej povedala, \u017ee t\u00e1to problematika sa prejedn\u00e1vala u\u017e d\u00e1vnej\u0161ie. Poznamenala, \u017ee ak by chcel niekto ur\u010dity\u0301 hrob n\u00e1js\u0165, ur\u010dite ho n\u00e1jde v\u00a0zozname p\u00e1na Bo\u0165\u00e1nka. Poznamenala, \u017ee by bolo vhodn\u00e9 vyda\u0165 sklada\u010dku s\u00a0 mapkou s\u00a0 hrobovy\u0301mi miestami vy\u0301znamny\u0301ch osobnost\u00ed skalicky\u0301ch i\u00a0slovensky\u0301ch dej\u00edn. P\u00e1n Mgr.\u00a0\u013dudov\u00edt Ko\u0161\u00edk poznamenal, \u017ee v\u00a0pr\u00edpade vydania takejto publik\u00e1cie je nutn\u00e9 konzultova\u0165 s\u00a0 pozostaly\u0301mi uvedenie jednotlivy\u0301ch miest do bro\u017e\u00fary. Predseda komisie navrhol zaradi\u0165 do pl\u00e1nu pr\u00e1ce Mestskej rady v\u00a0Skalici a\u00a0Mestsk\u00e9ho zastupite\u013estva v\u00a0Skalici na druhy\u0301 polrok 2018 prejednanie (aktualiz\u00e1ciu) VZN \u010d.\u00a04\/2011 o\u00a0spr\u00e1ve, \u00fadr\u017ebe a\u00a0prev\u00e1dzkovan\u00ed pohreb\u00edsk na \u00fazem\u00ed mesta Skalica s\u00a0oh\u013eadom na inform\u00e1cie o vy\u0301znamny\u0301ch hroboch.<\/em><\/p>\n<p><em>Stanovisko: Komisia pre kult\u00faru, cestovny\u0301 ruch, miestne trad\u00edcie a\u00a0 dru\u017eobn\u00e9 styky podporila n\u00e1vrh zaradenia do pl\u00e1nu pr\u00e1ce Mestskej rady v\u00a0Skalici a\u00a0Mestsk\u00e9ho zastupite\u013estva v\u00a0Skalici na druhy\u0301 polrok 2018 prejednanie (aktualiz\u00e1ciu) VZN \u010d.\u00a04\/2011 o\u00a0spr\u00e1ve, \u00fadr\u017ebe a\u00a0prev\u00e1dzkovan\u00ed pohreb\u00edsk na \u00fazem\u00ed mesta Skalica s\u00a0oh\u013eadom na inform\u00e1cie o\u00a0v\u00fdznamny\u0301ch hroboch.<\/em><\/p>\n<p><em>S\u00a0ty\u0301mto stanoviskom s\u00fahlasili v\u0161etci \u010dlenovia komisie.<\/em><\/p>\n<p><strong>&#8230;a\u00a0tak zaujala svoje stanovisko aj na\u0161a redakcia:<\/strong><\/p>\n<p>Ch\u00e1peme, \u017ee \u00faradn\u00fd postup treba dodr\u017ea\u0165 a\u00a0 \u017ee v\u0161etko m\u00e1 svoje ofici\u00e1lne poradie. Nako\u013eko si v\u0161ak mysl\u00edme, \u017ee veci a\u00a0 inform\u00e1cie musia predov\u0161etk\u00fdm \u010do najsk\u00f4r sl\u00fa\u017ei\u0165 \u013eu\u010fom, budeme zatia\u013e pokra\u010dova\u0165 vlastnou cestou \u2013\u00a0po\u017eiadame o\u00a0mapku cintor\u00edna a\u00a0zoznam s\u00a0vyzna\u010den\u00edm hrobov\u00fdch miest v\u00fdzna\u010dn\u00fdch osobnost\u00ed. Tieto uverejn\u00edme v\u00a0na\u0161ich novin\u00e1ch a\u00a0ver\u00edme, \u017ee bud\u00fa sl\u00fa\u017ei\u0165 minim\u00e1lne Skali\u010danom, aspo\u0148 do \u010dasu, k\u00fdm nepr\u00edde rie\u0161enie zo strany mesta.<\/p>\n","protected":false},"excerpt":{"rendered":"<div class=\"mh-excerpt\"><p>V\u00a0\u010d\u00edsle 2017\/2 bol uverejnen\u00fd \u010dl\u00e1nok Kde le\u017eia na\u0161e dejiny? V\u00a0\u0148om sme sa okrem in\u00e9ho zaoberali probl\u00e9mom, \u017ee \u010dasto ani my sami, no najm\u00e4 n\u00e1v\u0161tevn\u00edci mesta, nepozn\u00e1me polohu hrobov na\u0161ich velik\u00e1nov. Na z\u00e1klade podnetu n\u00e1\u0161ho \u010ditate\u013ea, <a class=\"mh-excerpt-more\" href=\"http:\/\/skalickyobzor.sk\/cms\/orientacna-tabula-na-cintorine-nebude\/\" title=\"Orienta\u010dn\u00e1 tabu\u013ea na cintor\u00edne nebude?\">[&#8230;]<\/a><\/p>\n<\/div>","protected":false},"author":1,"featured_media":239,"comment_status":"closed","ping_status":"closed","sticky":false,"template":"","format":"standard","meta":{"footnotes":""},"categories":[5],"tags":[],"class_list":{"0":"post-456","1":"post","2":"type-post","3":"status-publish","4":"format-standard","5":"has-post-thumbnail","7":"category-toto-sa-nas-tyka"},"_links":{"self":[{"href":"http:\/\/skalickyobzor.sk\/cms\/wp-json\/wp\/v2\/posts\/456","targetHints":{"allow":["GET"]}}],"collection":[{"href":"http:\/\/skalickyobzor.sk\/cms\/wp-json\/wp\/v2\/posts"}],"about":[{"href":"http:\/\/skalickyobzor.sk\/cms\/wp-json\/wp\/v2\/types\/post"}],"author":[{"embeddable":true,"href":"http:\/\/skalickyobzor.sk\/cms\/wp-json\/wp\/v2\/users\/1"}],"replies":[{"embeddable":true,"href":"http:\/\/skalickyobzor.sk\/cms\/wp-json\/wp\/v2\/comments?post=456"}],"version-history":[{"count":1,"href":"http:\/\/skalickyobzor.sk\/cms\/wp-json\/wp\/v2\/posts\/456\/revisions"}],"predecessor-version":[{"id":457,"href":"http:\/\/skalickyobzor.sk\/cms\/wp-json\/wp\/v2\/posts\/456\/revisions\/457"}],"wp:featuredmedia":[{"embeddable":true,"href":"http:\/\/skalickyobzor.sk\/cms\/wp-json\/wp\/v2\/media\/239"}],"wp:attachment":[{"href":"http:\/\/skalickyobzor.sk\/cms\/wp-json\/wp\/v2\/media?parent=456"}],"wp:term":[{"taxonomy":"category","embeddable":true,"href":"http:\/\/skalickyobzor.sk\/cms\/wp-json\/wp\/v2\/categories?post=456"},{"taxonomy":"post_tag","embeddable":true,"href":"http:\/\/skalickyobzor.sk\/cms\/wp-json\/wp\/v2\/tags?post=456"}],"curies":[{"name":"wp","href":"https:\/\/api.w.org\/{rel}","templated":true}]}}