{"id":458,"date":"2018-02-09T16:39:19","date_gmt":"2018-02-09T15:39:19","guid":{"rendered":"http:\/\/skalickyobzor.sk\/cms\/?p=458"},"modified":"2020-11-24T16:28:56","modified_gmt":"2020-11-24T15:28:56","slug":"skalicke-ulice-bajanova","status":"publish","type":"post","link":"http:\/\/skalickyobzor.sk\/cms\/skalicke-ulice-bajanova\/","title":{"rendered":"Skalick\u00e9 ulice \u2013 Bajanova"},"content":{"rendered":"<p><strong>V\u00a0 na\u0161ej rubrike Skalick\u00e9 ulice budeme \u010ditate\u013eom predstavova\u0165 historick\u00e9 osobnosti, pod\u013ea ktor\u00fdch s\u00fa pomenovan\u00e9 ulice v\u00a0 na\u0161om meste. Pokra\u010dujeme Bajanovou ulicou, v\u00a0 ktorej \u010disto n\u00e1hodne, ale z\u00e1rove\u0148 symbolicky s\u00eddli Z\u00e1hor\u00e1cke r\u00e1dio.<\/strong><\/p>\n<p>Kto bol teda Bajan? Paul\u00edn Juraj Bajan, v\u00fdrazn\u00fd predstavite\u013e slovenskej hudobnej kult\u00fary a\u00a0n\u00e1\u0161 najv\u00fdznamnej\u0161\u00ed hudobn\u00fd skladate\u013e v\u00a018.\u00a0storo\u010d\u00ed, uzrel svetlo sveta 12.\u00a0apr\u00edla 1721 vo Vr\u00e1di\u0161ti pri Skalici. Sem sa v tresk\u00facej zime uch\u00fdlili k\u00a0 pr\u00edbuzn\u00fdm jeho rodi\u010dia, ke\u010f im v\u00a0Skalici vyhorel dom.<\/p>\n<p>\u010coskoro sa v\u0161ak ako star\u00ed me\u0161\u0165ania vr\u00e1tili do Skalice, kde Jurko str\u00e1vil svoje detstvo aj mlad\u00e9 let\u00e1. Pov\u0161imli si ho u\u017e na skalickom gymn\u00e1ziu. O\u010dar\u00faval Skali\u010danov \u201eza plat, chlieb a\u00a0 oblek od mesta dan\u00fd\u201c ako diskantista \u2013\u00a0prv\u00fd spev\u00e1k vo farskom kostole sv.\u00a0 Michala. Ako 12-ro\u010dn\u00fd sa s\u00e1m nau\u010dil hra\u0165 na organe.<\/p>\n<p>Po skon\u010den\u00ed gymn\u00e1zia vst\u00fapil do franti\u0161k\u00e1nskeho r\u00e1du. Pri oblie\u010dke do habitu v\u00a0Pruskom dostal reho\u013en\u00e9 meno Paul\u00edn a\u00a0 od toho \u010dasu je zn\u00e1my len ako Paul\u00edn Bajan. Po desa\u0165ro\u010dnom p\u00f4soben\u00ed v r\u00f4znych slovensk\u00fdch aj ma\u010farsk\u00fdch kl\u00e1\u0161toroch napokon zakotvil v\u00a0Skalici. V\u00a0meste str\u00e1vil najplodnej\u0161ie roky svojho \u017eivota.<\/p>\n<p>Tu vyhotovil v\u00e4\u010d\u0161inu svojich zborn\u00edkov slovensk\u00fdch a\u00a0latinsk\u00fdch duchovn\u00fdch piesn\u00ed z\u00a0 p\u00e4tn\u00e1stich dosia\u013e n\u00e1m zn\u00e1mych zborn\u00edkov. Najcennej\u0161\u00edm z\u00a0 nich je skalick\u00fd kancion\u00e1l Najsl\u00e1vnej\u0161ej kr\u00e1\u013eovnej, ilustroval ho svojimi inici\u00e1lkami, ute\u0161en\u00fdmi pestrofarebn\u00fdmi \u013eudov\u00fdmi ornamentmi, ne\u017en\u00fdmi obrazmi sv\u00e4tcov a\u00a0svoj\u00edm v\u00fdsti\u017en\u00fdm autoportr\u00e9tom.<\/p>\n<p>Komponovaniu, zhotovovaniu zborn\u00edkov a\u00a0 odpisovaniu k\u00e1zn\u00ed venoval Bajan v\u0161etky svoje du\u0161evn\u00e9 aj fyzick\u00e9 sily, pracuj\u00fac i\u00a0 v\u00a0 neskor\u00fdch no\u010dn\u00fdch hodin\u00e1ch pri svie\u010dke, tak\u017ee nakoniec oslepol. Posledn\u00fdch sedem rokov str\u00e1vil v\u00a0 nepreniknute\u013enej tme. Jeho \u017eivot, vyplnen\u00fd priekopn\u00edckou pr\u00e1cou v\u00a0oblasti na\u0161ej n\u00e1rodnej hudby, vyhasol 15.\u00a0j\u00fala 1792.<\/p>\n","protected":false},"excerpt":{"rendered":"<div class=\"mh-excerpt\"><p>V\u00a0 na\u0161ej rubrike Skalick\u00e9 ulice budeme \u010ditate\u013eom predstavova\u0165 historick\u00e9 osobnosti, pod\u013ea ktor\u00fdch s\u00fa pomenovan\u00e9 ulice v\u00a0 na\u0161om meste. Pokra\u010dujeme Bajanovou ulicou, v\u00a0 ktorej \u010disto n\u00e1hodne, ale z\u00e1rove\u0148 symbolicky s\u00eddli Z\u00e1hor\u00e1cke r\u00e1dio. Kto bol teda Bajan? <a class=\"mh-excerpt-more\" href=\"http:\/\/skalickyobzor.sk\/cms\/skalicke-ulice-bajanova\/\" title=\"Skalick\u00e9 ulice \u2013 Bajanova\">[&#8230;]<\/a><\/p>\n<\/div>","protected":false},"author":16,"featured_media":17,"comment_status":"closed","ping_status":"closed","sticky":false,"template":"","format":"standard","meta":{"footnotes":""},"categories":[24],"tags":[],"class_list":{"0":"post-458","1":"post","2":"type-post","3":"status-publish","4":"format-standard","5":"has-post-thumbnail","7":"category-skalicke-ulice"},"_links":{"self":[{"href":"http:\/\/skalickyobzor.sk\/cms\/wp-json\/wp\/v2\/posts\/458","targetHints":{"allow":["GET"]}}],"collection":[{"href":"http:\/\/skalickyobzor.sk\/cms\/wp-json\/wp\/v2\/posts"}],"about":[{"href":"http:\/\/skalickyobzor.sk\/cms\/wp-json\/wp\/v2\/types\/post"}],"author":[{"embeddable":true,"href":"http:\/\/skalickyobzor.sk\/cms\/wp-json\/wp\/v2\/users\/16"}],"replies":[{"embeddable":true,"href":"http:\/\/skalickyobzor.sk\/cms\/wp-json\/wp\/v2\/comments?post=458"}],"version-history":[{"count":1,"href":"http:\/\/skalickyobzor.sk\/cms\/wp-json\/wp\/v2\/posts\/458\/revisions"}],"predecessor-version":[{"id":459,"href":"http:\/\/skalickyobzor.sk\/cms\/wp-json\/wp\/v2\/posts\/458\/revisions\/459"}],"wp:featuredmedia":[{"embeddable":true,"href":"http:\/\/skalickyobzor.sk\/cms\/wp-json\/wp\/v2\/media\/17"}],"wp:attachment":[{"href":"http:\/\/skalickyobzor.sk\/cms\/wp-json\/wp\/v2\/media?parent=458"}],"wp:term":[{"taxonomy":"category","embeddable":true,"href":"http:\/\/skalickyobzor.sk\/cms\/wp-json\/wp\/v2\/categories?post=458"},{"taxonomy":"post_tag","embeddable":true,"href":"http:\/\/skalickyobzor.sk\/cms\/wp-json\/wp\/v2\/tags?post=458"}],"curies":[{"name":"wp","href":"https:\/\/api.w.org\/{rel}","templated":true}]}}