{"id":4589,"date":"2021-07-27T21:02:09","date_gmt":"2021-07-27T19:02:09","guid":{"rendered":"http:\/\/skalickyobzor.sk\/cms\/?p=4589"},"modified":"2021-07-27T21:38:36","modified_gmt":"2021-07-27T19:38:36","slug":"skalicke-priezviska-xiii-hertl-v-kazdej-cirkvi","status":"publish","type":"post","link":"http:\/\/skalickyobzor.sk\/cms\/skalicke-priezviska-xiii-hertl-v-kazdej-cirkvi\/","title":{"rendered":"Skalick\u00e9 priezvisk\u00e1 XIII &#8211; Hertl v ka\u017edej cirkvi"},"content":{"rendered":"<p>Ak by ste v\u00a0minulosti vyslovili v\u00a0Skalici priezvisko Hertl, ozvali by sa neuverite\u013ene z\u00e1stupcovia a\u017e troch cirkv\u00ed \u2013 jeho nosite\u013emi boli nielen katol\u00edci a\u00a0evanjelici, ale v\u00a018. storo\u010d\u00ed i\u00a0\u017eidia. V\u00a0roku 1995 pri s\u010d\u00edtan\u00ed obyvate\u013estva na Slovensku bolo s\u00a0priezviskom Hert\/Hertlov\u00e1 celkom 54 mu\u017eov a\u00a056 \u017eien. V\u00a0Skalici ho nosilo 26 mu\u017eov, pri\u010dom sa vyskytovalo aj v\u00a0\u010fal\u0161\u00edch 15 slovensk\u00fdch lokalit\u00e1ch, ale v\u00a0minim\u00e1lnych po\u010dtoch. \u017dien s\u00a0priezviskom Hertlov\u00e1 v\u00a0Skalici bolo 21 a\u00a0lokal\u00edt, kde sa v\u00f4bec priezvisko na Slovensku vyskytovalo bolo 19. Priezvisko patr\u00ed v\u00a0Skalici medzi najpo\u010detnej\u0161ie aj v\u00a0s\u00fa\u010dasnosti. Dnes sa priezviskom Hertl\/Hertlov\u00e1 m\u00f4\u017ee v\u00a0Skalici pop\u00fd\u0161i\u0165 24 mu\u017eov a\u00a030 \u017eien. V\u00a0\u010ceskej republike je po\u010det Hertlovcov okolo 528 (z\u00a0toho 238 mu\u017eov a\u00a0290 \u017eien).<\/p>\n<p>Pokia\u013e je zn\u00e1me, p\u00f4vodom priezviska Hertl sa e\u0161te nikto nezaoberal. Predpoklad\u00e1m, \u017ee priezvisko vzniklo z nemeck\u00e9ho star\u00e9ho krstn\u00e9ho mena Hartmann, ktor\u00e9 sa be\u017ene pou\u017e\u00edvalo v stredovekom Nemecku. Vo v\u00fdzname bol Hartmann \u201etvrd\u00fd\u201c, alebo \u201esiln\u00fd mu\u017e\u201c, no v ju\u017enej nemecky hovoriacej oblasti slovo \u201etvrd\u00fd\u201c znamen\u00e1 nie\u010do ako \u201eles\u201c. To sa odrazilo aj v miestnych geografick\u00fdch n\u00e1zvoch ako Harthof, \u010di Am Hart. Varianty mena s\u00fa Hartel, Haertel, H\u00e4rtel, Hertel, Hertell a\u00a0in\u00e9. Hartmann bolo, teda, najsk\u00f4r krstn\u00e9 meno a\u00a0nesk\u00f4r sa etablovalo ako priezvisko, ktor\u00e9 \u201eprischlo\u201c mu\u017eovi, \u017eij\u00facemu pri lese alebo v\u00a0lese a\u00a0z\u00a0tohto potom vznikli pravdepodobne i\u00a0jeho krat\u0161ie verzie.<\/p>\n<p>Priezvisko Hertl sa prv\u00fdkr\u00e1t objavilo v skalick\u00fdch matrik\u00e1ch 4. 2. 1681, kedy sa v Skalici \u017eenil <strong>Vavrinec (Laurentius) Hertl<\/strong> z Predmestia (Suburbanus) a bral si za man\u017eelku Annu, dc\u00e9ru J\u00e1na Slad\u00edka, takisto z Predmestia. Narodili sa im deti J\u00e1n (*1682), Krist\u00edna (*1686), Michal (*1689), J\u00e1n (*1692), Andrej (*1696) a Katar\u00edna (*1699). Ke\u010f sa v roku 1719 vyd\u00e1vala Vavrincova dc\u00e9ra Krist\u00edna za Tom\u00e1\u0161a Pardubsk\u00e9ho, far\u00e1r oboch ozna\u010dil za \u201earciheretikov\u201c, \u010di\u017ee vyzn\u00e1va\u010dov Lutherovho u\u010denia. V\u00a0roku 1699 sa objavuje v\u00a0Skalici <strong>Ga\u0161par Hertl<\/strong>, ktor\u00e9mu sa 22. 11. 1699 narodil syn Michal.<\/p>\n<p>\u010eal\u0161\u00edm \u010dlenom Hertlovsk\u00e9ho rodu bol <strong>V\u00e1clav Hertl<\/strong>. Jeho syn Ign\u00e1c (*1. 1. 1702) mal ako krstn\u00fdch rodi\u010dov honorabilitu (\u0161\u013eachticov) J\u00e1na Pogr\u00e1niho a Franti\u0161ka Vajayho s man\u017eelkou Annou Koront\u00e1lyovou. V akom vz\u0165ahu bol otec Ign\u00e1ca s t\u00fdmito \u0161\u013eachticmi sme nezistili, av\u0161ak rie\u0161il magistr\u00e1t, tak\u017ee predpoklad\u00e1me, \u017ee im robil minim\u00e1lne spr\u00e1vcu niektor\u00fdch majetkov. <strong>Ign\u00e1c Hertl<\/strong> sa nakoniec stal \u0161tudovan\u00fdm \u010dlovekom. Biografick\u00e9 slovn\u00edky o \u0148om hovoria, \u017ee bol slovensk\u00fdm matematikom a filozofom. Chybne v\u0161ak ud\u00e1vaj\u00fa d\u00e1tum jeho narodenia v Skalici na rok 1703.<\/p>\n<p>Vypracoval sa na profesora matematiky a p\u00f4sobil na viacer\u00fdch jezuitsk\u00fdch kol\u00e9gi\u00e1ch a univerzit\u00e1ch (v Trnave, Bud\u00edne, Ko\u0161iciach). Nesk\u00f4r p\u00f4sobil ako vojensk\u00fd k\u0148az. V roku 1753 vydal u\u010debnicu aritmetiky a algebry, v ktorej sa zmie\u0148uje aj o z\u00e1kladoch astron\u00f3mie. Zomrel v ma\u010farskom K\u0151szegu v roku 1775. Ako sme u\u017e spomenuli, na za\u010diatku sa priezvisko Hertl vyskytovalo v Skalici nielen u katol\u00edkov, ale v 18. storo\u010d\u00ed aj v \u017eidovskej komunite. V roku 1741 ob\u00fdvali \u017eidia takmer \u0161tvrtinu mesta a tak, ako to v hist\u00f3rii bolo v\u0161ade, nevra\u017eivos\u0165 vo\u010di \u017eidom bola na dennom poriadku. Napriek r\u00f4znym obmedzeniam sa im v\u0161ak darilo etablova\u0165 i\u00a0v\u00a0Skalici. Mesto sa ich sna\u017eilo vypoveda\u0165 a\u00a0nariadilo, aby okrem piatich (medzi nimi sa vyskytuje aj priezvisko Hertl) odi\u0161li do 15 dn\u00ed z\u00a0mesta, \u010do sa v\u0161ak neuskuto\u010dnilo. V\u00a018. storo\u010d\u00ed sa v\u00a0Skalici narodilo asi 50 det\u00ed do rod\u00edn Hertlovcov. Do tohto po\u010dtu ner\u00e1tame \u017eidovsk\u00e9 deti, lebo matriky \u017eidovskej komunity sa nezachovali.<\/p>\n<p>\u010co sa t\u00fdka evanjelikov, zn\u00e1my je luter\u00e1n <strong>J\u00e1n Hertl<\/strong> (*1692) z\u00a0Horn\u00e9ho majera, s\u00a0ve\u013ekou pravdepodobnos\u0165ou syn vy\u0161\u0161ie spomenut\u00e9ho Vavrinca. J\u00e1novi sa narodili synovia J\u00e1n (*21. 10. 1733) a\u00a0Juraj (*11. 4. 1744), \u201ezakladatelia\u201c evanjelick\u00fdch rodov\u00fdch vetiev Hertlovcov. <strong>Juraj Hertl<\/strong> sa 17. 1. 1769 o\u017eenil s\u00a0evanjeli\u010dkou Mar\u00ednou, rod. Mach\u00e1lkovou. 2. j\u00fana 1793 bolo na cirkevnom zhroma\u017eden\u00ed ustanoven\u00e9 prv\u00e9 zvolen\u00e9 presbyterstvo ev. a. v. cirkvi v\u00a0Skalici. Presbyterstvo, alebo star\u0161ovstvo, je org\u00e1nom cirkevnej spr\u00e1vy v\u00a0protestantsk\u00fdch cirkv\u00e1ch.<\/p>\n<figure id=\"attachment_4591\" aria-describedby=\"caption-attachment-4591\" style=\"width: 835px\" class=\"wp-caption aligncenter\"><img loading=\"lazy\" decoding=\"async\" class=\"size-full wp-image-4591\" src=\"http:\/\/skalickyobzor.sk\/cms\/wp-content\/uploads\/2021\/07\/Hertl-Foto-V.P.-Matricny-zaznam-narodenia-Ignaca-Hertla-1702.jpg\" alt=\"\" width=\"835\" height=\"271\" srcset=\"http:\/\/skalickyobzor.sk\/cms\/wp-content\/uploads\/2021\/07\/Hertl-Foto-V.P.-Matricny-zaznam-narodenia-Ignaca-Hertla-1702.jpg 835w, http:\/\/skalickyobzor.sk\/cms\/wp-content\/uploads\/2021\/07\/Hertl-Foto-V.P.-Matricny-zaznam-narodenia-Ignaca-Hertla-1702-300x97.jpg 300w, http:\/\/skalickyobzor.sk\/cms\/wp-content\/uploads\/2021\/07\/Hertl-Foto-V.P.-Matricny-zaznam-narodenia-Ignaca-Hertla-1702-768x249.jpg 768w\" sizes=\"auto, (max-width: 835px) 100vw, 835px\" \/><figcaption id=\"caption-attachment-4591\" class=\"wp-caption-text\">Matri\u010dn\u00fd z\u00e1znam narodenia Ign\u00e1ca Hertla, 1702<br \/>Foto V. P.<\/figcaption><\/figure>\n<p>V\u00a0evanjelickej cirkvi s\u00fa presbyteri laick\u00ed z\u00e1stupcovia zboru, senior\u00e1tu, \u010di di\u0161triktu. V\u00a0roku 1803 sa stal jeho \u010dlenom aj Juraj Hertl a\u00a0zastupoval v\u00a0\u0148om \u201eHorn\u00ed maj\u00edre\u201c. Hertlovsk\u00fa rodinu v\u00a0skalickom presbyterstve ev. a. v. cirkvi zastupovali nesk\u00f4r, v\u00a020. storo\u010d\u00ed, aj Michal Hertl (*24. 12. 1873), ktor\u00fd bol \u010dlenom presbyterstva v\u00a030. rokoch, a\u00a0J\u00e1n Hertl, \u010dlen presbyterstva v\u00a050. rokoch 20. storo\u010dia, na zborovom konvente 13. 2. 1994 zvolen\u00fd aj \u010destn\u00fdm presbyterom.<\/p>\n<p>V\u00a019. storo\u010d\u00ed sa v\u00a0Skalici do \u0161irokej Hertlovskej rodiny narodilo 98 det\u00ed, a\u00a0to aj evanjelikom, aj katol\u00edkom. Do rodiny sa privydali diev\u010dat\u00e1 a\u00a0\u017eeny z\u00a0mnoh\u00fdch skalick\u00fdch rod\u00edn, napr\u00edklad Beblav\u00fd, \u010c\u00ed\u017eek, Form\u00e1nek, Hajd\u00fach, Hr\u00e1nek, Kol\u00ednek, Kom\u00ednek, Krivsk\u00fd, Kuch\u00e1rek, Mach\u00e1\u010dek, Mach\u00e1lek, Petrovi\u010d, Sedl\u00e1\u010dek, \u0160ichta, \u0160pa\u010dek, \u0160\u00farek, Val\u00e1\u0161ek, Valkovi\u010d, Va\u0161e\u010dka a\u00a0mnoho in\u00fdch.<\/p>\n<p>Na prelome 19. a 20. storo\u010dia patril medzi najakt\u00edvnej\u0161\u00edch v\u00a0spolo\u010denskej oblasti <strong>J\u00e1n Hertl<\/strong> (*29. 6. 1864), zaznamenan\u00fd medzi korte\u0161mi Dr. Pavla Blahu pri \u00faspe\u0161n\u00fdch vo\u013eb\u00e1ch do uhorsk\u00e9ho parlamentu v\u00a0roku 1905, kedy Blaho kandidoval vo volebnom obvode Moravsk\u00fd Sv\u00e4t\u00fd J\u00e1n. J\u00e1n Hertl sa narodil v\u00a0\u0160pa\u010dinciach, preto\u017ee jeho rodi\u010da, otec Pavel Hertl a\u00a0mama Anna, rod.<\/p>\n<p>Kuchar\u00edkov\u00e1, tam v tom \u010dase sl\u00fa\u017eili. Napriek tomu, \u017ee boli skalick\u00ed evanjelici, die\u0165a krstil miestny katol\u00edcky k\u0148az a pravdepodobne tam i prest\u00fapili na katol\u00edcku vieru. J\u00e1n Hertl bol v rokoch 1911 a 1912 vo v\u00fdbore Katol\u00edckeho kruhu ako zapisovate\u013e, a bol aj \u010dlenom Pomocnej pokladnice a Gazdovsk\u00e9ho potravn\u00e9ho spolku. Pravdepodobne ho eviduje pasov\u00e9 oddelenie Nitrianskej \u017eupy ako \u017eiadate\u013ea o pas a vycestovanie do Ameriky v roku 1914. V\u00a0roku 1918 sa vr\u00e1til do Skalice legion\u00e1r <strong>Pavol Hertl<\/strong> (*9. 3. 1889), ktor\u00fd p\u00f4sobil v\u00a0\u010ceskoslovensk\u00fdch l\u00e9gi\u00e1ch. 8. 2. 1920 sa o\u017eenil s\u00a0M\u00e1riou, rod. Va\u0161e\u010dkovou.<\/p>\n<p>Z ned\u00e1vnej hist\u00f3rie vieme, \u017ee ako vojaci sa SNP z\u00fa\u010dastnili, okrem in\u00fdch Skali\u010danov, aj <strong>J\u00e1n<\/strong> a <strong>Imrich Hertlovci<\/strong>. Nesk\u00f4r sa v 20. storo\u010d\u00ed do \u0161ir\u0161ieho povedomia dostala <strong>\u013dudmila Hertlov\u00e1<\/strong>, ako riadite\u013eka 8. materskej \u0161k\u00f4lky na s\u00eddlisku SNP v rokoch 1983 a\u017e 1990. Zn\u00e1my je tie\u017e <strong>Ing. Franti\u0161ek Hertl<\/strong>, ktor\u00fd sa stal 1. 6. 1988 riadite\u013eom Grafobalu. Okrem toho p\u00f4sobil aj ako tajomn\u00edk po\u013eovn\u00e9ho zdru\u017eenia Zajac. Medzi verejne \u010dinn\u00fdch a zn\u00e1mych Hertlovcov patril na konci 20. storo\u010dia v Skalici najm\u00e4 <strong>Jozef Hertl<\/strong> (1946-2010). Vo febru\u00e1ri 2003 bol na prvom zasadnut\u00ed mestsk\u00e9ho zastupite\u013estva zvolen\u00fd do funkcie hlavn\u00e9ho kontrol\u00f3ra mesta a t\u00fato funkciu vykon\u00e1val do 24. apr\u00edla 2008. PhDr. \u0160tefan Zaj\u00ed\u010dek, predseda klubu v\u00fdtvarn\u00edkov v Skalici, na neho v\u0161ak spom\u00edna predov\u0161etk\u00fdm ako na v\u00fdtvarn\u00edka: <em>Jozef Hertl poch\u00e1dzal zo Skalice, kde po cel\u00fd \u017eivot aj b\u00fdval a p\u00f4sobil. Azda v\u0161etci m\u00e1me jeho osobu spojen\u00fa s funkciou kontrol\u00f3ra mesta, s vinohradn\u00edctvom a jeho p\u00f4soben\u00edm dobrovo\u013en\u00e9ho hasi\u010da. M\u00e1lo \u013eud\u00ed ho v\u0161ak vn\u00edmalo ako v\u00fdtvarn\u00edka. Jeho b\u00fada sa pre n\u00e1s, ostatn\u00fdch v\u00fdtvarn\u00edkov, stala v\u010fa\u010dn\u00fdm miestom na\u0161ich stretnut\u00ed, okrem in\u00e9ho aj pln\u00fdch veselost\u00ed a spevu. Mal nadov\u0161etko r\u00e1d v\u0161etko skalick\u00e9, od zvl\u00e1\u0161tnost\u00ed mesta a\u017e po jeho hist\u00f3riu. Nie je preto divu, \u017ee jeho maliarska tvorba je venovan\u00e1 najm\u00e4 zobrazeniu Skalice. R\u00e1d ma\u013eoval a kreslil svoje ob\u013e\u00faben\u00e9 skalick\u00e9 n\u00e1mety r\u00fdchlo, bezprostredne, naj\u010dastej\u0161ie so zachyten\u00edm krajinn\u00e9ho mot\u00edvu, \u010di u\u017e pr\u00edrodn\u00e9ho alebo historick\u00e9ho. Ako predseda klubu v\u00fdtvarn\u00edkov bol pomerne pr\u00edsny a spo\u013eahliv\u00fd, av\u0161ak nech\u00fdbal mu zmysel pre humor. Jo\u017eko Hertl bol azda jedin\u00fdm \u010dlenom, ktor\u00fd sa do klubu prihl\u00e1sil p\u00edsomne ve\u013emi \u00factiv\u00fdm listom a tak po ukon\u010den\u00ed predsedn\u00edctva J\u00e1na Patku, bolo pre v\u0161etk\u00fdch prirodzen\u00e9 zvoli\u0165 predsedom pr\u00e1ve jeho. Funkciu vykon\u00e1val od roku 1984 do roku 2003. Pod jeho veden\u00edm vystavoval klub okrem Slovenska i v zahrani\u010d\u00ed \u2013 v \u010cech\u00e1ch, Rak\u00fasku, Franc\u00fazsku a in\u00fdch krajin\u00e1ch.<\/em><\/p>\n<figure id=\"attachment_4593\" aria-describedby=\"caption-attachment-4593\" style=\"width: 850px\" class=\"wp-caption aligncenter\"><img loading=\"lazy\" decoding=\"async\" class=\"size-full wp-image-4593\" src=\"http:\/\/skalickyobzor.sk\/cms\/wp-content\/uploads\/2021\/07\/Jozef-Hertl-obraz-1988.jpg\" alt=\"\" width=\"850\" height=\"628\" srcset=\"http:\/\/skalickyobzor.sk\/cms\/wp-content\/uploads\/2021\/07\/Jozef-Hertl-obraz-1988.jpg 850w, http:\/\/skalickyobzor.sk\/cms\/wp-content\/uploads\/2021\/07\/Jozef-Hertl-obraz-1988-300x222.jpg 300w, http:\/\/skalickyobzor.sk\/cms\/wp-content\/uploads\/2021\/07\/Jozef-Hertl-obraz-1988-768x567.jpg 768w, http:\/\/skalickyobzor.sk\/cms\/wp-content\/uploads\/2021\/07\/Jozef-Hertl-obraz-1988-80x60.jpg 80w\" sizes=\"auto, (max-width: 850px) 100vw, 850px\" \/><figcaption id=\"caption-attachment-4593\" class=\"wp-caption-text\">Obraz od Jozefa Hertla<\/figcaption><\/figure>\n<p>V neposlednom rade s\u00fa v Skalici zn\u00e1mi aj dvaja Petrovia, star\u0161\u00ed, otec <strong>Peter Hertl<\/strong>, ktor\u00fd bol v roku 1986 zakladate\u013eom triatlonov\u00e9ho oddielu a nesk\u00f4r sa k nemu pridal syn <strong>Peter Hertl ml.<\/strong> Obaja sa zasl\u00fa\u017eili o to, \u017ee Skalica m\u00e1 dnes pevn\u00e9 miesto v\u00a0triatlonovom \u0161porte na Slovensku.<\/p>\n<p><em>Mgr. Vladim\u00edr Petrovi\u010d,<\/em><br \/>\n<em>geneal\u00f3g a\u00a0historik<\/em><\/p>\n","protected":false},"excerpt":{"rendered":"<div class=\"mh-excerpt\"><p>Ak by ste v\u00a0minulosti vyslovili v\u00a0Skalici priezvisko Hertl, ozvali by sa neuverite\u013ene z\u00e1stupcovia a\u017e troch cirkv\u00ed \u2013 jeho nosite\u013emi boli nielen katol\u00edci a\u00a0evanjelici, ale v\u00a018. storo\u010d\u00ed i\u00a0\u017eidia. V\u00a0roku 1995 pri s\u010d\u00edtan\u00ed obyvate\u013estva na Slovensku bolo <a class=\"mh-excerpt-more\" href=\"http:\/\/skalickyobzor.sk\/cms\/skalicke-priezviska-xiii-hertl-v-kazdej-cirkvi\/\" title=\"Skalick\u00e9 priezvisk\u00e1 XIII &#8211; Hertl v ka\u017edej cirkvi\">[&#8230;]<\/a><\/p>\n<\/div>","protected":false},"author":48,"featured_media":4590,"comment_status":"closed","ping_status":"closed","sticky":false,"template":"","format":"standard","meta":{"footnotes":""},"categories":[25],"tags":[],"class_list":{"0":"post-4589","1":"post","2":"type-post","3":"status-publish","4":"format-standard","5":"has-post-thumbnail","7":"category-skalicke-priezviska"},"_links":{"self":[{"href":"http:\/\/skalickyobzor.sk\/cms\/wp-json\/wp\/v2\/posts\/4589","targetHints":{"allow":["GET"]}}],"collection":[{"href":"http:\/\/skalickyobzor.sk\/cms\/wp-json\/wp\/v2\/posts"}],"about":[{"href":"http:\/\/skalickyobzor.sk\/cms\/wp-json\/wp\/v2\/types\/post"}],"author":[{"embeddable":true,"href":"http:\/\/skalickyobzor.sk\/cms\/wp-json\/wp\/v2\/users\/48"}],"replies":[{"embeddable":true,"href":"http:\/\/skalickyobzor.sk\/cms\/wp-json\/wp\/v2\/comments?post=4589"}],"version-history":[{"count":2,"href":"http:\/\/skalickyobzor.sk\/cms\/wp-json\/wp\/v2\/posts\/4589\/revisions"}],"predecessor-version":[{"id":4594,"href":"http:\/\/skalickyobzor.sk\/cms\/wp-json\/wp\/v2\/posts\/4589\/revisions\/4594"}],"wp:featuredmedia":[{"embeddable":true,"href":"http:\/\/skalickyobzor.sk\/cms\/wp-json\/wp\/v2\/media\/4590"}],"wp:attachment":[{"href":"http:\/\/skalickyobzor.sk\/cms\/wp-json\/wp\/v2\/media?parent=4589"}],"wp:term":[{"taxonomy":"category","embeddable":true,"href":"http:\/\/skalickyobzor.sk\/cms\/wp-json\/wp\/v2\/categories?post=4589"},{"taxonomy":"post_tag","embeddable":true,"href":"http:\/\/skalickyobzor.sk\/cms\/wp-json\/wp\/v2\/tags?post=4589"}],"curies":[{"name":"wp","href":"https:\/\/api.w.org\/{rel}","templated":true}]}}