{"id":4596,"date":"2021-07-27T21:03:08","date_gmt":"2021-07-27T19:03:08","guid":{"rendered":"http:\/\/skalickyobzor.sk\/cms\/?p=4596"},"modified":"2021-07-27T21:38:42","modified_gmt":"2021-07-27T19:38:42","slug":"och-ten-skriatok","status":"publish","type":"post","link":"http:\/\/skalickyobzor.sk\/cms\/och-ten-skriatok\/","title":{"rendered":"Och, ten \u0161kriatok!"},"content":{"rendered":"<p>\u010citatelia Obzoru spomedzi \u0161k\u00f4lkarov alebo za\u010d\u00ednaj\u00facich \u0161kol\u00e1kov (lebo aj t\u00edto Skali\u010dania medzi \u010ditate\u013esk\u00fa obec na\u0161ich pekn\u00fdch nov\u00edn patria) sa mo\u017eno pri pre\u010d\u00edtan\u00ed titulku pote\u0161ia: V\u00a0Obzore p\u00ed\u0161u o\u00a0\u0161kriatkoch!<\/p>\n<p>Deti maj\u00fa \u0161kriatkov rady, veria v\u00a0ich m\u00fadros\u0165, veselos\u0165, vtipnos\u0165, a\u00a0vedia si ich aj pekne nakresli\u0165. \u017dia\u013e, v\u00a0\u0161kriatkov \u2013 av\u0161ak t\u00fdch tla\u010diarensk\u00fdch \u2013 chtiac, \u010di nechtiac veria aj dospel\u00ed. Najm\u00e4 t\u00ed, ktor\u00ed sa podie\u013eaj\u00fa na v\u00fdrobe nov\u00edn a\u00a0tla\u010dov\u00edn, po\u010dn\u00fac autormi, editormi, korektormi, grafikmi, \u010di samotn\u00fdmi tla\u010diarmi. Preto\u017ee, tie mal\u00e9 (ob\u010das aj trochu v\u00e4\u010d\u0161ie, a\u00a0niekedy krut\u00e9) potvorky vedia \u010dloveka potr\u00e1pi\u0165, autora, \u010di korektora zarm\u00fati\u0165 a\u00a0niekedy toho, o\u00a0kom sa p\u00ed\u0161e aj zosmie\u0161ni\u0165 (nebodaj urazi\u0165) a\u00a0tla\u010diara pekne rozosmia\u0165.<\/p>\n<p>Nu\u017e, \u010di to vezmeme tak \u010di tak, tla\u010diarensk\u00fd \u0161kriatok ob\u010das \u00faraduje \u2013 a tento rok u\u017e za\u00faradoval aj v Obzore, ke\u010f Sv\u00e4toplukovi \u0160ablat\u00farovi dal nespr\u00e1vnu fotku (SO 2\/21, s. 15) a v jednom titulku si trochu \u201ezakoktal\u201c (SO 3\/21, s. 15 ODPOVEDE \u201ePPRIM\u00c1TORKY\u201c A POSLANCOV). Redak\u010dn\u00fd kolekt\u00edv to zobral s humorom a d\u00fafame, \u017ee aj t\u00ed, ktor\u00fdch sa to t\u00fdkalo. Korektorka, ktor\u00e1 m\u00e1 s\u010dasti na tom svoj diel viny \u017eiada o ospravedlnenie. (\u0160k\u00f4lkarom, mal\u00fdm i ve\u013ek\u00fdm \u010ditate\u013eom by mohla pris\u013e\u00fabi\u0165, \u017ee o \u0161kriatkoch niekedy nap\u00ed\u0161e &#8230; Ve\u010f dnes mnoh\u00ed nevedia ako tieto potvorky stv\u00e1rali v\u00a0dobe \u201epredpo\u010d\u00edta\u010dovej\u201c.)<\/p>\n<p><em>Iva Bukvov\u00e1, korektorka<\/em><\/p>\n","protected":false},"excerpt":{"rendered":"<div class=\"mh-excerpt\"><p>\u010citatelia Obzoru spomedzi \u0161k\u00f4lkarov alebo za\u010d\u00ednaj\u00facich \u0161kol\u00e1kov (lebo aj t\u00edto Skali\u010dania medzi \u010ditate\u013esk\u00fa obec na\u0161ich pekn\u00fdch nov\u00edn patria) sa mo\u017eno pri pre\u010d\u00edtan\u00ed titulku pote\u0161ia: V\u00a0Obzore p\u00ed\u0161u o\u00a0\u0161kriatkoch! Deti maj\u00fa \u0161kriatkov rady, veria v\u00a0ich m\u00fadros\u0165, veselos\u0165, <a class=\"mh-excerpt-more\" href=\"http:\/\/skalickyobzor.sk\/cms\/och-ten-skriatok\/\" title=\"Och, ten \u0161kriatok!\">[&#8230;]<\/a><\/p>\n<\/div>","protected":false},"author":54,"featured_media":17,"comment_status":"closed","ping_status":"closed","sticky":false,"template":"","format":"standard","meta":{"footnotes":""},"categories":[10],"tags":[],"class_list":{"0":"post-4596","1":"post","2":"type-post","3":"status-publish","4":"format-standard","5":"has-post-thumbnail","7":"category-zaujalo-nas"},"_links":{"self":[{"href":"http:\/\/skalickyobzor.sk\/cms\/wp-json\/wp\/v2\/posts\/4596","targetHints":{"allow":["GET"]}}],"collection":[{"href":"http:\/\/skalickyobzor.sk\/cms\/wp-json\/wp\/v2\/posts"}],"about":[{"href":"http:\/\/skalickyobzor.sk\/cms\/wp-json\/wp\/v2\/types\/post"}],"author":[{"embeddable":true,"href":"http:\/\/skalickyobzor.sk\/cms\/wp-json\/wp\/v2\/users\/54"}],"replies":[{"embeddable":true,"href":"http:\/\/skalickyobzor.sk\/cms\/wp-json\/wp\/v2\/comments?post=4596"}],"version-history":[{"count":1,"href":"http:\/\/skalickyobzor.sk\/cms\/wp-json\/wp\/v2\/posts\/4596\/revisions"}],"predecessor-version":[{"id":4597,"href":"http:\/\/skalickyobzor.sk\/cms\/wp-json\/wp\/v2\/posts\/4596\/revisions\/4597"}],"wp:featuredmedia":[{"embeddable":true,"href":"http:\/\/skalickyobzor.sk\/cms\/wp-json\/wp\/v2\/media\/17"}],"wp:attachment":[{"href":"http:\/\/skalickyobzor.sk\/cms\/wp-json\/wp\/v2\/media?parent=4596"}],"wp:term":[{"taxonomy":"category","embeddable":true,"href":"http:\/\/skalickyobzor.sk\/cms\/wp-json\/wp\/v2\/categories?post=4596"},{"taxonomy":"post_tag","embeddable":true,"href":"http:\/\/skalickyobzor.sk\/cms\/wp-json\/wp\/v2\/tags?post=4596"}],"curies":[{"name":"wp","href":"https:\/\/api.w.org\/{rel}","templated":true}]}}