{"id":4601,"date":"2021-07-27T21:11:31","date_gmt":"2021-07-27T19:11:31","guid":{"rendered":"http:\/\/skalickyobzor.sk\/cms\/?p=4601"},"modified":"2021-07-27T21:41:21","modified_gmt":"2021-07-27T19:41:21","slug":"vazena-pani-primatorka-vazeni-poslanci-28","status":"publish","type":"post","link":"http:\/\/skalickyobzor.sk\/cms\/vazena-pani-primatorka-vazeni-poslanci-28\/","title":{"rendered":"V\u00e1\u017een\u00e1 pani prim\u00e1torka, v\u00e1\u017een\u00ed poslanci!"},"content":{"rendered":"<p><img loading=\"lazy\" decoding=\"async\" class=\"aligncenter wp-image-4602\" src=\"http:\/\/skalickyobzor.sk\/cms\/wp-content\/uploads\/2021\/07\/frantisek-kadlecik.jpg\" alt=\"\" width=\"400\" height=\"728\" srcset=\"http:\/\/skalickyobzor.sk\/cms\/wp-content\/uploads\/2021\/07\/frantisek-kadlecik.jpg 500w, http:\/\/skalickyobzor.sk\/cms\/wp-content\/uploads\/2021\/07\/frantisek-kadlecik-165x300.jpg 165w\" sizes=\"auto, (max-width: 400px) 100vw, 400px\" \/><\/p>\n<p><strong>Mil\u00ed \u010ditatelia,<\/strong><\/p>\n<p>priestor v Obzore je obmedzen\u00fd a ke\u010f\u017ee ot\u00e1zky polo\u017een\u00e9 z\u00e1stupcom boli ob\u0161\u00edrne, rozsiahle s\u00fa teda aj odpovede. Minul\u00fd mesiac sme uverejnili odpovede <strong>prim\u00e1torky Anny Miernej a poslancov Adri\u00e1na Hertla, Miroslava Hor\u0148\u00e1ka a Jozefa Sk\u00e1lu.<\/strong> Tento mesiac uverej\u0148ujeme druh\u00fa \u010das\u0165 odpoved\u00ed, ktor\u00e9 z\u00a0priestorov\u00fdch d\u00f4vodov nebolo mo\u017en\u00e9 zverejni\u0165 v\u00a0j\u00fanovom vydan\u00ed. Odpovede uverej\u0148ujeme v\u00a0porad\u00ed v\u00a0akom pri\u0161li do redakcie.<\/p>\n<p>Iste ste si v\u0161imli, \u017ee v\u00a0dolnej \u010dasti pod menami poslancov pribudli percent\u00e1. Tie vyjadruj\u00fa na ko\u013eko ot\u00e1zok poslanec od za\u010diatku volebn\u00e9ho obdobia odpovedal. Ka\u017ed\u00fd mesiac budeme uverej\u0148ova\u0165 aktu\u00e1lny stav.<\/p>\n<p><em>Redakcia<\/em><\/p>\n<hr \/>\n<p><strong>V\u00e1\u017een\u00e1 pani prim\u00e1torka, v\u00e1\u017een\u00ed poslanci,<\/strong><\/p>\n<p>ako volen\u00ed z\u00e1stupcovia spravujete a\u00a0zve\u013ea\u010fujete v\u00a0na\u0161om mene na\u0161e spolo\u010dn\u00e9 hmotn\u00e9 i\u00a0duchovn\u00e9 dedi\u010dstvo. Vy, v\u0161etci poslanci, v\u0161ak m\u00e1te svoje pracovn\u00e9 povinnosti a\u00a0verejn\u00fa spr\u00e1vu m\u00e1te ako \u010fal\u0161\u00ed z\u00e1ujem o\u00a0blaho mesta a\u00a0venujete tomu svoj vo\u013en\u00fd \u010das (\u010do, samozrejme, nezni\u017euje po\u017eiadavku na zodpovedn\u00fd pr\u00edstup). Uvedomujeme si, \u017ee ako na\u0161i z\u00e1stupcovia, bez z\u00e1ujmu ob\u010danov a\u00a0ich pomoci v\u00a0rie\u0161en\u00ed vec\u00ed verejn\u00fdch, po\u010das cel\u00e9ho volebn\u00e9ho obdobia, nielen vo vo\u013eb\u00e1ch a\u00a0pri volebn\u00fdch urn\u00e1ch, mo\u017eno sami v\u0161etko nedok\u00e1\u017eete. Preto sme v\u00e1m v\u00a0m\u00e1ji polo\u017eili nasledovn\u00e9<br \/>\not\u00e1zky a\u00a0po\u017eiadali v\u00e1s o\u00a0odpovede.<\/p>\n<p>Za v\u0161etky doru\u010den\u00e9 odpovede \u010fakujeme.<\/p>\n<p><em>Redakcia<\/em><\/p>\n<hr \/>\n<h2>ODPOVEDE PRIM\u00c1TORKY A POSLANCOV \u2013 2. \u010das\u0165<\/h2>\n<p><strong>Anna Oz\u00e1balov\u00e1<\/strong><\/p>\n<p><strong>Ch\u00fdba v\u00e1m akt\u00edvna podpora \u010di pomoc ob\u010danov alebo by sa mali spo\u013eahn\u00fa\u0165 na svojich zvolen\u00fdch z\u00e1stupcov a\u00a0necha\u0165 rie\u0161enia na nich?<\/strong><br \/>\nPovinnos\u0165ou poslanca je komunik\u00e1cia s ob\u010danom, po\u010d\u00fava\u0165, sna\u017ei\u0165 sa pom\u00f4c\u0165. Pri prij\u00edman\u00ed rozhodnut\u00ed na rokovaniach mestsk\u00fdch zastupite\u013estiev nehlasova\u0165 len za seba, ale pam\u00e4ta\u0165 na ob\u010dana. Ja som plne otvoren\u00e1 ka\u017ed\u00e9mu ob\u010danovi, osobne v\u00a0kancel\u00e1rii na Poto\u010dnej 65, mailom, \u010di telefonicky u\u017e cel\u00e9 roky.<br \/>\n<strong>Ktor\u00e9 t\u00e9my s\u00fa dnes na pokraji pozornosti a s\u00fa z v\u00e1\u0161ho poh\u013eadu d\u00f4le\u017eit\u00e9, no ob\u010danmi prehliadan\u00e9?<\/strong><br \/>\nZ\u00a0m\u00f4jho poh\u013eadu je ve\u013emi d\u00f4le\u017eit\u00e1 ot\u00e1zka rie\u0161enia parkovania v\u00a0celej Skalici, rie\u0161enie dopravnej obslu\u017enosti v\u00a0nov\u00fdch IBV \u2013 Kriv\u00e9 k\u00faty, rie\u0161enie cyklochodn\u00edkov .<br \/>\n<strong>Ak\u00e9 ot\u00e1zky by ste od ob\u010danov uv\u00edtali a\u00a0radi vysvetlili \u010di zodpovedali? Na \u010do by ob\u010dania mali by\u0165 zvedav\u00ed a\u00a0pritom tieto ot\u00e1zky od voli\u010dov nedost\u00e1vate?<\/strong><br \/>\nOt\u00e1zky a\u00a0podnety s\u00fa od ob\u010danov ve\u013emi r\u00f4znorod\u00e9, pokr\u00fdvaj\u00fa pod\u013ea m\u0148a v\u0161etky oblasti.<\/p>\n<p><strong>Veronika Buc<\/strong><\/p>\n<p><strong>Ch\u00fdba v\u00e1m akt\u00edvna podpora \u010di pomoc ob\u010danov alebo by sa mali spo\u013eahn\u00fa\u0165 na svojich zvolen\u00fdch z\u00e1stupcov a\u00a0necha\u0165 rie\u0161enia na nich?<\/strong><br \/>\nVn\u00edmam aktivitu ob\u010danov pozit\u00edvne, ich pomoc a\u00a0podpora je pre m\u0148a d\u00f4le\u017eit\u00e1 a\u00a0aj touto cestou im ve\u013emi pekne \u010fakujem za akt\u00edvny pr\u00edstup. Mnoh\u00e9 ich postrehy a\u00a0n\u00e1pady s\u00fa in\u0161pirat\u00edvne. Predpoklad\u00e1m, \u017ee poslanci a\u00a0ob\u010dania maj\u00fa otvoren\u00fd vz\u0165ah, v\u00a0ktorom je priestor na diskusiu.<br \/>\n<strong>Ktor\u00e9 t\u00e9my s\u00fa dnes na pokraji pozornosti a s\u00fa z v\u00e1\u0161ho poh\u013eadu d\u00f4le\u017eit\u00e9, no ob\u010danmi prehliadan\u00e9?<\/strong><br \/>\nOb\u010dania s\u00fa v\u0161\u00edmav\u00ed, r\u00f4znorodos\u0165 poh\u013eadov a\u00a0n\u00e1zorov pova\u017eujem za pr\u00ednos pre dianie a\u00a0rozvoj v\u00a0meste. S\u00fa\u010dasn\u00e9 zmeny podmienok, opatren\u00ed a\u00a0krit\u00e9ri\u00ed je ve\u013emi \u017eiv\u00e9 a\u00a0ob\u010dania s\u00fa uvedomel\u00ed a\u00a0ch\u00e1paj\u00faci. Nem\u00e1m doteraz sk\u00fasenos\u0165, \u017ee by podstatn\u00e9 t\u00e9my boli v\u00a0meste \u0161irokou verejnos\u0165ou prehliadan\u00e9.<br \/>\n<strong>Ak\u00e9 ot\u00e1zky by ste od ob\u010danov uv\u00edtali a\u00a0radi vysvetlili \u010di zodpovedali? Na \u010do by ob\u010dania mali by\u0165 zvedav\u00ed a\u00a0pritom tieto ot\u00e1zky od voli\u010dov nedost\u00e1vate?<\/strong><br \/>\nOt\u00e1zky prich\u00e1dzaj\u00fa z\u00a0r\u00f4znych tematick\u00fdch okruhov, z\u00e1ujem o\u00a0dianie v\u00a0meste je ve\u013ek\u00fd a\u00a0proces zis\u0165ovania odpoved\u00ed b\u00fdva aj n\u00e1ro\u010dn\u00fd. Mus\u00edm skon\u0161tatova\u0165, \u017ee zdrav\u00e1 zvedavos\u0165 ob\u010danov pos\u00fava a\u00a0roz\u0161iruje aj moje vedomosti poslankyne, preto\u017ee k\u00a0mnoh\u00fdm oblastiam by som sa bez ot\u00e1zok ob\u010danov nepribl\u00ed\u017eila.<\/p>\n<p><strong>Peter Ko\u0161\u00edk<\/strong><\/p>\n<p><strong>Ch\u00fdba v\u00e1m akt\u00edvna podpora \u010di pomoc ob\u010danov alebo by sa mali spo\u013eahn\u00fa\u0165 na svojich zvolen\u00fdch z\u00e1stupcov a\u00a0necha\u0165 rie\u0161enia na nich? <\/strong><br \/>\nAkon\u00e1hle ob\u010dania nie\u010do chc\u00fa v\u017edy sa na m\u0148a obr\u00e1tia. Rovnako je to i\u00a0s\u00a0prejavom ich podpory. Ak m\u00e1m potrebu o\u00a0nie\u010dom informova\u0165 ob\u010danov v\u00a0svojom okol\u00ed tak to urob\u00edm.<br \/>\n<strong>Ktor\u00e9 t\u00e9my s\u00fa dnes na pokraji pozornosti a\u00a0s\u00fa z\u00a0v\u00e1\u0161ho poh\u013eadu d\u00f4le\u017eit\u00e9, no ob\u010danmi prehliadan\u00e9? <\/strong><br \/>\nV\u00a0ob\u010dianskej spolo\u010dnosti je slobodn\u00fd pr\u00edstup k\u00a0inform\u00e1ciam rovnako ako i\u00a0mo\u017enos\u0165 zapoji\u0165 sa do aktiv\u00edt v\u00a0meste \u010di u\u017e pas\u00edvne alebo akt\u00edvne. V\u017edy si ct\u00edm slobodu ka\u017ed\u00e9ho \u010dloveka, nem\u00e1m o\u010dak\u00e1vania. Tob\u00f4\u017e t\u00e9mu nikomu nevnucujem, \u010dasto k\u00a0nej dospejeme spolo\u010dne. Kto chce ten sa p\u00fdta.<br \/>\n<strong>Ak\u00e9 ot\u00e1zky by ste od ob\u010danov uv\u00edtali a\u00a0radi vysvetlili \u010di zodpovedali? Na \u010do by ob\u010dania mali by\u0165 zvedav\u00ed a\u00a0pritom tieto ot\u00e1zky od voli\u010dov nedost\u00e1vate?<\/strong><br \/>\nM\u00e1m r\u00e1d \u013eud\u00ed, r\u00e1d sa s ka\u017ed\u00fdm pozdrav\u00edm i r\u00e1d stretnem \u010di i pohovor\u00edm ak je trocha \u010dasu \u010di k\u00fasok spolo\u010dnej cesty&#8230;. ani neviem \u010di ten \u010di onen je voli\u010d a\u00a0u\u017e v\u00f4bec nie \u010di m\u00f4j.<\/p>\n<p><strong>\u013dubica Bu\u010dkov\u00e1<\/strong><\/p>\n<p><strong>Ch\u00fdba v\u00e1m akt\u00edvna podpora \u010di pomoc ob\u010danov alebo by sa mali spo\u013eahn\u00fa\u0165 na svojich zvolen\u00fdch z\u00e1stupcov a\u00a0necha\u0165 rie\u0161enia na nich?<\/strong><br \/>\nJe doba, v\u00a0ktorej podnety a\u00a0aktivita ob\u010danov s\u00fa otvoren\u00e9 a\u00a0priame. V\u00edtam konkr\u00e9tne podnety, pohn\u00fa rie\u0161enia r\u00fdchlej\u0161ie vpred. Mo\u017eno nie ka\u017ed\u00e1 kritika sa dobre prij\u00edma, no ur\u010dite n\u00e1s pos\u00fava \u010falej. Popros\u00edm len o\u00a0trochu trpezlivosti, \u010di podania pomocnej ruky. Pracujeme s\u00a0najlep\u0161\u00edm vedom\u00edm a\u00a0svedom\u00edm.<br \/>\n<strong>Ktor\u00e9 t\u00e9my s\u00fa dnes na pokraji pozornosti a\u00a0s\u00fa z\u00a0v\u00e1\u0161ho poh\u013eadu d\u00f4le\u017eit\u00e9, no ob\u010danmi prehliadan\u00e9? <\/strong><br \/>\nUr\u010dite ve\u013ek\u00e1 t\u00e9ma do bud\u00facnosti bude komun\u00e1lny odpad. \u010eal\u0161ou ve\u013ekou t\u00e9mou mesta by mala by\u0165 zele\u0148 v\u00a0meste s\u00a0oddychov\u00fdmi plochami a\u00a0cyklochodn\u00edky, kde ja vid\u00edm ve\u013ek\u00fd \u00fa\u017eitok pre ob\u010dana.<br \/>\n<strong>Ak\u00e9 ot\u00e1zky by ste od ob\u010danov uv\u00edtali a\u00a0radi vysvetlili \u010di zodpovedali? Na \u010do by ob\u010dania mali by\u0165 zvedav\u00ed a\u00a0pritom tieto ot\u00e1zky od voli\u010dov nedost\u00e1vate?<\/strong><br \/>\nPod\u013ea m\u0148a je komunik\u00e1cia s\u00a0ob\u010danmi otvoren\u00e1 a\u00a0nemaj\u00fa probl\u00e9m sa sp\u00fdta\u0165 alebo nap\u00edsa\u0165 to, \u010do chc\u00fa vedie\u0165.<\/p>\n<div id=\"poslanci\">\n<div class=\"poslanec\">\n<div class=\"foto\"><img decoding=\"async\" src=\"http:\/\/skalickyobzor.sk\/cms\/wp-content\/uploads\/2019\/01\/anna_mierna.jpg\" \/><\/div>\n<div class=\"meno\">MIERNA Anna<\/div>\n<div class=\"percenta\">88%<\/div>\n<div class=\"odpoved\"><\/div>\n<\/div>\n<div class=\"poslanec\">\n<div class=\"foto\"><img decoding=\"async\" src=\"http:\/\/skalickyobzor.sk\/cms\/wp-content\/uploads\/2017\/10\/fotka_poslanca.jpg\" \/><\/div>\n<div class=\"meno\">BAR\u00c1T \u013dudov\u00edt<\/div>\n<div class=\"percenta\">13%<\/div>\n<div class=\"odpoved\"><\/div>\n<\/div>\n<div class=\"poslanec\">\n<div class=\"foto\"><img decoding=\"async\" src=\"http:\/\/skalickyobzor.sk\/cms\/wp-content\/uploads\/2019\/01\/veronika_hanzalikova.jpg\" \/><\/div>\n<div class=\"meno\">BUC Veronika<\/div>\n<div class=\"percenta\">88%<\/div>\n<div class=\"odpoved\"><\/div>\n<\/div>\n<div class=\"poslanec\">\n<div class=\"foto\"><img decoding=\"async\" src=\"http:\/\/skalickyobzor.sk\/cms\/wp-content\/uploads\/2019\/01\/lubica_buckova.jpg\" \/><\/div>\n<div class=\"meno\">BU\u010cKOV\u00c1 \u013dubica<\/div>\n<div class=\"percenta\">63%<\/div>\n<div class=\"odpoved\"><\/div>\n<\/div>\n<div class=\"poslanec\">\n<div class=\"foto\"><img decoding=\"async\" src=\"http:\/\/skalickyobzor.sk\/cms\/wp-content\/uploads\/2019\/01\/adrian_hertl.jpg\" \/><\/div>\n<div class=\"meno\">HERTL Adri\u00e1n<\/div>\n<div class=\"percenta\">100%<\/div>\n<div class=\"odpoved\"><\/div>\n<\/div>\n<div class=\"poslanec\">\n<div class=\"foto\"><img decoding=\"async\" src=\"http:\/\/skalickyobzor.sk\/cms\/wp-content\/uploads\/2019\/01\/miroslav_hornak.jpg\" \/><\/div>\n<div class=\"meno\">HOR\u0147\u00c1K Miroslav<\/div>\n<div class=\"percenta\">69%<\/div>\n<div class=\"odpoved\"><\/div>\n<\/div>\n<div class=\"poslanec\">\n<div class=\"foto\"><img decoding=\"async\" src=\"http:\/\/skalickyobzor.sk\/cms\/wp-content\/uploads\/2019\/02\/vladislav_hornak.jpg\" \/><\/div>\n<div class=\"meno\">HOR\u0147\u00c1K Vladislav<\/div>\n<div class=\"percenta\">27%<\/div>\n<div class=\"odpoved\"><\/div>\n<\/div>\n<div class=\"poslanec\">\n<div class=\"foto\"><img decoding=\"async\" src=\"http:\/\/skalickyobzor.sk\/cms\/wp-content\/uploads\/2019\/01\/katarina_chovancova.jpg\" \/><\/div>\n<div class=\"meno\">CHOVANCOV\u00c1 Katar\u00edna<\/div>\n<div class=\"percenta\">69%<\/div>\n<div class=\"odpoved\"><\/div>\n<\/div>\n<div class=\"poslanec\">\n<div class=\"foto\"><img decoding=\"async\" src=\"http:\/\/skalickyobzor.sk\/cms\/wp-content\/uploads\/2021\/07\/kadlecik.jpg\" \/><\/div>\n<div class=\"meno\">KADLE\u010c\u00cdK Franti\u0161ek<\/div>\n<div class=\"percenta\">&#8211;<\/div>\n<div class=\"odpoved\"><\/div>\n<\/div>\n<div class=\"poslanec\">\n<div class=\"foto\"><img decoding=\"async\" src=\"http:\/\/skalickyobzor.sk\/cms\/wp-content\/uploads\/2017\/10\/martin_kojs.jpg\" \/><\/div>\n<div class=\"meno\">KOJ\u0160 Martin<\/div>\n<div class=\"percenta\">69%<\/div>\n<div class=\"odpoved\"><\/div>\n<\/div>\n<div class=\"poslanec\">\n<div class=\"foto\"><img decoding=\"async\" src=\"http:\/\/skalickyobzor.sk\/cms\/wp-content\/uploads\/2017\/10\/fotka_poslanca.jpg\" \/><\/div>\n<div class=\"meno\">KO\u0160\u00cdK Peter<\/div>\n<div class=\"percenta\">25%<\/div>\n<div class=\"odpoved\"><\/div>\n<\/div>\n<div class=\"poslanec\">\n<div class=\"foto\"><img decoding=\"async\" src=\"http:\/\/skalickyobzor.sk\/cms\/wp-content\/uploads\/2019\/01\/miroslav_lipovsky.jpg\" \/><\/div>\n<div class=\"meno\">LIPOVSK\u00dd Miroslav<\/div>\n<div class=\"percenta\">38%<\/div>\n<div class=\"odpoved\"><\/div>\n<\/div>\n<div class=\"poslanec\">\n<div class=\"foto\"><img decoding=\"async\" src=\"http:\/\/skalickyobzor.sk\/cms\/wp-content\/uploads\/2017\/10\/anna_ozabalova.jpg\" \/><\/div>\n<div class=\"meno\">OZ\u00c1BALOV\u00c1 Anna<\/div>\n<div class=\"percenta\">100%<\/div>\n<div class=\"odpoved\"><\/div>\n<\/div>\n<div class=\"poslanec\">\n<div class=\"foto\"><img decoding=\"async\" src=\"http:\/\/skalickyobzor.sk\/cms\/wp-content\/uploads\/2017\/12\/peter_pagac.jpg\" \/><\/div>\n<div class=\"meno\">PAG\u00c1\u010c Peter<\/div>\n<div class=\"percenta\">6%<\/div>\n<div class=\"odpoved\"><\/div>\n<\/div>\n<div class=\"poslanec\">\n<div class=\"foto\"><img decoding=\"async\" src=\"http:\/\/skalickyobzor.sk\/cms\/wp-content\/uploads\/2019\/01\/zigmund_palffy.jpg\" \/><\/div>\n<div class=\"meno\">P\u00c1LFFY \u017digmund<\/div>\n<div class=\"percenta\">44%<\/div>\n<div class=\"odpoved\"><\/div>\n<\/div>\n<div class=\"poslanec\">\n<div class=\"foto\"><img decoding=\"async\" src=\"http:\/\/skalickyobzor.sk\/cms\/wp-content\/uploads\/2019\/01\/erik_rangl.jpg\" \/><\/div>\n<div class=\"meno\">RANGL Erik<\/div>\n<div class=\"percenta\">31%<\/div>\n<div class=\"odpoved\"><\/div>\n<\/div>\n<div class=\"poslanec\">\n<div class=\"foto\"><img decoding=\"async\" src=\"http:\/\/skalickyobzor.sk\/cms\/wp-content\/uploads\/2017\/10\/jana_rekosova.jpg\" \/><\/div>\n<div class=\"meno\">REKO\u0160OV\u00c1 Jana<\/div>\n<div class=\"percenta\">81%<\/div>\n<div class=\"odpoved\"><\/div>\n<\/div>\n<div class=\"poslanec\">\n<div class=\"foto\"><img decoding=\"async\" src=\"http:\/\/skalickyobzor.sk\/cms\/wp-content\/uploads\/2017\/10\/fotka_poslanca.jpg\" \/><\/div>\n<div class=\"meno\">ROMAN Milan<\/div>\n<div class=\"percenta\">13%<\/div>\n<div class=\"odpoved\"><\/div>\n<\/div>\n<div class=\"poslanec\">\n<div class=\"foto\"><img decoding=\"async\" src=\"http:\/\/skalickyobzor.sk\/cms\/wp-content\/uploads\/2019\/01\/jozef_skala.jpg\" \/><\/div>\n<div class=\"meno\">SK\u00c1LA Jozef<\/div>\n<div class=\"percenta\">69%<\/div>\n<div class=\"odpoved\"><\/div>\n<\/div>\n<div class=\"poslanec\">\n<div class=\"foto\"><img decoding=\"async\" src=\"http:\/\/skalickyobzor.sk\/cms\/wp-content\/uploads\/2017\/10\/fotka_poslanca.jpg\" \/><\/div>\n<div class=\"meno\">\u0160ANTAV\u00dd Rudolf<\/div>\n<div class=\"percenta\">0%<\/div>\n<div class=\"odpoved\"><\/div>\n<\/div>\n<\/div>\n","protected":false},"excerpt":{"rendered":"<div class=\"mh-excerpt\"><p>Mil\u00ed \u010ditatelia, priestor v Obzore je obmedzen\u00fd a ke\u010f\u017ee ot\u00e1zky polo\u017een\u00e9 z\u00e1stupcom boli ob\u0161\u00edrne, rozsiahle s\u00fa teda aj odpovede. Minul\u00fd mesiac sme uverejnili odpovede prim\u00e1torky Anny Miernej a poslancov Adri\u00e1na Hertla, Miroslava Hor\u0148\u00e1ka a Jozefa <a class=\"mh-excerpt-more\" href=\"http:\/\/skalickyobzor.sk\/cms\/vazena-pani-primatorka-vazeni-poslanci-28\/\" title=\"V\u00e1\u017een\u00e1 pani prim\u00e1torka, v\u00e1\u017een\u00ed poslanci!\">[&#8230;]<\/a><\/p>\n<\/div>","protected":false},"author":1,"featured_media":239,"comment_status":"closed","ping_status":"closed","sticky":false,"template":"","format":"standard","meta":{"footnotes":""},"categories":[9],"tags":[],"class_list":{"0":"post-4601","1":"post","2":"type-post","3":"status-publish","4":"format-standard","5":"has-post-thumbnail","7":"category-vazeni-poslanci"},"_links":{"self":[{"href":"http:\/\/skalickyobzor.sk\/cms\/wp-json\/wp\/v2\/posts\/4601","targetHints":{"allow":["GET"]}}],"collection":[{"href":"http:\/\/skalickyobzor.sk\/cms\/wp-json\/wp\/v2\/posts"}],"about":[{"href":"http:\/\/skalickyobzor.sk\/cms\/wp-json\/wp\/v2\/types\/post"}],"author":[{"embeddable":true,"href":"http:\/\/skalickyobzor.sk\/cms\/wp-json\/wp\/v2\/users\/1"}],"replies":[{"embeddable":true,"href":"http:\/\/skalickyobzor.sk\/cms\/wp-json\/wp\/v2\/comments?post=4601"}],"version-history":[{"count":6,"href":"http:\/\/skalickyobzor.sk\/cms\/wp-json\/wp\/v2\/posts\/4601\/revisions"}],"predecessor-version":[{"id":4609,"href":"http:\/\/skalickyobzor.sk\/cms\/wp-json\/wp\/v2\/posts\/4601\/revisions\/4609"}],"wp:featuredmedia":[{"embeddable":true,"href":"http:\/\/skalickyobzor.sk\/cms\/wp-json\/wp\/v2\/media\/239"}],"wp:attachment":[{"href":"http:\/\/skalickyobzor.sk\/cms\/wp-json\/wp\/v2\/media?parent=4601"}],"wp:term":[{"taxonomy":"category","embeddable":true,"href":"http:\/\/skalickyobzor.sk\/cms\/wp-json\/wp\/v2\/categories?post=4601"},{"taxonomy":"post_tag","embeddable":true,"href":"http:\/\/skalickyobzor.sk\/cms\/wp-json\/wp\/v2\/tags?post=4601"}],"curies":[{"name":"wp","href":"https:\/\/api.w.org\/{rel}","templated":true}]}}