{"id":4638,"date":"2021-07-27T21:13:13","date_gmt":"2021-07-27T19:13:13","guid":{"rendered":"http:\/\/skalickyobzor.sk\/cms\/?p=4638"},"modified":"2021-07-27T21:39:27","modified_gmt":"2021-07-27T19:39:27","slug":"tak-si-myslim-ze-sme-zabudli-na-zasadne-otazky","status":"publish","type":"post","link":"http:\/\/skalickyobzor.sk\/cms\/tak-si-myslim-ze-sme-zabudli-na-zasadne-otazky\/","title":{"rendered":"Tak si mysl\u00edm, \u017ee sme zabudli na z\u00e1sadn\u00e9 ot\u00e1zky"},"content":{"rendered":"<p>Tak som si pomyslela, \u017ee v\u00a0tomto teple by to chcelo nejak\u00fa \u013eah\u0161ie str\u00e1vite\u013enej\u0161iu t\u00e9mu. Okrem toho s\u00fa pr\u00e1zdniny a\u00a0m\u00e1m chu\u0165 necha\u0165 oddychova\u0165 mozog aj ja. A\u00a0do toho t\u00e1 t\u00e9ma pri\u0161la sama. Dostavila sa toti\u017e spolu s\u00a0de\u0165mi zo skalick\u00e9ho centra vo\u013en\u00e9ho \u010dasu, ktor\u00e9 k\u00a0n\u00e1m do tla\u010diarne zav\u00edtali na exkurziu.<\/p>\n<p>M\u00e1m rada tieto detsk\u00e9 n\u00e1v\u0161tevy zo \u0161k\u00f4lok, \u0161k\u00f4l \u010di t\u00e1borov. P\u00f4sobia na moju myse\u013e osvie\u017euj\u00faco, ako studen\u00e1 citron\u00e1da. Ten in\u00fd poh\u013ead a\u00a0in\u00fd sp\u00f4sob myslenia mi v\u017edy pripomenie ak\u00e1 je \u0161koda, \u017ee ako starneme, tak sa z\u00a0n\u00e1s vytr\u00e1ca. Aj ke\u010f nie asi celkom, len niekde hlboko v\u00a0n\u00e1s drieme.<\/p>\n<p>U\u017e som si zvykla, \u017ee n\u00e1s deti zasko\u010dia ot\u00e1zkami typu \u201eTeta, a ako toto funguje?\u201c Tak sa op\u00fdtal napr\u00edklad \u0161tvorro\u010dn\u00fd chlapec na \u010dinnos\u0165 chyta\u010da na ofsetovom stroji a ne\u017e som si stihla sformulova\u0165 \u010dosi zmyslupln\u00e9, \u010domu by porozumel, odpovedal si s\u00e1m: \u201eTo bude ako vys\u00e1va\u010d, ke\u010f mi doma chyt\u00ed pono\u017eku.\u201c Alebo, deti dok\u00e1\u017eu pobavi\u0165 zhodnoten\u00edm pr\u00e1ce kolegu, spoten\u00e9ho po polhodinovej uk\u00e1\u017eke tla\u010denia na ofsetom stroji: \u201eVe\u010f vy tu vlastne nerob\u00edte v\u00f4bec ni\u010d, za v\u00e1s v\u0161etko robia stroje!\u201c To hne\u010f \u010dloveka povzbud\u00ed a postav\u00ed na nohy &#8230; \ud83d\ude42<\/p>\n<p>Ob\u010das sa objav\u00ed aj \u201ev\u00fdchovn\u00e9 okienko\u201c. Napr\u00edklad, ke\u010f na moju ot\u00e1zku \u010di sa im v tla\u010diarni p\u00e1\u010dilo a \u010do by u n\u00e1s chceli robi\u0165, zaznie odpove\u010f: \u201eTeta, mne sa p\u00e1\u010di, ja budem riadite\u013e!\u201c Po mojej pozn\u00e1mke, \u017ee to nie je len tak, sa hne\u010f dozviem, \u017ee od mami\u010dky to u\u017e vie, \u017ee sa treba u\u010di\u0165, potom norm\u00e1lne pracova\u0165, lebo aj mami\u010dka bola najprv u\u010dite\u013eka a\u017e potom riadite\u013eka. Na tieto m\u00fadrosti som pripraven\u00e1 a\u00a0tak som sa do pl\u00e9na sp\u00fdtala: \u201eA\u00a0vy ostatn\u00ed, \u010d\u00edm by ste chceli by\u0165?\u201c Odpovede sa \u010dasto opakuj\u00fa, no odrazu niekde vzadu zaznie odpove\u010f: \u201eTeta, najsk\u00f4r mus\u00edm zisti\u0165 kto som ja.\u201c Pozer\u00e1m sa do detsk\u00fdch o\u010d\u00ed, pritom m\u00e1m pocit, \u017ee pozer\u00e1m do du\u0161e starca. Aj ke\u010f sa rozl\u00fa\u010dim s\u00a0de\u0165mi, pocit spojenia s\u00a0in\u00fdm svetom, s\u00a0nie\u010d\u00edm hlb\u0161\u00edm vo mne pretrv\u00e1va. Don\u00fatilo ma to vr\u00e1ti\u0165 sa do mojich detsk\u00fdch \u010dias, k\u00a0ot\u00e1zke, na ktor\u00fa som pozabudla, i\u00a0ke\u010f som e\u0161te st\u00e1le nena\u0161la uspokojiv\u00fa odpove\u010f.<br \/>\nVlastne \u2013 kto som ja?<\/p>\n<p><em>S\u00a0\u00factou<\/em><\/p>\n<p><em>st\u00e1le sa p\u00fdtaj\u00faca \u017delm\u00edra Mach\u00e1\u010dkov\u00e1<\/em><\/p>\n","protected":false},"excerpt":{"rendered":"<div class=\"mh-excerpt\"><p>Tak som si pomyslela, \u017ee v\u00a0tomto teple by to chcelo nejak\u00fa \u013eah\u0161ie str\u00e1vite\u013enej\u0161iu t\u00e9mu. Okrem toho s\u00fa pr\u00e1zdniny a\u00a0m\u00e1m chu\u0165 necha\u0165 oddychova\u0165 mozog aj ja. A\u00a0do toho t\u00e1 t\u00e9ma pri\u0161la sama. Dostavila sa toti\u017e spolu <a class=\"mh-excerpt-more\" href=\"http:\/\/skalickyobzor.sk\/cms\/tak-si-myslim-ze-sme-zabudli-na-zasadne-otazky\/\" title=\"Tak si mysl\u00edm, \u017ee sme zabudli na z\u00e1sadn\u00e9 ot\u00e1zky\">[&#8230;]<\/a><\/p>\n<\/div>","protected":false},"author":2,"featured_media":241,"comment_status":"closed","ping_status":"closed","sticky":false,"template":"","format":"standard","meta":{"footnotes":""},"categories":[3],"tags":[],"class_list":{"0":"post-4638","1":"post","2":"type-post","3":"status-publish","4":"format-standard","5":"has-post-thumbnail","7":"category-tak-si-myslim"},"_links":{"self":[{"href":"http:\/\/skalickyobzor.sk\/cms\/wp-json\/wp\/v2\/posts\/4638","targetHints":{"allow":["GET"]}}],"collection":[{"href":"http:\/\/skalickyobzor.sk\/cms\/wp-json\/wp\/v2\/posts"}],"about":[{"href":"http:\/\/skalickyobzor.sk\/cms\/wp-json\/wp\/v2\/types\/post"}],"author":[{"embeddable":true,"href":"http:\/\/skalickyobzor.sk\/cms\/wp-json\/wp\/v2\/users\/2"}],"replies":[{"embeddable":true,"href":"http:\/\/skalickyobzor.sk\/cms\/wp-json\/wp\/v2\/comments?post=4638"}],"version-history":[{"count":1,"href":"http:\/\/skalickyobzor.sk\/cms\/wp-json\/wp\/v2\/posts\/4638\/revisions"}],"predecessor-version":[{"id":4639,"href":"http:\/\/skalickyobzor.sk\/cms\/wp-json\/wp\/v2\/posts\/4638\/revisions\/4639"}],"wp:featuredmedia":[{"embeddable":true,"href":"http:\/\/skalickyobzor.sk\/cms\/wp-json\/wp\/v2\/media\/241"}],"wp:attachment":[{"href":"http:\/\/skalickyobzor.sk\/cms\/wp-json\/wp\/v2\/media?parent=4638"}],"wp:term":[{"taxonomy":"category","embeddable":true,"href":"http:\/\/skalickyobzor.sk\/cms\/wp-json\/wp\/v2\/categories?post=4638"},{"taxonomy":"post_tag","embeddable":true,"href":"http:\/\/skalickyobzor.sk\/cms\/wp-json\/wp\/v2\/tags?post=4638"}],"curies":[{"name":"wp","href":"https:\/\/api.w.org\/{rel}","templated":true}]}}