{"id":4660,"date":"2021-09-05T18:02:40","date_gmt":"2021-09-05T16:02:40","guid":{"rendered":"http:\/\/skalickyobzor.sk\/cms\/?p=4660"},"modified":"2021-09-05T18:40:01","modified_gmt":"2021-09-05T16:40:01","slug":"oznam-vecerna-hudba-vo-farskom-kostole","status":"publish","type":"post","link":"http:\/\/skalickyobzor.sk\/cms\/oznam-vecerna-hudba-vo-farskom-kostole\/","title":{"rendered":"OZNAM &#8211; Ve\u010dern\u00e1 hudba vo farskom kostole"},"content":{"rendered":"<p style=\"text-align: center;\"><em>V\u00e1\u017een\u00ed milovn\u00edci organovej hudby!<\/em><\/p>\n<p style=\"text-align: center;\"><em>Pr\u00e1ve v\u00a0\u010dase, kedy pripravujeme do bud\u00faceho \u010d\u00edsla \u010dl\u00e1nok o\u00a0skalick\u00fdch organoch, dostali sme pozv\u00e1nku<\/em><br \/>\n<em>&#8211; pre v\u0161etk\u00fdch, na ve\u010dern\u00e9 koncerty vo farskom kostole.<\/em><br \/>\n<em>Udalos\u0165 aj \u010dl\u00e1nok sa prepojili &#8211; jedn\u00fdm z\u00a0\u00fa\u010dinkuj\u00facich je \u0160imon Kotvas, ktor\u00fd je s\u00fa\u010dasne spoluautorom pripravovan\u00e9ho \u010dl\u00e1nku.<\/em><\/p>\n<p style=\"text-align: center;\"><em>Srde\u010dne poz\u00fdvame k\u00a0po\u010d\u00favaniu aj \u010d\u00edtaniu.<\/em><br \/>\n<em>Redakcia<\/em><a href=\"http:\/\/skalickyobzor.sk\/cms\/wp-content\/uploads\/2021\/09\/koncert.jpg\"><img loading=\"lazy\" decoding=\"async\" class=\"aligncenter wp-image-4661 size-full\" src=\"http:\/\/skalickyobzor.sk\/cms\/wp-content\/uploads\/2021\/09\/koncert.jpg\" alt=\"\" width=\"886\" height=\"1253\" srcset=\"http:\/\/skalickyobzor.sk\/cms\/wp-content\/uploads\/2021\/09\/koncert.jpg 886w, http:\/\/skalickyobzor.sk\/cms\/wp-content\/uploads\/2021\/09\/koncert-212x300.jpg 212w, http:\/\/skalickyobzor.sk\/cms\/wp-content\/uploads\/2021\/09\/koncert-724x1024.jpg 724w, http:\/\/skalickyobzor.sk\/cms\/wp-content\/uploads\/2021\/09\/koncert-768x1086.jpg 768w\" sizes=\"auto, (max-width: 886px) 100vw, 886px\" \/><\/a><\/p>\n","protected":false},"excerpt":{"rendered":"<div class=\"mh-excerpt\"><p>V\u00e1\u017een\u00ed milovn\u00edci organovej hudby! Pr\u00e1ve v\u00a0\u010dase, kedy pripravujeme do bud\u00faceho \u010d\u00edsla \u010dl\u00e1nok o\u00a0skalick\u00fdch organoch, dostali sme pozv\u00e1nku &#8211; pre v\u0161etk\u00fdch, na ve\u010dern\u00e9 koncerty vo farskom kostole. Udalos\u0165 aj \u010dl\u00e1nok sa prepojili &#8211; jedn\u00fdm z\u00a0\u00fa\u010dinkuj\u00facich je <a class=\"mh-excerpt-more\" href=\"http:\/\/skalickyobzor.sk\/cms\/oznam-vecerna-hudba-vo-farskom-kostole\/\" title=\"OZNAM &#8211; Ve\u010dern\u00e1 hudba vo farskom kostole\">[&#8230;]<\/a><\/p>\n<\/div>","protected":false},"author":1,"featured_media":17,"comment_status":"closed","ping_status":"closed","sticky":false,"template":"","format":"standard","meta":{"footnotes":""},"categories":[21],"tags":[],"class_list":{"0":"post-4660","1":"post","2":"type-post","3":"status-publish","4":"format-standard","5":"has-post-thumbnail","7":"category-oznamy"},"_links":{"self":[{"href":"http:\/\/skalickyobzor.sk\/cms\/wp-json\/wp\/v2\/posts\/4660","targetHints":{"allow":["GET"]}}],"collection":[{"href":"http:\/\/skalickyobzor.sk\/cms\/wp-json\/wp\/v2\/posts"}],"about":[{"href":"http:\/\/skalickyobzor.sk\/cms\/wp-json\/wp\/v2\/types\/post"}],"author":[{"embeddable":true,"href":"http:\/\/skalickyobzor.sk\/cms\/wp-json\/wp\/v2\/users\/1"}],"replies":[{"embeddable":true,"href":"http:\/\/skalickyobzor.sk\/cms\/wp-json\/wp\/v2\/comments?post=4660"}],"version-history":[{"count":1,"href":"http:\/\/skalickyobzor.sk\/cms\/wp-json\/wp\/v2\/posts\/4660\/revisions"}],"predecessor-version":[{"id":4662,"href":"http:\/\/skalickyobzor.sk\/cms\/wp-json\/wp\/v2\/posts\/4660\/revisions\/4662"}],"wp:featuredmedia":[{"embeddable":true,"href":"http:\/\/skalickyobzor.sk\/cms\/wp-json\/wp\/v2\/media\/17"}],"wp:attachment":[{"href":"http:\/\/skalickyobzor.sk\/cms\/wp-json\/wp\/v2\/media?parent=4660"}],"wp:term":[{"taxonomy":"category","embeddable":true,"href":"http:\/\/skalickyobzor.sk\/cms\/wp-json\/wp\/v2\/categories?post=4660"},{"taxonomy":"post_tag","embeddable":true,"href":"http:\/\/skalickyobzor.sk\/cms\/wp-json\/wp\/v2\/tags?post=4660"}],"curies":[{"name":"wp","href":"https:\/\/api.w.org\/{rel}","templated":true}]}}