{"id":4663,"date":"2021-09-05T18:03:38","date_gmt":"2021-09-05T16:03:38","guid":{"rendered":"http:\/\/skalickyobzor.sk\/cms\/?p=4663"},"modified":"2021-09-05T18:40:08","modified_gmt":"2021-09-05T16:40:08","slug":"skalicke-ulice-srobarova","status":"publish","type":"post","link":"http:\/\/skalickyobzor.sk\/cms\/skalicke-ulice-srobarova\/","title":{"rendered":"Skalick\u00e9 ulice &#8211; \u0160rob\u00e1rova"},"content":{"rendered":"<p>Prof. MUDr. Vavro \u0160rob\u00e1r (*9. august 1867, Liskov\u00e1 \u2013 \u20206. december 1950, Olomouc), slovensk\u00fd lek\u00e1r a politik, patr\u00ed k v\u00fdznamn\u00fdm osobnostiam n\u00e1\u0161ho politick\u00e9ho a spolo\u010densko-kult\u00farneho \u017eivota na konci 19. a v prvej polovici 20. storo\u010dia. Vyrastal v chudobnej ro\u013en\u00edckej rodine medzi \u010fal\u0161\u00edmi 11 s\u00farodencami, mimoriadne nadanie ho predur\u010dilo na gymnazi\u00e1lne \u0161t\u00fadi\u00e1 v Ru\u017eomberku, Levo\u010di a Banskej Bystrici. Pred maturitou ho pre panslavistick\u00fa agit\u00e1ciu vyl\u00fa\u010dili zo v\u0161etk\u00fdch \u0161k\u00f4l v\u00a0Uhorsku. Maturoval na Gymn\u00e1ziu v\u00a0P\u0159erove v\u00a0roku 1888. Vy\u0161tudoval Lek\u00e1rsku fakultu Karlovej univerzity v\u00a0Prahe, kde sa zapojil do pr\u00e1ce v\u00a0spolku Detvan. Po\u010das pra\u017esk\u00e9ho pobytu sa stal pr\u00edvr\u017eencom \u010dechoslovakistick\u00fdch ide\u00ed, ktor\u00e9 presadzoval T. G. Masaryk. Po skon\u010den\u00ed \u0161t\u00fadi\u00ed sa vr\u00e1til do Ru\u017eomberka, zriadil si lek\u00e1rsku prax, ktor\u00fa s\u00a0prest\u00e1vkami vykon\u00e1val a\u017e do roku 1918.<\/p>\n<p>V roku 1898 za\u010dal, spolu so skalick\u00fdm n\u00e1rodovcom Dr. Pavlom Blahom, vyd\u00e1va\u0165 \u010dasopis <em>Hlas<\/em>. Po ich vz\u00e1jomnej roztr\u017eke posledn\u00e9 dva ro\u010dn\u00edky (1902\u20131904) u\u017e vyd\u00e1val s\u00e1m. \u00dato\u010dil proti uhorskej politike, ale i proti martinsk\u00e9mu centru SNS. V roku 1906 kandidoval do Uhorsk\u00e9ho snemu. Aj napriek podpore Andreja Hlinku vo\u013eby prehral. Navy\u0161e, Hlinka a \u0160rob\u00e1r \u010delili obvineniu z podnecovania protima\u010farsk\u00fdch n\u00e1lad, oboch poslal s\u00fad do v\u00e4zenia. \u0160rob\u00e1rova politick\u00e1 aktivita kulminovala v\u00a0posledn\u00fdch mesiacoch prvej svetovej vojny, v\u00a0\u010dase stup\u0148uj\u00facich sa po\u017eiadaviek \u010desko-slovenskej zahrani\u010dnej misie (\u0160tef\u00e1nik, Masaryk). Zn\u00e1me je jeho vyst\u00fapenie (1. m\u00e1ja 1918) na soci\u00e1lnodemokratickej manifest\u00e1cii v\u00a0Liptovskom Mikul\u00e1\u0161i s\u00a0\u010dechoslovakistickou po\u017eiadavkou <em>\u201esamour\u010dovacieho pr\u00e1va pre uhorsk\u00fa vetvu \u010deskoslovensk\u00e9ho kme\u0148a\u201c<\/em>.<\/p>\n<p>Ako jedin\u00fd Slov\u00e1k pricestoval 28. okt\u00f3bra 1918 do Prahy a\u00a0stal sa \u00fa\u010dastn\u00edkom vyhl\u00e1senia \u010cesko-Slovenska. N\u00e1rodn\u00fd v\u00fdbor \u010desko-slovensk\u00fd vymenoval Do\u010dasn\u00fa vl\u00e1du pre Slovensko na \u010dele s\u00a0Vavrom \u0160rob\u00e1rom, ktor\u00e1 u\u017e 6. novembra 1918 pricestovala zvl\u00e1\u0161tnym vlakom do Skalice. N\u00e1rodn\u00fd umelec Dr. Janko Blaho v\u00a0memo\u00e1rovej knihe Zo Skalick\u00e9ho r\u00ednku na t\u00fato udalos\u0165 spom\u00edna takto: <em>\u201e\u013dudia \u010dakali na \u017eelezni\u010dnej stanici dlho, lebo vlak me\u0161kal skoro dve hodiny. Odovzdali kvety Dr. \u0160rob\u00e1rovi a\u00a0m\u00f4jmu otcovi. Zo stanice sa i\u0161lo na n\u00e1mestie, pred mestsk\u00fdm domom Dr. \u0160rob\u00e1r vyhl\u00e1sil, \u017ee \u010deskoslovensk\u00fd \u0161t\u00e1t preber\u00e1 vl\u00e1du na Slovensku. Vtedy som si do svojho denn\u00edka poznamenal: \u0160rob\u00e1r st\u00e1le faj\u010d\u00ed cigaru, m\u00e1lo sa zhov\u00e1ra.\u201c<\/em><\/p>\n<p>Osoba Vavra \u0160rob\u00e1ra sa s mestom sp\u00e1ja aj v\u010faka d\u00e1tumu 4. m\u00e1j 1919 \u2013 vtedy on a taliansky gener\u00e1l Piccione pri\u0161li do Skalice pri pr\u00edle\u017eitosti sadenia Lipky slobody na n\u00e1mest\u00ed (\u00fadajne ju v\u00a0p\u00e4\u0165desiatych rokoch zlikvidovali). Len\u017ee, pr\u00e1ve tam sa dozvedeli smutn\u00fa zves\u0165 o\u00a0hav\u00e1rii lietadla M. R. \u0160tef\u00e1nika a\u00a0museli ur\u00fdchlene odcestova\u0165 do Bratislavy.<\/p>\n<p>Vavro \u0160rob\u00e1r bol za prvej republiky ministrom \u0161kolstva a n\u00e1rodnej osvety, od roku 1922 a\u017e do odchodu do d\u00f4chodku predn\u00e1\u0161al na Lek\u00e1rskej fakulte UK v Bratislave, kde v roku 1935 z\u00edskal profes\u00faru. V rokoch 1925 \u2013 1935 p\u00f4sobil ako sen\u00e1tor za Agr\u00e1rnu stranu, po vyostren\u00ed vz\u0165ahov s Andrejom Hlinkom a Milanom Hod\u017eom sa utiahol do Tren\u010dianskych Tepl\u00edc a v roku 1937 odi\u0161iel do d\u00f4chodku. Nesk\u00f4r bol spolupredsedom povstaleckej Slovenskej n\u00e1rodnej rady, dokonca predsedal sl\u00e1vnostn\u00e9mu zasadnutiu vl\u00e1dy v Ko\u0161iciach, na ktorom vyhl\u00e1sili Ko\u0161ick\u00fd vl\u00e1dny program. V rokoch 1945 \u2013 1946 zast\u00e1val post ministra financi\u00ed za Demokratick\u00fa stranu, nesk\u00f4r zalo\u017eil Stranu slobody a po febru\u00e1ri 1948, vo veku 81 rokov, prijal ministersk\u00fd post vo vl\u00e1de K. Gottwalda. \u0160rob\u00e1r zostal ministrom pre zjednocovanie z\u00e1konov a\u017e do svojej smrti. Zomrel 6. decembra 1950, nieko\u013eko dn\u00ed po oper\u00e1cii zhubn\u00e9ho n\u00e1doru pa\u017eer\u00e1ka v olomouckej nemocnici. Pochovali ho so v\u0161etk\u00fdmi \u0161t\u00e1tnick\u00fdmi poctami na Ondrejskom cintor\u00edne v Bratislave.<\/p>\n","protected":false},"excerpt":{"rendered":"<div class=\"mh-excerpt\"><p>Prof. MUDr. Vavro \u0160rob\u00e1r (*9. august 1867, Liskov\u00e1 \u2013 \u20206. december 1950, Olomouc), slovensk\u00fd lek\u00e1r a politik, patr\u00ed k v\u00fdznamn\u00fdm osobnostiam n\u00e1\u0161ho politick\u00e9ho a spolo\u010densko-kult\u00farneho \u017eivota na konci 19. a v prvej polovici 20. storo\u010dia. <a class=\"mh-excerpt-more\" href=\"http:\/\/skalickyobzor.sk\/cms\/skalicke-ulice-srobarova\/\" title=\"Skalick\u00e9 ulice &#8211; \u0160rob\u00e1rova\">[&#8230;]<\/a><\/p>\n<\/div>","protected":false},"author":16,"featured_media":4664,"comment_status":"closed","ping_status":"closed","sticky":false,"template":"","format":"standard","meta":{"footnotes":""},"categories":[24],"tags":[],"class_list":{"0":"post-4663","1":"post","2":"type-post","3":"status-publish","4":"format-standard","5":"has-post-thumbnail","7":"category-skalicke-ulice"},"_links":{"self":[{"href":"http:\/\/skalickyobzor.sk\/cms\/wp-json\/wp\/v2\/posts\/4663","targetHints":{"allow":["GET"]}}],"collection":[{"href":"http:\/\/skalickyobzor.sk\/cms\/wp-json\/wp\/v2\/posts"}],"about":[{"href":"http:\/\/skalickyobzor.sk\/cms\/wp-json\/wp\/v2\/types\/post"}],"author":[{"embeddable":true,"href":"http:\/\/skalickyobzor.sk\/cms\/wp-json\/wp\/v2\/users\/16"}],"replies":[{"embeddable":true,"href":"http:\/\/skalickyobzor.sk\/cms\/wp-json\/wp\/v2\/comments?post=4663"}],"version-history":[{"count":1,"href":"http:\/\/skalickyobzor.sk\/cms\/wp-json\/wp\/v2\/posts\/4663\/revisions"}],"predecessor-version":[{"id":4665,"href":"http:\/\/skalickyobzor.sk\/cms\/wp-json\/wp\/v2\/posts\/4663\/revisions\/4665"}],"wp:featuredmedia":[{"embeddable":true,"href":"http:\/\/skalickyobzor.sk\/cms\/wp-json\/wp\/v2\/media\/4664"}],"wp:attachment":[{"href":"http:\/\/skalickyobzor.sk\/cms\/wp-json\/wp\/v2\/media?parent=4663"}],"wp:term":[{"taxonomy":"category","embeddable":true,"href":"http:\/\/skalickyobzor.sk\/cms\/wp-json\/wp\/v2\/categories?post=4663"},{"taxonomy":"post_tag","embeddable":true,"href":"http:\/\/skalickyobzor.sk\/cms\/wp-json\/wp\/v2\/tags?post=4663"}],"curies":[{"name":"wp","href":"https:\/\/api.w.org\/{rel}","templated":true}]}}