{"id":4680,"date":"2021-09-05T18:08:25","date_gmt":"2021-09-05T16:08:25","guid":{"rendered":"http:\/\/skalickyobzor.sk\/cms\/?p=4680"},"modified":"2021-09-05T18:40:32","modified_gmt":"2021-09-05T16:40:32","slug":"pjecek-bleska-rafek-hri-naseho-dectva","status":"publish","type":"post","link":"http:\/\/skalickyobzor.sk\/cms\/pjecek-bleska-rafek-hri-naseho-dectva\/","title":{"rendered":"Pje\u010dek, ble\u0161ka, r\u00e1fek&#8230; Hri na\u0161eho \u010fectva"},"content":{"rendered":"<p>Ode \u0161tirech rok\u00fa sem cho\u010fil do malej \u0161kolki napro\u0165i Tekle. Dneskaj je ftem m\u00eds\u0165e nemoc\u0148i\u010d\u0148\u00ed pohotovos\u0165. Cho\u010fili sme tam decka z bl\u00edsk\u00e9ho okol\u00e1. Ti, co to mjeli nedaleko, cho\u010fili do \u0161kolki k Vrchovsk\u00edm za zelen\u00edm mostem. Pamatuju si na pa\u0148i u\u010ditelku Kobli\u017ekov\u00fa a na te\u0165i\u010dku Pokovi\u010dov\u00fa, ker\u00e9 sa o n\u00e1s starali a vichov\u00e1vali n\u00e1s. Bilo to \u0161tiri roki po druhej svjetovej voj\u0148e. Od r\u00e1na od osmi do \u0161tiroch poobje\u010fe sme sa tam hr\u00e1li, u\u010dili pjes\u0148i\u010dki a b\u00e1s\u0148i\u010dki a hr\u00e1vali sme sa na dvori. Mjeli sme p\u00e1r drevjen\u00edch hra\u010dek, kostek, bal\u00f3n a neco, co sme si don\u00e9sli z domu. \u00cddlo sme nedost\u00e1vali, to sme mjeli od maminki. Zlepen\u00ed omas\u0165en\u00ed chleba, v lep\u0161\u00edm pr\u00edpa\u010fe rohl\u00edk alebo napolitanku. Ket hl\u00e1sili leteck\u00ed n\u00e1let, tak sme utekali kadilach\u0161\u00ed dom do sklepa. Jeden kr\u00e1tk\u00ed \u010das sme mjeli tr\u00eddu aj v hasi\u010dskej zbroj\u0148ici na mal\u00e9m rinku. Ket sme nebili ve \u0161kolce, tak sme sa hr\u00e1vali pred domama na ulici alebo na Kalvarce a inde.<\/p>\n<p>Najvjec sme sa hr\u00e1vali z hra\u010dkama, ker\u00e9 sme dostali alebo n\u00e1m ich u\u010felal tata. Bl\u00edsko n\u00e1s, v Dubovej (dnes Komensk\u00e9ho) ulici, b\u00edvali str\u00edc Tome\u010dek, kol\u00e1rsk\u00ed majstr. Ten vje\u010feli na traxli, teda s\u00fastruhu, vito\u010dit z\u00a0tvrd\u00e9ho dreva kr\u00e1sn\u00fa hra\u010dku \u2013 pje\u010dka. To b\u00edl k\u00fa\u017eel tak pjet centimetr\u00fa visok\u00ed a\u00a0tri-\u0161tiri centimetre f pr\u00famjeri. Do hrotu naspodu b\u00edl zatlu\u010den\u00ed cvok, abi sa lep\u0161\u00ed to\u010d\u00edl. Ti \u0161ikov\u0148ej\u0161\u00ed sme si pje\u010dka vibarvili vodofkama. Namotan\u00edm \u0161pag\u00e1tem sme ho rosto\u010dili, ho\u010fili na dratu\u00e1r a\u00a0mal\u00edm bi\u010d\u00edkem sme ho poh\u00e1\u0148ali dopredu, abi ca pjek\u0148e to\u010d\u00edl. Najlep\u0161\u00ed to bilo nah\u00e1\u0148at na korzi pred gimn\u00e1zijem. M\u00edvali sme aj vje\u010d\u0161\u00edch pje\u010dk\u00fa, to bili ka\u010de. Gdo ho najd\u00e9lej to\u010d\u00edl, ten bil najlep\u0161\u00ed. Nabjehali sme sa za pje\u010dkem do \u00famoru. No, ale to sme u\u0161 bili trochu vje\u010d\u0161\u00ed.<\/p>\n<p>Dal\u0161\u00ed hra\u010dk\u00fa, kter\u00fa sme si vje\u010feli u\u010felat aj sami, bila ble\u0161ka. Urezali sme si k\u00fasek kolka, tak dvacet centimetr\u00fa dl\u00fah\u00ed, zastr\u00fahali oba konce do \u0161pice, k\u00a0temu pali\u010dka alebo latka a\u00a0mohli sme sa hr\u00e1t. Hr\u00e1lo sa to tak, \u017ee na \u0161picu ble\u0161ki sa uderilo palic\u00fa, t\u00e1 visko\u010dila jak blecha a\u00a0bilo nutn\u00e9 ju pali\u010dk\u00fa trefit tak, abi odle\u0165ela \u010d\u00edm d\u00e1l. Bil to tak trochu bejzb\u00f3l na\u0161\u00e9ho \u010fectva. Nekedi le\u0165ela tak daleko, \u017ee skon\u010dila v\u00a0neker\u00e9m ok\u0148e domu, a\u00a0bilo zle. Aj sme sa priznali alebo sme ut\u00e9kli kam-ker\u00ed.<\/p>\n<p>Picigle sme nemjeli, ale zato sme r\u00e1\u010fi hnali pred seb\u00fa z\u00a0kola r\u00e1fek. \u0160pice bili vibran\u00e9 pre\u010d. R\u00e1fki sme si viptali od majstr\u00fa, ker\u00ed spravovali kola, alebo na\u0161li negde poho\u010fen\u00e9 na sme\u0165i\u0161ti. Cho\u010f\u00edvali po mjes\u0165e s\u00a0ko\u0148ma aj handri\u010dk\u00e1ri, ker\u00ed zb\u00edrali aj \u017eelez\u00ed do \u0161rotu a\u00a0tak sme od \u0148ich mohli r\u00e1fki vip\u00edtat. Tam, gde je f\u010d\u00edl Billa, v\u00a0uli\u010dce, b\u00edval p\u00e1n S\u00edtek, ten spravoval kola a\u00a0\u010dasto mjel aj viho\u010fen\u00e9 r\u00e1fki, ker\u00e9 n\u00e1m ochot\u0148e d\u00e1val. R\u00e1fki sme po ces\u0165e alebo chod\u0148\u00edku hnali pali\u010dk\u00fa a\u00a0sna\u017eili sme sa udr\u017eat ho tak, abi sa pjek\u0148e kot\u00fal\u00e1l. Ner\u00e1z sme spadli a\u00a0z\u00a0odran\u00edma kolenama do\u0161li dom.<\/p>\n<p>Bili to pjekn\u00e9 \u010feck\u00e9 \u010dasi aj hri a\u00a0vidra\u017eali sme to aj pri \u0148ich. A\u00a0hlav\u0148e \u2013 nekazili sme si o\u010di a\u0148i rozum.<\/p>\n<p><em>Anton Dinka st.<\/em><\/p>\n<figure id=\"attachment_4685\" aria-describedby=\"caption-attachment-4685\" style=\"width: 1356px\" class=\"wp-caption aligncenter\"><img loading=\"lazy\" decoding=\"async\" class=\"size-full wp-image-4685\" src=\"http:\/\/skalickyobzor.sk\/cms\/wp-content\/uploads\/2021\/09\/pjecek_bleska.jpg\" alt=\"\" width=\"1356\" height=\"622\" srcset=\"http:\/\/skalickyobzor.sk\/cms\/wp-content\/uploads\/2021\/09\/pjecek_bleska.jpg 1356w, http:\/\/skalickyobzor.sk\/cms\/wp-content\/uploads\/2021\/09\/pjecek_bleska-300x138.jpg 300w, http:\/\/skalickyobzor.sk\/cms\/wp-content\/uploads\/2021\/09\/pjecek_bleska-1024x470.jpg 1024w, http:\/\/skalickyobzor.sk\/cms\/wp-content\/uploads\/2021\/09\/pjecek_bleska-768x352.jpg 768w\" sizes=\"auto, (max-width: 1356px) 100vw, 1356px\" \/><figcaption id=\"caption-attachment-4685\" class=\"wp-caption-text\">Zdroj foto: internet<\/figcaption><\/figure>\n","protected":false},"excerpt":{"rendered":"<div class=\"mh-excerpt\"><p>Ode \u0161tirech rok\u00fa sem cho\u010fil do malej \u0161kolki napro\u0165i Tekle. Dneskaj je ftem m\u00eds\u0165e nemoc\u0148i\u010d\u0148\u00ed pohotovos\u0165. Cho\u010fili sme tam decka z bl\u00edsk\u00e9ho okol\u00e1. Ti, co to mjeli nedaleko, cho\u010fili do \u0161kolki k Vrchovsk\u00edm za zelen\u00edm <a class=\"mh-excerpt-more\" href=\"http:\/\/skalickyobzor.sk\/cms\/pjecek-bleska-rafek-hri-naseho-dectva\/\" title=\"Pje\u010dek, ble\u0161ka, r\u00e1fek&#8230; Hri na\u0161eho \u010fectva\">[&#8230;]<\/a><\/p>\n<\/div>","protected":false},"author":12,"featured_media":17,"comment_status":"closed","ping_status":"closed","sticky":false,"template":"","format":"standard","meta":{"footnotes":""},"categories":[4],"tags":[],"class_list":{"0":"post-4680","1":"post","2":"type-post","3":"status-publish","4":"format-standard","5":"has-post-thumbnail","7":"category-ja-su-ze-skalice"},"_links":{"self":[{"href":"http:\/\/skalickyobzor.sk\/cms\/wp-json\/wp\/v2\/posts\/4680","targetHints":{"allow":["GET"]}}],"collection":[{"href":"http:\/\/skalickyobzor.sk\/cms\/wp-json\/wp\/v2\/posts"}],"about":[{"href":"http:\/\/skalickyobzor.sk\/cms\/wp-json\/wp\/v2\/types\/post"}],"author":[{"embeddable":true,"href":"http:\/\/skalickyobzor.sk\/cms\/wp-json\/wp\/v2\/users\/12"}],"replies":[{"embeddable":true,"href":"http:\/\/skalickyobzor.sk\/cms\/wp-json\/wp\/v2\/comments?post=4680"}],"version-history":[{"count":3,"href":"http:\/\/skalickyobzor.sk\/cms\/wp-json\/wp\/v2\/posts\/4680\/revisions"}],"predecessor-version":[{"id":4686,"href":"http:\/\/skalickyobzor.sk\/cms\/wp-json\/wp\/v2\/posts\/4680\/revisions\/4686"}],"wp:featuredmedia":[{"embeddable":true,"href":"http:\/\/skalickyobzor.sk\/cms\/wp-json\/wp\/v2\/media\/17"}],"wp:attachment":[{"href":"http:\/\/skalickyobzor.sk\/cms\/wp-json\/wp\/v2\/media?parent=4680"}],"wp:term":[{"taxonomy":"category","embeddable":true,"href":"http:\/\/skalickyobzor.sk\/cms\/wp-json\/wp\/v2\/categories?post=4680"},{"taxonomy":"post_tag","embeddable":true,"href":"http:\/\/skalickyobzor.sk\/cms\/wp-json\/wp\/v2\/tags?post=4680"}],"curies":[{"name":"wp","href":"https:\/\/api.w.org\/{rel}","templated":true}]}}