{"id":4700,"date":"2021-09-05T18:12:02","date_gmt":"2021-09-05T16:12:02","guid":{"rendered":"http:\/\/skalickyobzor.sk\/cms\/?p=4700"},"modified":"2021-09-06T12:51:42","modified_gmt":"2021-09-06T10:51:42","slug":"spevavy-svet-janka-blaha","status":"publish","type":"post","link":"http:\/\/skalickyobzor.sk\/cms\/spevavy-svet-janka-blaha\/","title":{"rendered":"Spevav\u00fd svet Janka Blaha"},"content":{"rendered":"<p><strong><em>D\u0148a 15. septembra si pripom\u00edname stodvadsiate narodeniny jedn\u00e9ho z\u00a0najzn\u00e1mej\u0161\u00edch skalick\u00fdch rod\u00e1kov Janka Blaha. Prv\u00fd slovensk\u00fd opern\u00fd spev\u00e1k, zberate\u013e \u013eudov\u00fdch piesn\u00ed a\u00a0hviezda slovenskej kult\u00fary v\u0161ak bol ove\u013ea viac ako len rod\u00e1k z\u00a0n\u00e1\u0161ho mesta.<\/em> Janko Blaho bol a je pre Skalicu fenom\u00e9n. O to viac, \u017ee mnoh\u00ed z n\u00e1s maj\u00fa na neho osobn\u00e9 spomienky. N\u00e1m v\u0161etk\u00fdm, ktor\u00ed si uchov\u00e1vame na neho iba \u010driepky spomienok z \u00fatleho detstva, zasiahol \u013eudsky do \u017eivota svojou osobnos\u0165ou cez na\u0161ich star\u0161\u00edch priate\u013eov a jeho i na\u0161ich rodinn\u00fdch pr\u00edslu\u0161n\u00edkov, ktor\u00ed sa dodnes radi delia o z\u00e1\u017eitky s n\u00edm. Pre Skalicu s\u00fa typick\u00e9 \u013eudov\u00e9 piesne a l\u00e1ska k v\u00ednu a dnes pribl\u00ed\u017eime jeho v\u00e4zbu k t\u00fdmto fenom\u00e9nom. V\u00a0tomto \u010d\u00edsle prin\u00e1\u0161ame nieko\u013eko spomienok prostredn\u00edctvom kr\u00e1tkych rozhovorov s\u00a0\u013eu\u010fmi, ktor\u00ed mu boli a\u00a0s\u00fa nabl\u00edzku z\u00a0celkom r\u00f4znych d\u00f4vodov a\u00a0tak spolu poskytuj\u00fa obraz majstra spev\u00e1ka, tatu, pedag\u00f3ga, hurbanistu a\u00a0\u201estr\u00edca Jana\u201c \u2013 Janka Blaha.<\/strong><\/p>\n<h5>Mgr. art. Helena Jurasovov\u00e1,<br \/>\ndc\u00e9ra, folkloristka, zakladate\u013eka a\u00a0ved\u00faca s\u00faboru Vienok<\/h5>\n<p><em><strong>Dnes by sme chceli rozpr\u00e1va\u0165 o\u00a0Jankovi Blahovi, nie ako o\u00a0va\u0161om otcovi, ale ako o\u00a0v\u00fdznamnom spev\u00e1kovi, ktor\u00e9mu ste boli nabl\u00edzku. Je mo\u017en\u00e9 tieto dve \u010dasti jeho osobnosti od seba v\u00f4bec oddeli\u0165?<\/strong><\/em><br \/>\nNemo\u017eno, lebo hudba n\u00e1s cel\u00fd \u017eivot sp\u00e1jala. Neboli sme si tak nabl\u00edzku akoby sme si predstavovali, preto\u017ee sme ne\u017eili spolu. Rodi\u010dia boli rozveden\u00ed, ja som v\u0161ak chodila do Skalice v\u017edy na cel\u00e9 pr\u00e1zdniny. Ale ako tata hovoril \u201eHudba je ve\u010dn\u00e1. Dobr\u00e1 hudba a\u00a0dobr\u00e1 piese\u0148 ost\u00e1va.\u201c T\u00e1 n\u00e1s cel\u00fd \u017eivot sp\u00e1jala. On l\u00e1sku k\u00a0\u013eudovej piesni zdedil po otcovi Pavlovi Blahovi. Je to ve\u013ek\u00e9 \u0161\u0165astie od P\u00e1na Boha, \u017ee som sa narodila v\u00a0takej rodine.<\/p>\n<p><em><strong>Ako vn\u00edmal v\u00e1\u0161 otec va\u0161u pr\u00e1cu s\u00a0folkl\u00f3rom?<\/strong><\/em><br \/>\nOn mi v\u017edy fandil. On bol nad\u0161en\u00fd, ke\u010f som spolupracovala napr\u00edklad na filme \u2013 folkl\u00f3rnom p\u00e1sme \u201eRozmar\u00edn zelen\u00fd \u2013 trdeln\u00edk pe\u010den\u00fd\u201c (1977). Bol hrd\u00fd na Vienok, ktor\u00fd som zalo\u017eila, viedla a\u00a0dodnes v\u00a0\u0148om pracujem. S\u00a0Vienkom sme sa presadili so Z\u00e1hor\u00edm \u2013 napr\u00edklad choreografia \u201eMal\u00e1 sva\u010fba u\u00a0Hreb\u00ed\u010dk\u00fa\u201c alebo \u201eJak Skali\u010dan\u00e9 k\u00a0trdeln\u00edku do\u0161li\u201c, kde boli pou\u017eit\u00e9 v\u0161etko piesne zo spevn\u00edka Z\u00e1hor\u00e1ck\u00e9 pjesni\u010dky, ktor\u00e9 zozbieral m\u00f4j otec.<\/p>\n<figure id=\"attachment_4711\" aria-describedby=\"caption-attachment-4711\" style=\"width: 771px\" class=\"wp-caption aligncenter\"><img loading=\"lazy\" decoding=\"async\" class=\"size-full wp-image-4711\" src=\"http:\/\/skalickyobzor.sk\/cms\/wp-content\/uploads\/2021\/09\/3bbb-Pamatnicek-venovanie.jpg\" alt=\"\" width=\"771\" height=\"705\" srcset=\"http:\/\/skalickyobzor.sk\/cms\/wp-content\/uploads\/2021\/09\/3bbb-Pamatnicek-venovanie.jpg 771w, http:\/\/skalickyobzor.sk\/cms\/wp-content\/uploads\/2021\/09\/3bbb-Pamatnicek-venovanie-300x274.jpg 300w, http:\/\/skalickyobzor.sk\/cms\/wp-content\/uploads\/2021\/09\/3bbb-Pamatnicek-venovanie-768x702.jpg 768w\" sizes=\"auto, (max-width: 771px) 100vw, 771px\" \/><figcaption id=\"caption-attachment-4711\" class=\"wp-caption-text\">Z\u00a0pam\u00e4tn\u00ed\u010dka Heleny Jurasovovej.<br \/>Venovanie Janka Blaha svojej dc\u00e9re.<\/figcaption><\/figure>\n<p>Ur\u010dite by bol py\u0161n\u00fd aj na predstavenie v\u00a0\u010dinohre SND \u201e\u017densk\u00fd z\u00e1kon\u201c, zlo\u017een\u00fd z\u00a0pesni\u010diek zo Z\u00e1horia, na ktorom som sa podie\u013eala ako choreografka. A, samozrejme, nem\u00f4\u017eeme opomen\u00fa\u0165 CD Z\u00e1hor\u00e1cke pjesni\u010dky, vydan\u00e9 pri pr\u00edle\u017eitosti 50. v\u00fdro\u010dia s\u00faboru Vienok, ktor\u00e9 obsahuje v\u00fdber piesn\u00ed zo spevn\u00edkov na\u0161tudovan\u00e9 a\u00a0nahran\u00e9 spev\u00e1kmi s\u00faboru a\u00a0kde spievaj\u00fa aj pravnu\u010dky Dr. Janka Blaha. Na CD spolupracoval i\u00a0Skali\u010dan Miro Buzrla.<\/p>\n<figure id=\"attachment_4713\" aria-describedby=\"caption-attachment-4713\" style=\"width: 788px\" class=\"wp-caption aligncenter\"><img loading=\"lazy\" decoding=\"async\" class=\"size-full wp-image-4713\" src=\"http:\/\/skalickyobzor.sk\/cms\/wp-content\/uploads\/2021\/09\/3aa-Pamatnicek-fotka.jpg\" alt=\"\" width=\"788\" height=\"558\" srcset=\"http:\/\/skalickyobzor.sk\/cms\/wp-content\/uploads\/2021\/09\/3aa-Pamatnicek-fotka.jpg 788w, http:\/\/skalickyobzor.sk\/cms\/wp-content\/uploads\/2021\/09\/3aa-Pamatnicek-fotka-300x212.jpg 300w, http:\/\/skalickyobzor.sk\/cms\/wp-content\/uploads\/2021\/09\/3aa-Pamatnicek-fotka-768x544.jpg 768w\" sizes=\"auto, (max-width: 788px) 100vw, 788px\" \/><figcaption id=\"caption-attachment-4713\" class=\"wp-caption-text\">Z\u00a0pam\u00e4tn\u00ed\u010dka Heleny Jurasovovej.<br \/>Janko Blaho s\u00a0de\u0165mi Helenkou a\u00a0jej bratom.<\/figcaption><\/figure>\n<p><em><strong>Janko Blaho je na Slovensku vn\u00edman\u00fd ako n\u00e1\u0161 prv\u00fd opern\u00fd spev\u00e1k, ale aj ako milovn\u00edk \u013eudov\u00fdch piesni. V\u00a0\u010dom vid\u00edte v\u00a0tejto oblasti jeho najv\u00e4\u010d\u0161\u00ed pr\u00ednos?<\/strong><\/em><br \/>\nJa vn\u00edmam hlavne jeho obrovsk\u00fd pr\u00ednos pre \u013eudov\u00fa piese\u0148. Bol prv\u00fd, ktor\u00fd v\u00a0roku 1924 naspieval \u013eudov\u00e9 piesne v\u00a0slovenskom rozhlase aj s\u00a0mojou mamou Helenou Barto\u0161ovou. Z\u00e1hor\u00e1ckymi pesni\u010dkami in\u0161piroval aj tak\u00fdch hudobn\u00fdch skladate\u013eov ako Ciker, Sucho\u0148, Auer a\u00a0in\u00fdch. Napr\u00edklad Sv\u00e4toz\u00e1ra Stra\u010dinu, autora hudby k\u00a0filmu Martina \u0164ap\u00e1ka \u201eHan\u010da, Janko, Lucia\u201c o\u00a0detsk\u00fdch \u013eudov\u00fdch hr\u00e1ch na Slovensku. V\u00a0\u0148om tanec \u201eLucia\u201c bol poskladan\u00fd zo z\u00e1hor\u00e1ckych pesni\u010diek. Film vyhral v\u00a0roku 1975 v\u00a0Dubline hlavn\u00fa cenu medzin\u00e1rodn\u00e9ho telev\u00edzneho festivalu.<\/p>\n<figure id=\"attachment_4714\" aria-describedby=\"caption-attachment-4714\" style=\"width: 872px\" class=\"wp-caption aligncenter\"><img loading=\"lazy\" decoding=\"async\" class=\"size-full wp-image-4714\" src=\"http:\/\/skalickyobzor.sk\/cms\/wp-content\/uploads\/2021\/09\/2-Janko-Blaho-v-Skalici-medzi-svojimi-Archiv-Heleny-Jurasovovej.jpg\" alt=\"\" width=\"872\" height=\"616\" srcset=\"http:\/\/skalickyobzor.sk\/cms\/wp-content\/uploads\/2021\/09\/2-Janko-Blaho-v-Skalici-medzi-svojimi-Archiv-Heleny-Jurasovovej.jpg 872w, http:\/\/skalickyobzor.sk\/cms\/wp-content\/uploads\/2021\/09\/2-Janko-Blaho-v-Skalici-medzi-svojimi-Archiv-Heleny-Jurasovovej-300x212.jpg 300w, http:\/\/skalickyobzor.sk\/cms\/wp-content\/uploads\/2021\/09\/2-Janko-Blaho-v-Skalici-medzi-svojimi-Archiv-Heleny-Jurasovovej-768x543.jpg 768w\" sizes=\"auto, (max-width: 872px) 100vw, 872px\" \/><figcaption id=\"caption-attachment-4714\" class=\"wp-caption-text\">Janko Blaho v\u00a0Skalici medzi svojimi. V\u00a0strede, v\u00a0obleku, Janko Blaho, po jeho \u013eavej ruke dc\u00e9ra Helena a\u00a0Ladislav Nem\u010dovsk\u00fd, po pravej ruke Ferenc Buchta a\u00a0Julka Buchtov\u00e1. Stojaci z\u013eava: M. Vesel\u00fd, L. Martinus\u00edk, T. Chalupkov\u00e1, J. Pardubsk\u00fd, \u0160. Androvi\u010d, A. Pav\u010do, J.\u00a0Kov\u00e1rik (Skali\u010dan). Arch\u00edv Heleny Jurasovovej<\/figcaption><\/figure>\n<p><em><strong>Obrovskou pr\u00e1cou s\u00fa jeho spevn\u00edky z\u00e1hor\u00e1ckych piesn\u00ed.<\/strong><\/em><br \/>\nPri zbieran\u00ed materi\u00e1lu som ho vozila po Zahor\u00ed a bolo kr\u00e1sne ho nielen po\u010d\u00fava\u0165, ale aj pozorova\u0165. Videla som ak\u00fd mal pozit\u00edvny vz\u0165ah k jednoduch\u00fdm \u013eu\u010fom. A oni ho mali ve\u013emi radi, on sa nepovy\u0161oval. Oni ho mali radi a radi mu vych\u00e1dzali v \u00fastrety. Hovoril \u201eHelenko, enom jedekr\u00e1t chceli za pjes\u0148i\u010dku pe\u0148\u00edze, ale ostatn\u00ed bili nad\u0161en\u00ed!\u201c Mam ve\u013ea kaziet nahran\u00fdch ako sme chodili po \u013eu\u010foch. Okrem piesni \u010derpal od \u013eud\u00ed zdrav\u00fd sedliacky rozum. Piesne spracoval do spevn\u00edkov. S vydan\u00edm prv\u00e9ho mu pomohol Janek Mach\u00e1\u010dek, ktor\u00fd bol typograf a vtedy b\u00fdval u n\u00e1s na Lermontovej v Bratislave. Bez neho by nevznikli. Ke\u010f tata zomieral, sm\u00fatil, \u017ee \u0161iesty spevn\u00edk nevy\u0161iel. Vy\u0161iel, av\u0161ak a\u017e po jeho smrti. Ak opomeniem nemocnicu, aj na\u0161e posledn\u00e9 stretnutie bolo o pies\u0148ach. Bolo to na jar 1981 v rozhlase a hral mi na klav\u00edr a zaspieval mi \u201eZakukala kukulenka\u201c a \u201ePri novej vsi je dolina&#8230;\u201c a povedal mi \u201eHelenko, \u017ee je pjekn\u00e1?\u201c a slzy mal na kraj\u00ed\u010dku.<\/p>\n<figure id=\"attachment_4716\" aria-describedby=\"caption-attachment-4716\" style=\"width: 667px\" class=\"wp-caption aligncenter\"><img loading=\"lazy\" decoding=\"async\" class=\"size-full wp-image-4716\" src=\"http:\/\/skalickyobzor.sk\/cms\/wp-content\/uploads\/2021\/09\/4-P.Michalovic-Janko-Blaho-pri-...-Lud.piesni-u-Katariny-Mikusovej-v-Oreskom..jpg\" alt=\"\" width=\"667\" height=\"626\" srcset=\"http:\/\/skalickyobzor.sk\/cms\/wp-content\/uploads\/2021\/09\/4-P.Michalovic-Janko-Blaho-pri-...-Lud.piesni-u-Katariny-Mikusovej-v-Oreskom..jpg 667w, http:\/\/skalickyobzor.sk\/cms\/wp-content\/uploads\/2021\/09\/4-P.Michalovic-Janko-Blaho-pri-...-Lud.piesni-u-Katariny-Mikusovej-v-Oreskom.-300x282.jpg 300w\" sizes=\"auto, (max-width: 667px) 100vw, 667px\" \/><figcaption id=\"caption-attachment-4716\" class=\"wp-caption-text\">Janko Blaho pri zbieran\u00ed \u013eudov\u00fdch piesn\u00ed u\u00a0Katar\u00edny Miku\u0161ovej v\u00a0Oreskom.<br \/>Arch\u00edv Petra Michalovi\u010da<\/figcaption><\/figure>\n<p><em><strong>To zbieranie piesn\u00ed bol v\u00e1\u0161 prv\u00fd kontakt s\u00a0folkl\u00f3rom?<\/strong><\/em><br \/>\nOtec za\u010dal zbiera\u0165 piesne, ke\u010f som u\u017e bola star\u0161ia. \u00daplne prv\u00fd kontakt, \u010do si uvedomujem, bol v\u00a0Popudinsk\u00fdch Mo\u010did\u013eanoch, kde som sa sama obliekla do kroja Mary\u0161ky Ku\u010derkovej a\u00a0i\u0161la na tancova\u010dku. Av\u0161ak z\u00e1klad bol v\u00a0detstve s\u00a0Johankou Pek\u00e1rovou. Jej otec bol u\u00a0na\u0161eho tatu z\u00e1hradn\u00edk a\u00a0b\u00fdvali u\u00a0n\u00e1s. Naspieval tatovi \u013eudov\u00e9 pesni\u010dky a\u00a0my sme s\u00a0Johankou u\u00a0toho tancovali, \u010di sk\u00f4r kr\u00fatili sa. Nesk\u00f4r, ako som spom\u00ednala, som otca vozila, ke\u010f zbieral \u013eudov\u00e9 piesne po celom Z\u00e1hor\u00ed. Takto za\u010dala moja cesta.<\/p>\n<p><em><strong>V\u00a0rodnej Skalici je jeho meno sp\u00e4t\u00e9 s\u00a0folkl\u00f3rom a\u00a0t\u00fdm, samozrejme, aj s\u00a0v\u00ednom.<\/strong><\/em><br \/>\nV\u00edno mal spojene s\u00a0pies\u0148ou. Bol v\u00a0spolku hurbanistov, tam spievali pri vine st\u00e1le. Ke\u010f sa stretli, v\u017edy sa pomodlili a\u00a0potom zaspievali sv\u00e4t\u00fa piese\u0148 \u201eTy svat\u00fd Urbane\u201c. Chodil na v\u00edno aj ku Kadle\u010d\u00edkovi, hadri\u010dk\u00e1rovi, aj tam spieval, ale nikdy nie sprost\u00e9 a\u00a0dvojzmyseln\u00e9 pesni\u010dky. Miloval \u201eV\u00edne\u010dko v\u00a0m\u00e1sku m\u00e1m pro \u0165a l\u00e1sku, tak sa do m\u0148a t\u00e1hne\u0161 jak po povr\u00e1zku&#8230;\u201c<\/p>\n<p><em><strong>Pred kr\u00e1tkym \u010dasom v\u00e1m prezidentka Slovenskej republiky udelila Pribinov kr\u00ed\u017e II. triedy za celo\u017eivotn\u00e9 mimoriadne z\u00e1sluhy o kult\u00farny rozvoj Slovenskej republiky, osobitne v umelecko-vzdel\u00e1vacej \u010dinnosti v oblasti detsk\u00e9ho sc\u00e9nick\u00e9ho folklorizmu. Srde\u010dne k tomu gratulujeme. Poci\u0165ujete tento akt ako zav\u0155\u0161enie cesty, na ktor\u00fa v\u00e1s priviedol v\u00e1\u0161 otec?<\/strong><\/em><br \/>\nTo by bol otec py\u0161n\u00fd! Ten by plakal od radosti. Je to obrovsk\u00e9 ocenenie, ve\u013emi si ho v\u00e1\u017eim, ale nie je to zav\u0155\u0161enie, pokra\u010dujem. Teraz to bude tanec zo Z\u00e1horskej Bystrice. Na tej ceste, ktor\u00fa ste spom\u00ednali, je u\u017e dos\u0165 plno \u2013 pokra\u010duj\u00fa po nej dc\u00e9ry Jelka a\u00a0Dana, vnu\u010dky Barbora a\u00a0Jana pracuj\u00fa vo Vienku, vypom\u00e1haj\u00fa vnu\u010dky Linda, Simonka. Syn Bohumil mi pomohol vyda\u0165 knihu \u201eVienok je m\u00f4j \u017eivot\u201c. Ver\u00edm, \u017ee raz \u017eezlo prevezm\u00fa vnu\u010dka Sa\u0161ka a\u00a0m\u00f4j jednoro\u010dn\u00fd pravnuk Janko Blaho. Ako hovoril tata: \u201eTebja sem to nau\u010dil, ti to nau\u010d\u00ed\u0161 svoje \u010fe\u0165i a\u00a0takto sa stane ludov\u00e1 pjes\u0148i\u010dka nesmrteln\u00e1\u201c.<\/p>\n<h5>Univ. prof. Mgr. art. Eva Blahov\u00e1,<br \/>\ndc\u00e9ra, spev\u00e1\u010dka, hudobn\u00e1 pedagogi\u010dka<\/h5>\n<p><em><strong>Ste poprednou osobnos\u0165ou v\u00e1\u017enej hudby na Slovensku, opernou spev\u00e1\u010dkou, profesorkou a\u00a0v\u00fdznamnou pedagogi\u010dkou v\u00a0tejto oblasti. Je jasn\u00e9, \u017ee na va\u0161om profesion\u00e1lnom nasmerovan\u00ed mal na po\u010diatku ve\u013ek\u00fa z\u00e1sluhu v\u00e1\u0161 otec Janko Blaho. Podp\u00edsala sa na v\u00e1s a\u00a0va\u0161ej umeleckej \u010dinnosti aj jeho l\u00e1ska k\u00a0\u013eudovej piesni?<\/strong><\/em><br \/>\nPr\u00e1ve cez \u013eudov\u00fa piese\u0148 som sa dopracovala k\u00a0svojej spev\u00e1ckej a\u00a0pedagogickej kari\u00e9re. U\u017e ako \u0161tvorro\u010dn\u00e1 som v\u00a0p\u00e1sme \u201eSkalick\u00e1 svadba\u201c spievala \u013eudov\u00fa piese\u0148 \u201e\u010cern\u00e1 vlna na b\u00edl\u00e9m bar\u00e1nku &#8230;\u201c Bola som mal\u00e1 a\u00a0museli ma postavi\u0165 na stoli\u010dku, aby som do\u010diahla na mikrof\u00f3n. Je to jeden z\u00a0mojich prv\u00fdch kontaktov s\u00a0\u013eudovou pies\u0148ou, \u010do si pam\u00e4t\u00e1m.<\/p>\n<figure id=\"attachment_4717\" aria-describedby=\"caption-attachment-4717\" style=\"width: 786px\" class=\"wp-caption aligncenter\"><img loading=\"lazy\" decoding=\"async\" class=\"size-full wp-image-4717\" src=\"http:\/\/skalickyobzor.sk\/cms\/wp-content\/uploads\/2021\/09\/5-Archiv-Eva-Blahova.jpg\" alt=\"\" width=\"786\" height=\"549\" srcset=\"http:\/\/skalickyobzor.sk\/cms\/wp-content\/uploads\/2021\/09\/5-Archiv-Eva-Blahova.jpg 786w, http:\/\/skalickyobzor.sk\/cms\/wp-content\/uploads\/2021\/09\/5-Archiv-Eva-Blahova-300x210.jpg 300w, http:\/\/skalickyobzor.sk\/cms\/wp-content\/uploads\/2021\/09\/5-Archiv-Eva-Blahova-768x536.jpg 768w\" sizes=\"auto, (max-width: 786px) 100vw, 786px\" \/><figcaption id=\"caption-attachment-4717\" class=\"wp-caption-text\">Po koncerte \u201eJohanka z\u00a0Arcu\u201c v\u00a0roku 1966. V\u00a0strede: Em\u00edlia V\u00e1\u0161\u00e1ryov\u00e1 (Johanka), dirigent Laco Slov\u00e1k. Z\u013eava: Al\u017ebeta Slobodov\u00e1, Eva Blahov\u00e1, \u013duba Baricov\u00e1, Fero Zvar\u00edk, Karol Zachar, Beta Poni\u010danov\u00e1, Judr. Janko Blaho, Gusto Valach, L. Sodoma<br \/>Arch\u00edv Evy Blahovej<\/figcaption><\/figure>\n<p><em><strong>Spievali ste niekedy u\u017e ako renomovan\u00e1 spev\u00e1\u010dka na p\u00f3diu nejak\u00fa z\u00e1hor\u00e1cku \u013eudov\u00fa piese\u0148?<\/strong><\/em><br \/>\nZa\u010dala som v\u00a0rannom detstve a\u00a0v\u010faka otcovi som, samozrejme, spievala s\u00a0v\u00fdznamn\u00fdmi \u013eudov\u00fdmi hudbami na Slovensku \u2013 Farka\u0161ovcami, \u013eudovou hudbou Rinalda Ol\u00e1ha, Berkyovcami, star\u0161\u00edm aj mlad\u0161\u00edm, Orchestrom \u013eudov\u00fdch n\u00e1strojov Slovensk\u00e9ho rozhlasu (O\u013dUN), Brnensk\u00fdm rozhlasov\u00fdm orchestrom lidov\u00fdch n\u00e1stroju (BROLN), &#8230; Aj nesk\u00f4r ma sprev\u00e1dzala \u013eudov\u00e1 piese\u0148 v\u00a0r\u00f4znych programoch v\u00a0telev\u00edzii.<\/p>\n<p><em><strong>Ak\u00fd je v\u00e1\u0161 vz\u0165ah k\u00a0folkl\u00f3ru, ktor\u00fd je tak pevnou s\u00fa\u010das\u0165ou v\u00e1\u0161ho rodn\u00e9ho mesta?<\/strong><\/em><br \/>\nSamozrejme, v\u010faka otcovi, cez v\u00e4zby cez \u013eudov\u00fa piese\u0148, ale i\u00a0trad\u00edcie, kroje a\u00a0r\u00f4zne stretnutia s\u00a0\u010dlenmi Skali\u010danu, Slov\u00e1ckeho kr\u00fa\u017eku a\u00a0hudobn\u00edkmi z\u00a0moravsko-slovensk\u00e9ho regi\u00f3nu, hlavne zo Str\u00e1\u017enice. Rada spom\u00ednam na vynikaj\u00faceho prim\u00e1\u0161a Sl\u00e1vka Volav\u00e9ho, s\u00a0ktor\u00fdm sa otec ve\u013emi dobre poznal, spolupracoval a\u00a0ktor\u00e9ho husle ho odprev\u00e1dzali na poslednej ceste. Moravsk\u00ed spev\u00e1ci maj\u00fa vynikaj\u00face hlasy a\u00a0skvel\u00fa interpret\u00e1ciu \u013eudov\u00fdch piesn\u00ed. Morav\u00e1ci s\u00fa skvel\u00ed vo vysokej hlasovej polohe, tam dominuj\u00fa. Rovnak\u00e9 piesne ako zo Z\u00e1horia nach\u00e1dzame s\u00a0mal\u00fdmi \u00fapravami aj za Moravou. Je zauj\u00edmav\u00e9 pozorova\u0165 ako piese\u0148 putuje a\u00a0ako sa pretv\u00e1ra medzi regi\u00f3nmi. Otcov\u00fdm z\u00e1merom bolo do svojich spevn\u00edkov zbiera\u0165 autentick\u00e9 \u013eudov\u00e9 piesne zo Z\u00e1horia. Hovoril perfektne ma\u010farsky, nemecky aj \u010desky, \u010do mu umo\u017e\u0148ovalo identifikova\u0165 p\u00f4vod \u013eudovej piesne a\u00a0bol na to skuto\u010dn\u00fdm odborn\u00edkom.<\/p>\n<figure id=\"attachment_4719\" aria-describedby=\"caption-attachment-4719\" style=\"width: 764px\" class=\"wp-caption aligncenter\"><img loading=\"lazy\" decoding=\"async\" class=\"wp-image-4719 size-full\" src=\"http:\/\/skalickyobzor.sk\/cms\/wp-content\/uploads\/2021\/09\/6-J-Blaho-a-Julia-Buchtova.jpg\" alt=\"\" width=\"764\" height=\"735\" srcset=\"http:\/\/skalickyobzor.sk\/cms\/wp-content\/uploads\/2021\/09\/6-J-Blaho-a-Julia-Buchtova.jpg 764w, http:\/\/skalickyobzor.sk\/cms\/wp-content\/uploads\/2021\/09\/6-J-Blaho-a-Julia-Buchtova-300x289.jpg 300w\" sizes=\"auto, (max-width: 764px) 100vw, 764px\" \/><figcaption id=\"caption-attachment-4719\" class=\"wp-caption-text\">Janko Blaho a\u00a0J\u00falia Buchtov\u00e1. Arch\u00edv Petra Michalovi\u010da<\/figcaption><\/figure>\n<p><em><strong>M\u00e1te nejak\u00fa ob\u013e\u00faben\u00fa piese\u0148 zo spevn\u00edkov v\u00e1\u0161ho otca?<\/strong><\/em><br \/>\nT\u00fdch je ve\u013ea, no najrad\u0161ej m\u00e1m \u201eChod\u0148\u00ed\u010dek bjelav\u00ed&#8230;\u201c a \u201eZelenaj sa zelenaj, zelen\u00e1 tr\u00e1vi\u010dko&#8230;\u201c. Mala som bohat\u00fd reperto\u00e1r zo z\u00e1hor\u00e1ckeho regi\u00f3nu z otcovho spevn\u00edka. Ke\u010f ma Eugen Sucho\u0148 po\u010dul spieva\u0165 \u201eTy K\u00faty, ty K\u00faty, ti k\u00facansk\u00e9 humna&#8230;\u201c, in\u0161pirovalo ho to k \u00faprave \u013eudov\u00fdch piesn\u00ed z K\u00fatov, odkia\u013e mal s\u00e1m predkov. Osobne ma po\u017eiadal o v\u00fdber piesn\u00ed z otcovho spevn\u00edka a \u0161es\u0165 z nich upravil do pies\u0148ov\u00e9ho cyklu \u201eK\u00facansk\u00e9 piesne\u201c. Kuriozitou je skuto\u010dnos\u0165, \u017ee som ich premi\u00e9rovala so symfonick\u00fdm orchestrom na medzin\u00e1rodnej s\u00fa\u0165a\u017ei v\u00a0\u010deskej a\u00a0slovenskej hudbe v\u00a0Montreali v\u00a0Kanade, kde som bola v\u00a0porote. V\u00fdznamnou zlo\u017ekou mojej koncertnej \u010dinnosti boli i\u00a0\u00fapravy z\u00e1hor\u00e1ckych \u013eudov\u00fdch piesn\u00ed od Milana Licharda, Viliama Figu\u0161a-Bystr\u00e9ho, \u010di V\u00edt\u011bzslava Nov\u00e1ka, ktor\u00e9 poznal v\u00a0interpret\u00e1cii m\u00f4jho stare\u010dka Pavla Blaha a\u00a0venoval mu jeden cel\u00fd cyklus z\u00e1hor\u00e1ckych piesn\u00ed.<\/p>\n<p><em><strong>Ako vidno, nie je mo\u017en\u00e9 oddeli\u0165 \u013eudov\u00fa piese\u0148 od v\u00e1\u017enej hudby. Ovplyv\u0148ovala nielen otca, ale i\u00a0Mikul\u00e1\u0161a Schneidera Trnavsk\u00e9ho, s\u00a0ktor\u00fdm sa v\u00fdborne poznal a\u00a0bol jedn\u00fdm z\u00a0prv\u00fdch intrepr\u00e9tov jeho umel\u00fdch \u013eudov\u00fdch piesn\u00ed, napr\u00edklad \u201eKeby som bol vt\u00e1\u010dkom\u201c.<\/strong><\/em><br \/>\nOtec bol napokon i\u00a0pri zrode dnes u\u017e medzin\u00e1rodnej s\u00fa\u0165a\u017ee M. S. Trnavsk\u00e9ho a\u00a0bol prv\u00fdm predsedom s\u00fa\u0165a\u017ee. Ja som najsk\u00f4r sama s\u00fa\u0165a\u017eila a\u00a0nesk\u00f4r som prevzala po \u0148om \u0161tafetu, najprv ako \u010dlenka poroty, dnes u\u017e predsedn\u00ed\u010dka. S\u00fa\u0165a\u017e m\u00e1 u\u017e p\u00e4\u0165desiat rokov a\u00a0tento rok sme mali rekordn\u00fd po\u010det prihl\u00e1sen\u00fdch, 121 z\u00a0p\u00e4tn\u00e1stich kraj\u00edn sveta. Otec, ako opern\u00fd spev\u00e1k, no i\u00a0jeho l\u00e1ska k\u00a0\u013eudovej piesni, ma r\u00f4znymi cestami priviedli a\u017e k\u00a0mojej profesii vo v\u00e1\u017enej hudbe.<\/p>\n<h5>Ale\u0161 Mach\u00e1\u010dek,<br \/>\nrodinn\u00fd priate\u013e, hurbanista<\/h5>\n<p><em><strong>Vipr\u00e1vjali ste n\u00e1m aj s\u00a0mojim tatk\u00fa historki o\u00a0Jankovi Blahovi mockr\u00e1t, ale mohel bis na\u0161im \u010ditatelom povje\u010fet, jak ste sa s\u00a0Jankem Blah\u00fa spoznali?<\/strong><\/em><br \/>\nMi sme sa do teho naro\u010fili. Na\u0161i, mama Priska Mach\u00e1\u010dkov\u00e1 a\u00a0tata J\u00e1n Mach\u00e1\u010dek, bili s\u00a0Jankem Blah\u00fa velk\u00ed kamar\u00e1di. Poznali sa s\u00a0tat\u00fa od ml\u00e1\u010f\u00e1, \u0161ak bili ob\u00e1dv\u00e1 ze Skalice. U\u017e n\u00e1\u0161 stare\u010dek sa poznali s\u00a0Jankov\u00edm otcem, doktorem Pavlem Blah\u00fa. Na\u0161a mama (moja a\u00a0bratra Pe\u0165u) bila velice dobr\u00e1 kamar\u00e1tka s\u00a0prv\u00fa \u017een\u00fa Janka Blaha Helen\u00fa Barto\u0161ov\u00fa. Mama bila vich\u00edren\u00e1 kraj\u010d\u00edrka a\u00a0tak pro \u0148u aj \u010dasto \u0161ila. Na\u0161i mjeli sob\u00e1\u0161 u\u00a0Urb\u00e1nka a\u00a0prv\u00e1 \u017eena Helena s\u00a0Jankem im bili za svjetk\u00fa. Sva\u010fba bila u\u00a0nich, v\u00a0Blahovskej zahra\u010fe, dnes vedl\u00e1 hotelu svat\u00e1 Ludmila.<\/p>\n<p><em><strong>Jak ste ho jak \u010fecka v\u0148\u00edmali?<\/strong><\/em><br \/>\nMi, \u010fecka, si ho pamatujeme a\u0161 s\u00a0jeho druh\u00fa \u017een\u00fa, tet\u00fa Julk\u00fa. R\u00edkali sme mu str\u00edcu Jane. Bil kamar\u00e1tsk\u00ed, pr\u00edjemn\u00ed, pros\u0165e vesel\u00e1 kopa. N\u00e1s s\u00a0bratrem sa dokonca sna\u017eil nau\u010dit sp\u00edvat pjes\u0148i\u010dki, ale \u0161ak v\u00ed\u0161, sme hluch\u00ed jak polena, teda, bez talentu. Tak potom na\u0161emu tatovi enom povje\u010fel: \u201eZbite\u010d\u0148e ich netrap.\u201c<\/p>\n<figure id=\"attachment_4720\" aria-describedby=\"caption-attachment-4720\" style=\"width: 753px\" class=\"wp-caption aligncenter\"><img loading=\"lazy\" decoding=\"async\" class=\"size-full wp-image-4720\" src=\"http:\/\/skalickyobzor.sk\/cms\/wp-content\/uploads\/2021\/09\/8-Ales-JB.jpg\" alt=\"\" width=\"753\" height=\"537\" srcset=\"http:\/\/skalickyobzor.sk\/cms\/wp-content\/uploads\/2021\/09\/8-Ales-JB.jpg 753w, http:\/\/skalickyobzor.sk\/cms\/wp-content\/uploads\/2021\/09\/8-Ales-JB-300x214.jpg 300w\" sizes=\"auto, (max-width: 753px) 100vw, 753px\" \/><figcaption id=\"caption-attachment-4720\" class=\"wp-caption-text\">Janko Blaho a\u00a0Ale\u0161 Mach\u00e1\u010dek<br \/>Arch\u00edv Ale\u0161a Mach\u00e1\u010dka<\/figcaption><\/figure>\n<p><em><strong>\u010eeda si s\u00a0Jankem Blah\u00fa zasp\u00edval r\u00e1t, ale dokonca tak trochu aj spolupracovali.<\/strong><\/em><br \/>\nV\u00a050. rokoch, ket n\u00e1\u0161 tata robil v\u00a0Bratislavje, b\u00edval u\u00a0Blahovc\u00fa na Lermontovej. Tata mjel akcie v\u00a0tla\u010d\u00e1r\u0148i, kde robil a\u00a0n\u00e1v\u00e9del str\u00edca Jana na vid\u00e1\u0148\u00ed z\u00e1hor\u00e1ck\u00edch pjes\u0148i\u010dek a\u00a0pomohel mu s\u00a0t\u00edm. Vtedi to robili dokonca v\u00a0dvoch tla\u010d\u00e1r\u0148\u00e1ch, kv\u00fali not\u00e1m, lebo to nebilo tak jednoduch\u00e9 vitla\u010dit jak dnes. Obr\u00e1ski od Martina Benku a\u00a0Anto\u0161a Frolku, co s\u00fa na ob\u00e1lce zpjev\u0148\u00edk\u00fa, k\u00fapil n\u00e1\u0161 tata, abi ich pou\u017eil na ob\u00e1lku.<\/p>\n<p><em><strong>V\u00edm, \u017ee \u201estr\u00edc Jan\u201c bil doma u\u017e v\u00a0Bratislavje, ale \u010dasto b\u00edval aj ve Skalici.<\/strong><\/em><br \/>\nZa vojni b\u00edvala teta Julka s\u00a0\u010feckama ve Skalici, tak n\u00e1\u0161 tata se str\u00edcem Janem str\u00e1\u017eili v\u00a0Bratislevje jejich d\u00fam. Ani jeden neve\u010feli varit, len \u0161vare\u0148inu, tak ju mjeli r\u00e1no, na obed aj ve\u010der. Mjel r\u00e1t n\u00e9 len dobr\u00e9 pjesni\u010dki, ale aj dobr\u00e9 \u00eddlo a\u00a0dobr\u00e9 v\u00edno. Po voj\u0148e v\u00a050. rokoch jez\u010fil do Skalice aj s\u00e1m. Ket do\u0161el k\u00a0n\u00e1m dom, p\u00edt\u00e1val sa na\u0161ej mami \u201ePirinko, kedi bude\u0161 varit raj\u010d\u00e1kov\u00fa om\u00e1\u010dku?\u201c In\u00e1\u010d, ket bil zrovna ve Skalici s\u00e1m, stravoval sa na hoteli, ale na maminu raj\u010d\u00e1kov\u00fa om\u00e1\u010dku cho\u010fil r\u00e1t. Ket k\u00a0n\u00e1m do\u0161el, dicki don\u00e9sel hrs\u0165 \u017eiletek. Vtedi sa nov\u00e9 \u017eiletki hnet nekupovali, ale star\u00e9 sa prebrusovali. N\u00e1\u0161 tata mjel ru\u010dn\u00fa br\u00fasku, pridal svoje \u017eiletki a\u00a0mi sme potom mjeli s\u00a0bratrem Pe\u0165\u00fa po ve\u010deroch o\u00a0z\u00e1bavu postaran\u00e9.<\/p>\n<figure id=\"attachment_4721\" aria-describedby=\"caption-attachment-4721\" style=\"width: 767px\" class=\"wp-caption aligncenter\"><img loading=\"lazy\" decoding=\"async\" class=\"size-full wp-image-4721\" src=\"http:\/\/skalickyobzor.sk\/cms\/wp-content\/uploads\/2021\/09\/7a-Svadba.jpg\" alt=\"\" width=\"767\" height=\"546\" srcset=\"http:\/\/skalickyobzor.sk\/cms\/wp-content\/uploads\/2021\/09\/7a-Svadba.jpg 767w, http:\/\/skalickyobzor.sk\/cms\/wp-content\/uploads\/2021\/09\/7a-Svadba-300x214.jpg 300w\" sizes=\"auto, (max-width: 767px) 100vw, 767px\" \/><figcaption id=\"caption-attachment-4721\" class=\"wp-caption-text\">Svadba Mach\u00e1\u010dkovcov na blahovskej z\u00e1hrade z roku 1941. Sprava: Janko Blaho, Helena Barto\u0161ov\u00e1 (v kroji), Jan Mach\u00e1\u010dek (\u017een\u00edch), Priska Mach\u00e1\u010dkov\u00e1 (nevesta, v kroji so sviato\u010dn\u00fdm \u010depcom). Najvy\u0161\u0161ie die\u0165a v strede je Helenka Blahov\u00e1 (Jurasovov\u00e1).<br \/>Arch\u00edv Heleny Jurasovovej<\/figcaption><\/figure>\n<p><em><strong>Nemo\u017eeme vinech\u00e1t ze spom\u00edna\u0148\u00e1 spolek hurbanist\u00fa &#8230;<\/strong><\/em><br \/>\nDicki, ket mjeli bratri hurbanisti u\u00a0n\u00e1s siestu, mi \u010fecka sme \u010du\u010dali na gau\u010di a\u00a0pozorovali sme ich z\u00a0okna kuchi\u0148e a\u017e do r\u00e1na. M\u00e1me ho zap\u00edsan\u00e9ho jak spjev\u00e1ka ludov\u00edch pjes\u0148i\u010dek, aj ket v\u00edme, \u017ee bil \u0161pi\u010dkov\u00ed oper\u0148\u00ed spjev\u00e1k. Dicki u\u00a0n\u00e1s spom\u00ednali r\u00fazn\u00e9 historki a\u00a0sp\u00edvali u\u00a0poh\u00e1rka v\u00edna, a\u00a0mi sme po\u010d\u00favali s\u00a0otevr\u00edt\u00fa hub\u00fa a\u017e do r\u00e1na. Nesp\u00edval len ket mjel vist\u00fape\u0148\u00ed, vtedi len pobrukoval a\u00a0i\u0161el aj skoro dom. In\u00e1\u010d prv\u00ed dicki odch\u00e1zal doktor \u0160\u00e1tek a\u00a0str\u00edc Jan se str\u00edcama Janem Hreb\u00ed\u010dkem a\u00a0Laj\u00fa Turkovi\u010dem cho\u010fili ze siesti ze spjevem posledn\u00ed, a\u00a0kolkokr\u00e1t a\u0161 nad r\u00e1nem. Po sies\u0165e br\u00e1val trdeln\u00edk, jak r\u00edk\u00e1val \u201epro Julinku\u201c. Bratri si \u010dasto robili napotvoru. R\u00e1z, abi ne\u0161el dom s\u00a0\u201e\u010f\u00farav\u00edm\u201c trdeln\u00edkem, dali mu do \u0148eho ze srandi poh\u00e1r z\u00a0hor\u010di\u010d\u00fa. Co \u010dert nechcel, spadel, poh\u00e1r sa v\u00a0\u0148em rozbil a\u00a0tak don\u00e9sel te\u0165e Julce trdeln\u00edk hor\u010dicov\u00ed.<\/p>\n<p><em><strong>Vi\u010fet, \u017ee ho to t\u00e1hlo do Skalice \u010dasto a\u00a0cel\u00ed \u017eivot.<\/strong><\/em><br \/>\nCho\u010fil do Skalice aj na oto\u010dku a\u00a0spal klid\u0148e v\u00a0nevitopenej studenej b\u00fade, nebil fajnov\u00ed. Ob\u010das aj v\u00a0tepli u\u00a0n\u00e1s. \u010casto dobjehel za na\u0161im tat\u00fa do na\u0161ej b\u00fadi aj s\u00a0kamar\u00e1dama z\u00a0Bratislavi, povipr\u00e1vjali, dali po poh\u00e1rku a\u00a0posp\u00edvali. Skalicu mjel moc r\u00e1t, vo\u010fil sem r\u00fazn\u00e9 zn\u00e1me osobnos\u0165i a\u00a0aj tak\u00e9 co mohli Skalici pomoct. Poukazoval im mjesto, vzal do sklepa na v\u00edno &#8230;<\/p>\n<p><em><strong>Uvjedomovali ste si nesk\u00far, \u017ee \u201estr\u00edc Jan\u201c je vlas\u0148e velice v\u00edznamn\u00ed a\u00a0sl\u00e1vn\u00ed mu\u0161?<\/strong><\/em><br \/>\nZa\u017eil sem ho jak \u010fecko, ale aj jak dospel\u00ed, ket u\u017e m\u0148a bratri hurbanis\u0165i prijali do spolku. Bil st\u00e1le stejn\u00ed, kamar\u00e1ck\u00ed. Bavil sa s\u00a0obi\u010dajn\u00edma lu\u010fma a\u00a0ve\u010fel si v\u00a0hospo\u010fe zasp\u00edvat aj s\u00a0cig\u00e1nama cig\u00e1nsk\u00e9. Bil velik\u00ed aj t\u00edm, \u017ee nerobil medzi \u013eu\u010fma roz\u010f\u00edle.<\/p>\n<figure id=\"attachment_4722\" aria-describedby=\"caption-attachment-4722\" style=\"width: 757px\" class=\"wp-caption aligncenter\"><img loading=\"lazy\" decoding=\"async\" class=\"wp-image-4722 size-full\" src=\"http:\/\/skalickyobzor.sk\/cms\/wp-content\/uploads\/2021\/09\/9-Hurbanisti-mala-Helenka-B-40.roky_.jpg\" alt=\"\" width=\"757\" height=\"506\" srcset=\"http:\/\/skalickyobzor.sk\/cms\/wp-content\/uploads\/2021\/09\/9-Hurbanisti-mala-Helenka-B-40.roky_.jpg 757w, http:\/\/skalickyobzor.sk\/cms\/wp-content\/uploads\/2021\/09\/9-Hurbanisti-mala-Helenka-B-40.roky_-300x201.jpg 300w\" sizes=\"auto, (max-width: 757px) 100vw, 757px\" \/><figcaption id=\"caption-attachment-4722\" class=\"wp-caption-text\">Hurbanisti u\u00a0Mach\u00e1\u010dkovcov v\u00a0b\u00fade a\u00a0pred b\u00fadou. K\u013ea\u010diaci J\u00e1n Mach\u00e1\u010dek, na stoli\u010dke Helenka Blahov\u00e1 (Jurasovov\u00e1). Z\u013eava okolo stola: Emil Osvald, Leskovsk\u00fd, Ferenc Buchta, Turkovi\u010d, J\u00e1n Hreb\u00ed\u010dek, Priska Mach\u00e1\u010dkov\u00e1, Leskovsk\u00e1, Jozef \u0160\u00e1tek (pred Leskovskou), Janko Blaho v\u00a0popred\u00ed. Arch\u00edv Petra Michalovi\u010da<\/figcaption><\/figure>\n<p><img loading=\"lazy\" decoding=\"async\" class=\"aligncenter wp-image-4723 size-full\" src=\"http:\/\/skalickyobzor.sk\/cms\/wp-content\/uploads\/2021\/09\/10-Blaho-J.-a-Hurbanisti-Helenka1939.jpg\" alt=\"\" width=\"816\" height=\"595\" srcset=\"http:\/\/skalickyobzor.sk\/cms\/wp-content\/uploads\/2021\/09\/10-Blaho-J.-a-Hurbanisti-Helenka1939.jpg 816w, http:\/\/skalickyobzor.sk\/cms\/wp-content\/uploads\/2021\/09\/10-Blaho-J.-a-Hurbanisti-Helenka1939-300x219.jpg 300w, http:\/\/skalickyobzor.sk\/cms\/wp-content\/uploads\/2021\/09\/10-Blaho-J.-a-Hurbanisti-Helenka1939-768x560.jpg 768w\" sizes=\"auto, (max-width: 816px) 100vw, 816px\" \/><\/p>\n<h5>Mgr. Peter Va\u0161e\u010dka,<br \/>\nb\u00fdval\u00fd prim\u00e1\u0161 Skali\u010danu<\/h5>\n<p><em><strong>\u010co pre v\u00e1s Janko Blaho v\u00a0\u017eivote znamenal?<\/strong><\/em><br \/>\nPoznali sme sa osobne, ja som mal dvadsa\u0165 a\u00a0on okolo sedemdesiat. D\u00e1val mi inform\u00e1cie o\u00a0zbieran\u00ed \u013eudov\u00fdch piesni do mojej diplomovky a\u00a0t\u00fdm za\u010dal n\u00e1\u0161 vz\u0165ah. Nesk\u00f4r sme sa \u010dasto stret\u00e1vali na nahr\u00e1vkach v\u00a0r\u00e1diu aj telev\u00edzii, kde s\u00a0nami so Skali\u010danom vystupoval. Boli sme, tr\u00fafnem si poveda\u0165, dobr\u00ed zn\u00e1mi. V\u0161etci sme si ho v\u00e1\u017eili za to, ko\u013eko kr\u00e1snych pesni\u010diek pozbieral a\u00a0podnes v\u00a0Skali\u010dane tieto pesni\u010dky spievame. Jeho pr\u00e1ca je na \u00farovni zberate\u013ea Franti\u0161ka Su\u0161ila.<\/p>\n<p><em><strong>Objavuje sa v\u00e1m e\u0161te st\u00e1le jeho odkaz v\u00a0\u017eivote?<\/strong><\/em><br \/>\nV\u00a0dne\u0161nom upon\u00e1h\u013eanom svete je m\u00e1lo radostn\u00fdch udalost\u00ed. M\u0148a v\u0161ak jedna ve\u013emi pote\u0161ila: Skalick\u00e1 umeleck\u00e1 \u0161kola prijala \u010destn\u00fd n\u00e1zov &#8222;Z\u00e1kladn\u00e1 umeleck\u00e1 \u0161kola Janka Blaha\u201d. Pr\u00e1vom, preto\u017ee m\u00e1lokto zo skalick\u00fdch rod\u00e1kov dok\u00e1zal lep\u0161ie zvidite\u013eni\u0165 na\u0161e malebn\u00e9 Z\u00e1horie a\u00a0jeho najp\u00f4vabnej\u0161ie meste\u010dko ako s\u00f3lista opery SND, hudobn\u00fd pedag\u00f3g, zapisovate\u013e a\u00a0interpret skalick\u00fdch i\u00a0z\u00e1hor\u00e1ckych \u013eudov\u00fdch piesn\u00ed v\u00f4bec \u2013 \u201estr\u00edc Janek\u201c.<\/p>\n<p><em><strong>Mali ste tie\u017e nieko\u013eko v\u00fdnimo\u010dn\u00fdch pr\u00edle\u017eitost\u00ed osobne sa s\u00a0n\u00edm stretn\u00fa\u0165.<\/strong><\/em><br \/>\nPrv\u00fdkr\u00e1t to bolo u\u00a0neho v\u00a0b\u00fade, ke\u010f sme ako \u0161tudenti p\u00edsali projekt o\u00a0jeho spevn\u00edkoch. Nikdy nezabudnem s\u00a0akou l\u00e1skou a\u00a0zanieten\u00edm rozpr\u00e1val pr\u00edbeh t\u00falav\u00e9ho muzikanta, ktor\u00fd sa t\u00falal po z\u00e1horsk\u00fdch dedinsk\u00fdch spev\u00e1koch a\u00a0priamo na mieste zapisoval takmer zabudnut\u00e9 piesne. V\u00a0prv\u00fdch rokoch bez nahr\u00e1vacej techniky, nesk\u00f4r s\u00a0magnetof\u00f3nom, precestoval s\u00a0kamar\u00e1tom na motorke cel\u00e9 Mal\u00e9 Karpaty, od Bratislavy po Skalicu. Zap\u00edsal a\u00a0znotoval viac ako 1200 piesn\u00ed, ktor\u00e9 nesk\u00f4r vydal a\u00a0t\u00fdm mnoh\u00e9 aj zachr\u00e1nil pred zabudnut\u00edm. Pre n\u00e1s, muzikantov s\u00fa jeho zborn\u00edky nevy\u010derpate\u013en\u00fdm \u017eriedlom klenotov \u013eudovej kult\u00fary. Dodnes sa nimi dop\u013a\u0148a reperto\u00e1r folkl\u00f3rnych s\u00faborov.<\/p>\n<figure id=\"attachment_4726\" aria-describedby=\"caption-attachment-4726\" style=\"width: 504px\" class=\"wp-caption aligncenter\"><img loading=\"lazy\" decoding=\"async\" class=\"size-full wp-image-4726\" src=\"http:\/\/skalickyobzor.sk\/cms\/wp-content\/uploads\/2021\/09\/11-Vasecka2-1.jpg\" alt=\"\" width=\"504\" height=\"742\" srcset=\"http:\/\/skalickyobzor.sk\/cms\/wp-content\/uploads\/2021\/09\/11-Vasecka2-1.jpg 504w, http:\/\/skalickyobzor.sk\/cms\/wp-content\/uploads\/2021\/09\/11-Vasecka2-1-204x300.jpg 204w\" sizes=\"auto, (max-width: 504px) 100vw, 504px\" \/><figcaption id=\"caption-attachment-4726\" class=\"wp-caption-text\">Mgr. Peter Va\u0161e\u010dka<br \/>Arch\u00edv Petra Va\u0161e\u010dku<\/figcaption><\/figure>\n<p><em><strong>Janko Blaho po\u017e\u00edval ve\u013ek\u00fa \u00factu a\u00a0bol ve\u013emi ob\u013e\u00faben\u00fd spolo\u010dn\u00edk. Pam\u00e4t\u00e1te si ho rovnako?<\/strong><\/em><br \/>\nJedn\u00e9ho kr\u00e1sneho 25. septembra na sk\u00fa\u0161ke cimbalovky s\u00faboru Skali\u010dan kohosi napadlo: \u201eChalani, Janko Blaho m\u00e1 dneska narodky, po\u010fme mu zahr\u00e1t!&#8220; Slovo dalo slovo, cimbal \u0161up na k\u00e1ru, basu, husle do r\u00fak a za pol hodiny u\u017e hu\u010dal chlapsk\u00fd chor\u00e1l s cimbalovkou \u201eStar\u00fd n\u00e1\u0161, star\u00fd n\u00e1\u0161, \u0161ediv\u00fa hlavu m\u00e1\u0161 &#8230;\u201c Od Siahovej b\u00fady k Urb\u00e1nku a H\u00e1jku to vracala ozvena. Vtom sa za\u017ealo, otvorili sa dvere, vy\u0161iel osl\u00e1venec, muzika prestala hra\u0165 a spieva\u0165, a skr\u00edkla: &#8222;Str\u00edcu Janku, \u0161ecko najlep\u0161\u00ed k narodenin\u00e1m!&#8220; Roz\u017eiaril sa rados\u0165ou: \u201eJ\u00e9\u00e9\u00e9, \u010fekuju chlapci, to su r\u00e1d, \u017ee ste do\u0161li, po\u010fte d\u00e1l, posa\u010fte sa, ale mos\u00edte chvilku po\u010dkat, enom co sko\u010d\u00edm pro Jo\u017eku Hreb\u00ed\u010dka.&#8220; Bolo n\u00e1m to divn\u00e9, ale o\u00a0chv\u00ed\u013eu sme v\u0161etko pochopili. Janko aj Jo\u017eka do\u0161li ove\u0161an\u00ed demi\u017e\u00f3nmi s\u00a0\u010derven\u00fdm. A\u00a0u\u017e sa nalievalo, pilo a\u00a0spievalo pri muzike a\u017e do r\u00e1na bieleho. Str\u00fdc Janek mal tak\u00fa vesel\u00fa oslavu, \u017ee u\u017e nemal vlastn\u00e9ho v\u00edna ani kvapku.<\/p>\n<p><em><strong>Spolupracovali ste aj profesion\u00e1lne?<\/strong><\/em><br \/>\nVe\u013eakr\u00e1t sme sa s\u00a0Jankom Blahom stretli, hlavne v\u00a0\u0161t\u00fadi\u00e1ch pri nakr\u00facan\u00ed rozhlasov\u00fdch a\u00a0telev\u00edznych rel\u00e1ci\u00ed, z\u00a0ktor\u00fdch dve n\u00e1m utkveli nezabudnute\u013ene v\u00a0pam\u00e4ti. Boli to dokr\u00fatka telev\u00edzneho Silvestra na Pezinskej Babe, kde fungoval bur\u010diak ako telev\u00edzna rekvizita (vesel\u00e1 vpredu i\u00a0vzadu), a\u00a0dokr\u00fatka telev\u00edzneho programu o\u00a0Skalici a\u00a0jej folkl\u00f3re vo Vin\u00e1rni Skalica, kde bola hlavn\u00e1 rekvizita frankovka (aby bolo veselo, a\u00a0bolo).<\/p>\n<p><em><strong>M\u00e1te nejak\u00fd odkaz Janka Blaha, ktor\u00fd vo v\u00e1s utkvel?<\/strong><\/em><br \/>\nNa \u201estr\u00edca Janka\u201c n\u00e1m dnes zostali u\u017e len nostalgick\u00e9 spomienky. Nav\u017edy n\u00e1m v nich zostane vesel\u00fd a usmievav\u00fd, s roz\u017eiaren\u00fdmi o\u010dami. Okrem hlbokej br\u00e1zdy, ktor\u00fa vyoral v srdciach skalick\u00fdch folkloristov, zostal po \u0148om kr\u00e1sny, pr\u00e1cou naplnen\u00fd umeleck\u00fd \u017eivot a\u00a0jedna vinohradn\u00edcka m\u00fadros\u0165, s\u00a0ktorou sa d\u00e1 kr\u00e1sne do\u017ei\u0165 a\u017e do vysok\u00e9ho veku: \u201e\u017divot je jeden z\u00a0naj\u0165a\u017e\u0161\u00edch, ale d\u00e1 sa hravo zvl\u00e1dnu\u0165, ke\u010f sa \u017eije s\u00a0\u010derven\u00fdm (v\u00ednom) do bieleho (d\u0148a).&#8220;<\/p>\n<h5>Mgr. art. J\u00e1n V\u0161ete\u010dka \u2013 Konstanty,<br \/>\nopern\u00fd spev\u00e1k, \u017eiak Janka Blaha<\/h5>\n<p><em><strong>Patr\u00edte, spolu so svetovou sopranistkou Gabrielou Be\u0148a\u010dkovou, k\u00a0posledn\u00fdm \u017eiakom profesora Dr. Janka Blaha. Ak\u00e9 bolo va\u0161e prv\u00e9 stretnutie?<\/strong><\/em><br \/>\nJanka Blaha som poznal ihne\u010f pri n\u00e1stupe na V\u0160MU, kde som za\u010dal \u0161tudova\u0165 herectvo v\u00a0triede n\u00e1rodn\u00e9ho umelca Ladislava Chud\u00edka. Od mali\u010dka som mal bl\u00edzko k\u00a0spevu a\u00a0pr\u00e1ve spevom som si dop\u013a\u0148al hereck\u00fa pr\u00e1cu a\u00a0sk\u00fa\u0161ky. Koncom roka ma oslovil prof. Imrich Godin, \u010di by som nemal z\u00e1ujem vyu\u017ei\u0165 spev\u00e1cke nadanie a\u00a0prejs\u0165 v\u00a0\u0161t\u00fadiu na hudobn\u00fa fakultu, samozrejme, do jeho triedy. Spravil som sk\u00fa\u0161ky a\u00a0prest\u00fapil som. Je to ako v\u00a0\u0161porte, d\u00e1ko sme si s\u00a0prof. Godinom \u201enesadli\u201c. Dnes viem pos\u00fadi\u0165 objekt\u00edvnu pr\u00ed\u010dinu tejto skuto\u010dnosti. Bol som v\u00a0jeho triede najmlad\u0161\u00ed a\u00a0t\u00fdm p\u00e1dom som mal hodinu spevu hne\u010f r\u00e1no, medzi prv\u00fdmi \u017eiakmi. Spieva\u0165 vysok\u00e9 t\u00f3ny hne\u010f r\u00e1no je pre tenoristu mimoriadne \u0165a\u017ek\u00e9, ba a\u017e nemo\u017en\u00e9, najm\u00e4 ak pripravujete n\u00e1ro\u010dn\u00e9 talianske \u00e1rie typu Fedora. Nevedel som sa vyrovna\u0165 s\u00a0takto kladen\u00fdmi n\u00e1rokmi a\u00a0moje polro\u010dn\u00e9 hodnotenie bolo fiaskom. Jedin\u00fd kto sa ma zastal pred profesorsk\u00fdm kol\u00e9giom bol profesor Dr. Janko Blaho. Pred v\u0161etk\u00fdmi vyhl\u00e1sil: \u201eJa to s\u00a0n\u00edm e\u0161te sk\u00fasim &#8230;\u201c A\u00a0tak sa stalo. Vzal ma do svojej triedy a\u00a0na moje ve\u013ek\u00e9 prekvapenie za\u010d\u00ednali jeho vyu\u010dovacie hodiny a\u017e okolo jeden\u00e1stej dopoludnia. Samozrejmos\u0165ou bolo mierne rozospievanie, v\u00a0ktorom ma doslova krotil. \u201eNekri\u010d!\u201c, pr\u00edzvukoval, \u201eSp\u00edvaj tak, jak ti huba narostla. \u017diadne talianske \u00e1rie \u2013 sp\u00edvaj Skalica je pjekn\u00e9 m\u011bsto, pres \u0148\u00fa chodn\u00ed\u010dek &#8230;\u201c Bol to doslova liek \u2013 na hlasivky a\u00a0na du\u0161u. Rozumel som textu, rozumel som pr\u00edstupu profesora a\u00a0sna\u017eil som sa svoju interpret\u00e1ciu piesne prisp\u00f4sobi\u0165 n\u00edm danej predlohe cez \u013eudov\u00fa piese\u0148. Pedagogick\u00e1 komisia sa na ka\u017edej sk\u00fa\u0161ke zaoberala \u201ez\u00e1zra\u010dnou\u201c met\u00f3dou, akou dok\u00e1zal prof. Blaho \u201erevitalizova\u0165\u201c m\u00f4j talent.<\/p>\n<p><em><strong>Bol v\u00e1\u0161 vz\u0165ah napokon bli\u017e\u0161\u00ed ako len medzi u\u010dite\u013eom a\u00a0\u017eiakom?<\/strong><\/em><br \/>\nPuto profesora a \u0161tudenta sa prenieslo aj do osobn\u00e9ho \u017eivota. Vzniklo puto ako medzi m\u00fadrym otcom a\u00a0trochu neposlu\u0161n\u00fdm synom. Vyu\u010dovacie hodiny prebiehali v\u00a0jeho dom\u00e1com prostred\u00ed na Lermontovovej ulici v\u00a0Bratislave, v\u00a0dome, ktor\u00fd navrhoval architekt Jurkovi\u010d. Malo to v\u0161etko atmosf\u00e9ru. Od vynikaj\u00facich kol\u00e1\u010dikov man\u017eelky p\u00e1na profesora, a\u017e po u\u010deb\u0148u, pln\u00fa spomienok na jeho \u00faspechy v\u00a0oper\u00e1ch\u00a0&#8230;<\/p>\n<p><em><strong>Pribral v\u00e1s profesor Blaho so sebou aj do in\u00fdch svojich aktiv\u00edt?<\/strong><\/em><br \/>\nPom\u00e1hal som mu zbiera\u0165 pesni\u010dky. Samozrejme, bol som tam zbyto\u010dn\u00fd, lebo jeho fenomen\u00e1lna pam\u00e4\u0165 a\u00a0priame zapisovanie nepotrebovali moju mali\u010dkos\u0165. Av\u0161ak, boli to sk\u00fasenosti. Stretnutia pri v\u00edne\u010dku v\u00a0skalick\u00fdch b\u00fadach, debaty o\u00a0vzniku krojov, spomienky a\u00a0pr\u00edhody, &#8230; \u201eJane\u010dku\u201c \u2013 tak ma volal p\u00e1n profesor, \u201emos\u00ed\u0161 p\u00edt opatr\u0148e, b\u00fady s\u00fa v\u00a0le\u0165e zr\u00e1dn\u00e9.\u201c Samozrejme, ke\u010f pr\u00edjemn\u00fd chlad vystriedala hor\u00fa\u010dava hore nad pivnicou, i\u0161iel som ako postrelen\u00fd vojak. D\u00edval som sa z\u00a0kopca na Skalicu a\u00a0bol probl\u00e9m pr\u00eds\u0165 d\u00f4stojne k\u00a0nemu domov. Na\u0161\u0165astie, jeho man\u017eelka nepovedala slovo, dala n\u00e1m ve\u010deru a\u00a0tv\u00e1rila sa, \u017ee na mne nevid\u00ed v\u00ednov\u00fd opar, v\u00a0ktor\u00e9ho zajat\u00ed som tam, v\u00a0jeho dome, kone\u010dne sedel.<\/p>\n<figure id=\"attachment_4727\" aria-describedby=\"caption-attachment-4727\" style=\"width: 483px\" class=\"wp-caption aligncenter\"><img loading=\"lazy\" decoding=\"async\" class=\"size-full wp-image-4727\" src=\"http:\/\/skalickyobzor.sk\/cms\/wp-content\/uploads\/2021\/09\/12-Vsetecka-rakuskeho-vyznamenania-\u2013-rytiersky-kriz-za-rozvoj-kultury-Ordo-Equestris-Vini-Europae-v-kostole-vo-Viedni.-S-uctou-Vsetecka.jpg\" alt=\"\" width=\"483\" height=\"765\" srcset=\"http:\/\/skalickyobzor.sk\/cms\/wp-content\/uploads\/2021\/09\/12-Vsetecka-rakuskeho-vyznamenania-\u2013-rytiersky-kriz-za-rozvoj-kultury-Ordo-Equestris-Vini-Europae-v-kostole-vo-Viedni.-S-uctou-Vsetecka.jpg 483w, http:\/\/skalickyobzor.sk\/cms\/wp-content\/uploads\/2021\/09\/12-Vsetecka-rakuskeho-vyznamenania-\u2013-rytiersky-kriz-za-rozvoj-kultury-Ordo-Equestris-Vini-Europae-v-kostole-vo-Viedni.-S-uctou-Vsetecka-189x300.jpg 189w\" sizes=\"auto, (max-width: 483px) 100vw, 483px\" \/><figcaption id=\"caption-attachment-4727\" class=\"wp-caption-text\">J\u00e1n V\u0161ete\u010dka, s\u00a0vyznamenan\u00edm Rytiersky kr\u00ed\u017e za rozvoj kult\u00fary Ordo Equestris Vini Europae, v\u00a0kostole vo Viedni. S\u00e1m o\u00a0\u0148om hovor\u00ed, \u017ee za\u0148 v\u010fa\u010d\u00ed aj Jankovi Blahovi. Arch\u00edv J\u00e1na V\u0161ete\u010dku<\/figcaption><\/figure>\n<p><em><strong>Raz ste spom\u00ednali, \u017ee v\u00e1s profesor viedol akousi nevidite\u013enou rukou po\u010das celej spev\u00e1ckej kari\u00e9ry.<\/strong><\/em><br \/>\nVe\u013emi \u0165a\u017eko sa mi odde\u013euje moja spev\u00e1cka kari\u00e9ra od profesora Janka Blaha. Neviem ur\u010di\u0165 hranice, kde kon\u010dia jeho ponau\u010denia a\u00a0za\u010d\u00edna moja pr\u00e1ca. Je to previazan\u00e9 nakoniec aj vz\u0165ahom ku Skalici. Viedol ma po\u010das kari\u00e9ry, s\u00edce nesk\u00f4r u\u017e len obrazne, ale neust\u00e1le. Spieval som napr\u00edklad Traviattu v\u00a0n\u00e1rodnej opere v\u00a0Sofii. Druh\u00e9 dejstvo st\u00e1l nado mnou v\u00a0roli Germonta fenomen\u00e1lny bulharsk\u00fd basista. Myslel som, \u017ee t\u00fdm mi mohutn\u00fdm hlasom odtrhne u\u0161i! Vtedy som si spomenul na slov\u00e1 p\u00e1na profesora: \u201e\u017d\u00e1dn\u00e1 panika! Sp\u00edvaj naz\u00e1lem (pom\u00f4c\u0165 si zv\u00fdraznen\u00edm hlasu nosom) a\u00a0nedaj sa strhn\u00fat. Ja sem sp\u00edval se \u0160aljapinem a\u00a0f\u0161ecky ansably (spolo\u010dn\u00fd spev, duett\u00e1, kvartet\u00e1) sem sp\u00edval polohlasem a\u00a0bylo m\u0148a po\u010dut!!!!\u201c Riadil som sa, teda, jeho radou a\u00a0v\u00a0telev\u00edznom z\u00e1zname bolo v\u0161etko tak, ako m\u00e1 by\u0165! Roky be\u017eali, na mojom konte pribudli desiatky hlavn\u00fdch opern\u00fdch, operetn\u00fdch i\u00a0muzik\u00e1lov\u00fdch post\u00e1v, a\u00a0ak\u00fdko\u013evek probl\u00e9m s\u00a0hlasom som rie\u0161il profesorov\u00fdm: \u201eSp\u00edvaj, jak \u0164i huba narostla\u201c.<\/p>\n<p><em><strong>V\u017edy v\u00e1s zachr\u00e1nili jeho rady?<\/strong><\/em><br \/>\nVlastne \u00e1no, ale ako ka\u017ed\u00fd mlad\u00fd \u010dlovek, nie v\u017edy som si nechal poradi\u0165. V politicky turbulentn\u00fdch rokoch normaliz\u00e1cie, ako vych\u00e1dzaj\u00faca muzik\u00e1lov\u00e1 hviezda, po hlavnej roli americk\u00e9ho muzik\u00e1lu West Side Story na Novej sc\u00e9ne, kde som spieval Tonyho, som nie\u010do komentoval na ofici\u00e1lnej recepcii. \u201eJene\u010dku, v\u00ed\u0161, jako bych ti to pov\u011bd\u011bl \u2013 m\u011bl bys v\u00edce sp\u00edvat, a\u00a0nemluvit.\u201c Mne to i\u0161lo, samozrejme, jedn\u00fdm uchom dnu, druh\u00fdm von. Spomenul som si na to nesk\u00f4r, na koncerte pre zasl\u00fa\u017eil\u00fdch \u010dlenov strany, ktor\u00fd usporad\u00faval vtedaj\u0161\u00ed \u0161\u00e9f \u00fastavu marxizmu-leninizmu p\u00e1n Plevza a\u00a0kde som v\u0161etk\u00fdm \u010dlenom za\u017eelal pred nadch\u00e1dzaj\u00facim sviatkom Bo\u017eie po\u017eehnanie. Uvedomil som si kde som v\u00a0hrobovom tichu, ktor\u00e9 nasledovalo. T\u00fd\u017ede\u0148 na to som prech\u00e1dzal hranice na pozvanie organiz\u00e1cie CIVIS v\u00a0Taliansku, kde som dostal \u0161pi\u010dkov\u00e9 spev\u00e1cke \u0161tipendium. Na hraniciach mi zhabali pas a\u00a0k\u00a0tomu som dostal z\u00e1kaz \u00fa\u010dinkovania na Slovensku. Na\u0161\u0165astie, v\u00a0Brne neplatilo to, \u010do na Slovensku a\u00a0boli tam vtedy aj Lasica so Satinsk\u00fdm a\u00a0viacer\u00ed priatelia. P\u00e4tn\u00e1s\u0165 rokov \u00fa\u010dinkovania v\u00a0\u010desk\u00fdch divadl\u00e1ch, oper\u00e1ch bola da\u0148, ktor\u00fa s\u00edce ne\u013eutujem, ale v\u017edy mi pripom\u00ednali slov\u00e1 p\u00e1na profesora. Nakoniec som si dal umeleck\u00e9 meno Konstanty \u2013 pod\u013ea po\u013esk\u00e9ho b\u00e1snika Konstanty Gal\u010dinsk\u00e9ho a\u00a0V\u0161ete\u010dka jednoducho nespieval &#8230; E\u0161te aj po rokoch, ako s\u00f3lista SND, som dostal zmluvu na moje umeleck\u00e9 meno Konstanty.<\/p>\n<p><em><strong>Ist\u00fdm vyznan\u00edm v\u010faky bolo aj dielo Dr. Janko Blaho a\u00a0jeho doba, ktor\u00e9 ste vydali v\u00a0roku 2016.<\/strong><\/em><br \/>\nTento projekt je obrazosled podlo\u017een\u00fd hudbou. Bolo to aj vydan\u00e9 ako bro\u017e\u00fara a\u00a0noty. Ak\u00e1si trojgenera\u010dn\u00e1 spomienka na prv\u00e9ho slovensk\u00e9ho profesion\u00e1lneho s\u00f3listu vznikla na z\u00e1klade m\u00f4jho osobn\u00e9ho poznania s\u00a0t\u00fdmto v\u00fdznamn\u00fdm \u010dlenom skalickej rodiny. Ke\u010f som fotil jeho sochu pred skalickou nemocnicou, uvedomil som si ako tento rod zmenil aj na\u0161u pr\u00edtomnos\u0165. Ak\u00e9 bohatstvo v\u00a0podobe hlbokej \u013eudskej m\u00fadrosti n\u00e1m dal do dne\u0161n\u00fdch dn\u00ed. M\u00f4j milovan\u00fd profesor Dr. Janko Blaho mi povedal, \u017ee m\u00e1m \u201ev\u00edcej sp\u00edvat a\u00a0nekritizovat\u201c. Preto by som v\u00e1m, drah\u00ed Skali\u010dania, chcel odk\u00e1za\u0165, \u017ee je pravdou: \u201eSkalica je pjekn\u00e9 mjesto, pres \u0148u chodn\u00ed\u010dek, vyprovo\u010f ma moja mil\u00e1, sv\u00edc\u00ed m\u011bs\u00ed\u010dek &#8230;\u201c<\/p>\n<p><em><strong>Je aj pre v\u00e1s, ako roden\u00e9ho Pie\u0161\u0165anca, Skalica pjekn\u00e9 mjesto?<\/strong><\/em><br \/>\nPozn\u00e1m toto \u00fa\u017easn\u00e9 mesto a\u00a0ve\u013emi pozorne sledujem, \u010do sa tu deje v\u00a0hudbe, v\u00a0m\u00fazeu, obdivujem osobnosti Skalice, pozn\u00e1m to cel\u00e9 aj v\u00a0previazan\u00ed na otca Janka Blaha, MUDr. Pavla Blaha. Sledujem folkloristu p\u00e1na Michalovi\u010da s\u00a0jeho vynikaj\u00facou muzikou, aktivity m\u00fazea na \u010dele s\u00a0jeho riadite\u013ekou pani Draho\u0161ovou a\u00a0nezi\u0161tn\u00fdmi priate\u013emi, ktor\u00ed mi pomohli obratom opravi\u0165 n\u00e1hodou pokazen\u00e9 auto. Je to iba mal\u00e1 \u010das\u0165, spom\u00ednam na vynikaj\u00faceho skalick\u00e9ho vin\u00e1ra p\u00e1na Masaryka, Winterberg, s\u00a0ktor\u00fdm sme spolupracovali na Taiwansk\u00fdch d\u0148och v\u00a0Bratislave. V\u0161etko je to v\u00a0mojom srdci, ve\u013emi mi ch\u00fdbaj\u00fa preru\u0161en\u00e9 stretnutia s\u00a0t\u00fdmito \u013eu\u010fmi. V\u00a0ka\u017edom z\u00a0nich je kus m\u00fadrosti predkov, pr\u00edpadne ich cite\u013enej chv\u00e1ly. Ko\u013eko miest sa m\u00f4\u017ee pochv\u00e1li\u0165 takou \u00fa\u017easnou hist\u00f3riou, pretavenou do osobnost\u00ed. Umelci, vin\u00e1ri, lek\u00e1ri a\u00a0\u010fal\u0161\u00ed rad osobnost\u00ed. To je Skalica. Mesto, kde treba s\u00a0\u00factou po\u017eehna\u0165 ka\u017ed\u00fd kame\u0148.<\/p>\n<h5>PhDr. Peter Michalovi\u010d,<br \/>\nmuzikol\u00f3g, prim\u00e1\u0161 Skali\u010danu<\/h5>\n<p><em><strong>Kam a\u017e siahaj\u00fa tvoje spomienky na Janka Blaha?<\/strong><\/em><br \/>\nMoje spomienky na osobnos\u0165 Janka Blaha s\u00fa kontinu\u00e1lne od \u00fatlej mladosti. Boli toti\u017e ve\u013emi dobr\u00ed priatelia s moj\u00edm star\u00fdm otcom Ferencom Buchtom a jeho rodinou, najm\u00e4 jeho synom \u013dudov\u00edtom Buchtom. Symbolicky ich spojil vlastne MUDr. Pavel Blaho, ke\u010f ako lek\u00e1r pri ve\u013emi \u0165a\u017ekom p\u00f4rode v novembri 1902 zachr\u00e1nil mal\u00e9ho Franti\u0161ka, ktor\u00fd, ke\u010f kone\u010dne vydal zo seba t\u00fa\u017eobne o\u010dak\u00e1van\u00fd detsk\u00fd pla\u010d, Blaho vyriekol vetu ako nejak\u00e1 sudi\u010dka, ktor\u00fa mi stare\u010dek potom tis\u00edckr\u00e1t zopakoval v r\u00e1mci ob\u013e\u00faben\u00e9ho rodinn\u00e9ho pr\u00edbehu: Ten bude spjev\u00e1kem! A veru aj bol. Spev sa preniesol i na syna \u013dudov\u00edta (1928-1995), ktor\u00e9ho v Bratislave srde\u010dne prijala rodina Janka Blaha a nejak\u00fd \u010das u nich aj b\u00fdval. Stretali sa pri pr\u00e1ci ako profesion\u00e1lni spev\u00e1ci i ako priatelia, napr\u00edklad v Slov\u00e1ckom kr\u00fa\u017eku v Bratislave alebo ako bratia v Spolku sv. Hurbana v\u00a0Skalici. V\u017edy to bolo \u2013 v\u00a0mojich detsk\u00fdch o\u010diach \u2013 ve\u013emi srde\u010dn\u00e9 a\u00a0vesel\u00e9 stretnutie, ke\u010f sa Janko Blaho zastavil za stare\u010dkom v\u00a0Dubovej ulici na kus re\u010di a\u00a0pre kus trdeln\u00edka od Julinky, mojej starenky. \u010castokr\u00e1t a\u017e ke\u010f odi\u0161iel, som si to uvedomil a\u00a0stare\u010dkovi povedal: \u201eStare\u010dku, ale \u0161ak to bil n\u00e1rod\u0148\u00ed umjelec!\u201c Na to mal, ako v\u017edy, stare\u010dek hne\u010f pripraven\u00fa odpove\u010f: \u201e\u0160ak ano, Blaho je n\u00e1rod\u0148\u00ed umjelec v\u00a0Bra\u0165islavje, a\u00a0j\u00e1 ve Skalici!\u201c Neviem, \u010di som sa vtedy zasmial, ale \u00faplne mi sta\u010d\u00ed, \u017ee sa nad t\u00fdm pousmejem dnes. Aj preto som sa v\u017edy tak r\u00e1d rozpr\u00e1val so stare\u010dkom Ferencom, lebo sa so mnou bavil ako s\u00a0dospel\u00fdm.<\/p>\n<figure id=\"attachment_4729\" aria-describedby=\"caption-attachment-4729\" style=\"width: 738px\" class=\"wp-caption aligncenter\"><img loading=\"lazy\" decoding=\"async\" class=\"size-full wp-image-4729\" src=\"http:\/\/skalickyobzor.sk\/cms\/wp-content\/uploads\/2021\/09\/13-IMG_0599-vyrez-002.jpg\" alt=\"\" width=\"738\" height=\"480\" srcset=\"http:\/\/skalickyobzor.sk\/cms\/wp-content\/uploads\/2021\/09\/13-IMG_0599-vyrez-002.jpg 738w, http:\/\/skalickyobzor.sk\/cms\/wp-content\/uploads\/2021\/09\/13-IMG_0599-vyrez-002-300x195.jpg 300w\" sizes=\"auto, (max-width: 738px) 100vw, 738px\" \/><figcaption id=\"caption-attachment-4729\" class=\"wp-caption-text\">Gratul\u00e1cia k\u00a085. narodenin\u00e1m Heleny Jurasovovej v\u00a0Zlodejovciach. Z\u013eava: Eva Blahov\u00e1, Peter Michalovi\u010d, Peter Zelenka, Anton Pav\u010do, Helena Jurasovov\u00e1. Arch\u00edv Petra Michalovi\u010da<\/figcaption><\/figure>\n<p><em><strong>Spomenie\u0161 si aj na posledn\u00e9 stretnutia s\u00a0n\u00edm?<\/strong><\/em><br \/>\nPam\u00e4t\u00e1m si, \u017ee niekedy koncom sedemdesiatych rokov pri\u0161iel Janko Blaho na n\u00e1cvik Skali\u010danu. Mali sme s\u00fastredenie Skali\u010danu v\u00a0Skali\u010dane (rekrea\u010dnej chate, ktor\u00fa star\u0161\u00edm Skali\u010danom netreba zvl\u00e1\u0161\u0165 predstavova\u0165) v\u00a0Zlatn\u00edckej doline. A\u00a0sk\u00fa\u0161ali sme, mysl\u00edm, piesne Mokrohajsk\u00e9 pole je pjek\u0148e zoran\u00e9 a\u00a0Macejko, Macejko, ktor\u00e9 sa pou\u017eili do folkl\u00f3rneho filmov\u00e9ho dokumentu Vjej vjetr\u00ed\u010dku v\u00a0roku 1980, asi posledn\u00e9ho ofici\u00e1lneho filmov\u00e9ho z\u00e1znamu s\u00a0t\u00fdmto umelcom, preto\u017ee rok nato Janko Blaho zomrel.<\/p>\n<p><em><strong>Blahove spevn\u00edky boli pre folkloristov cenn\u00fdm zdrojom obohacovania reperto\u00e1ru &#8230;<\/strong><\/em><br \/>\nS pies\u0148ami zo spevn\u00edkov Janka Blaha som sa nesk\u00f4r stretal najm\u00e4 cez spolupr\u00e1cu s dc\u00e9rou J. Blaha, pani Helenou Jurasovovou, pri pr\u00e1ci na nov\u00fdch tancoch pre Skali\u010dan, resp. pre Vienok, alebo ako spoluinterpret pri jej osobitom spevnom prednese z\u00e1horsk\u00fdch piesn\u00ed. Spevn\u00edky Janka Blaha boli pre m\u0148a akousi folkl\u00f3rno-hudobnou bibliou. V s\u00fabore Skali\u010dan som z nich \u010derpal v mojich prv\u00fdch hudobn\u00fdch \u00faprav\u00e1ch, nosil som ich v\u00e4\u010d\u0161inou pri sebe, aby som si mohol napr\u00edklad i pri cestovan\u00ed v nich \u010d\u00edta\u0165 (a v duchu spieva\u0165). A to sa d\u00e1, vlastne donekone\u010dna, preto\u017ee, aj ke\u010f tie piesne u\u017e ako-tak pozn\u00e1te, v\u017edy k nim pristupujete pod\u013ea ur\u010dit\u00e9ho krit\u00e9ria a h\u013ead\u00e1te nie\u010do in\u00e9 \u2013 napr\u00edklad \u017e\u00e1nrovo podobn\u00e9 piesne (\u013e\u00fabostn\u00e9, regr\u00fatske, tane\u010dn\u00e9 apod.), alebo piesne sp\u00e4t\u00e9 s\u00a0ur\u010ditou v\u00fdvinovou a\u00a0ton\u00e1lnou vrstvou, alebo piesne z\u00a0ur\u010dit\u00e9ho mikroregi\u00f3nu \u010di obce a\u00a0podobne.<\/p>\n<p><em><strong>Pre\u010do ste sa rozhodli nanovo spracova\u0165 s\u00faborn\u00e9 vydanie jeho Z\u00e1hor\u00e1ckych pjesni\u010diek?<\/strong><\/em><br \/>\nAko pracovn\u00edk skalick\u00e9ho m\u00fazea som c\u00edtil, \u017ee raz pr\u00edde \u010das, ke\u010f sa budem musie\u0165 zaobera\u0165 reed\u00edciou Blahov\u00fdch spevn\u00edkov. Najide\u00e1lnej\u0161ou podobou vydania bolo s\u00faborn\u00e9 vydanie s\u00a0nov\u00fdmi registrami. Ke\u010f\u017ee sme mali zna\u010dn\u00e9 mno\u017estvo sprievodn\u00e9ho materi\u00e1lu k\u00a0spevn\u00edkom v\u00a0pozostalosti dr. Janka Blaha (ulo\u017eenej v\u00a0Z\u00e1horskom m\u00fazeu v\u00a0Skalici), vyu\u017eili sme maxim\u00e1lne kapacitu nov\u00e9ho vydania a\u00a0zaradili do\u0148 jednak Blahove texty, s\u00favisiace s\u00a0p\u00f4vodn\u00fdmi vydaniami spevn\u00edkov, ale i\u00a0nov\u00e9 texty editora a\u00a0redakcie. Bezprostredn\u00fdm impulzom, ktor\u00fd od\u0161tartoval pr\u00e1cu na novom vydan\u00ed, bol telefon\u00e1t Vlada God\u00e1ra, hudobn\u00e9ho skladate\u013ea, muzikol\u00f3ga, m\u00f4jho vz\u00e1cneho priate\u013ea, ktor\u00fd pon\u00fakol za Hudobn\u00e9 centrum v\u00a0Bratislave (riadite\u013e Igor Valentovi\u010d) spolupr\u00e1cu skalick\u00e9mu m\u00fazeu. Mus\u00edm poveda\u0165, aspo\u0148 za m\u0148a, \u017ee to bola s\u00edce intenz\u00edvna a\u00a0\u010dasovo n\u00e1ro\u010dn\u00e1, ale ve\u013emi kon\u0161trukt\u00edvna a\u00a0in\u0161piruj\u00faca pr\u00e1ca. Nepam\u00e4t\u00e1m si, \u017ee by sme museli rie\u0161i\u0165 nejak\u00fd v\u00e4\u010d\u0161\u00ed probl\u00e9m.<\/p>\n<figure id=\"attachment_4730\" aria-describedby=\"caption-attachment-4730\" style=\"width: 806px\" class=\"wp-caption aligncenter\"><img loading=\"lazy\" decoding=\"async\" class=\"size-full wp-image-4730\" src=\"http:\/\/skalickyobzor.sk\/cms\/wp-content\/uploads\/2021\/09\/14-Spejvniki.jpg\" alt=\"\" width=\"806\" height=\"605\" srcset=\"http:\/\/skalickyobzor.sk\/cms\/wp-content\/uploads\/2021\/09\/14-Spejvniki.jpg 806w, http:\/\/skalickyobzor.sk\/cms\/wp-content\/uploads\/2021\/09\/14-Spejvniki-300x225.jpg 300w, http:\/\/skalickyobzor.sk\/cms\/wp-content\/uploads\/2021\/09\/14-Spejvniki-768x576.jpg 768w, http:\/\/skalickyobzor.sk\/cms\/wp-content\/uploads\/2021\/09\/14-Spejvniki-678x509.jpg 678w, http:\/\/skalickyobzor.sk\/cms\/wp-content\/uploads\/2021\/09\/14-Spejvniki-326x245.jpg 326w, http:\/\/skalickyobzor.sk\/cms\/wp-content\/uploads\/2021\/09\/14-Spejvniki-80x60.jpg 80w\" sizes=\"auto, (max-width: 806px) 100vw, 806px\" \/><figcaption id=\"caption-attachment-4730\" class=\"wp-caption-text\">Nov\u00e9 vydanie Z\u00e1hor\u00e1ck\u00edch pjes\u0148i\u010dek Janka Blaha a\u00a0prv\u00e9 vydanie s\u00a0podpisom autora.<br \/>Nov\u00e9 vydanie je mo\u017eno v\u00a0Skalici zak\u00fapi\u0165 v\u00a0Z\u00e1horskom m\u00fazeu. Foto: \u017delm\u00edra Mach\u00e1\u010dkov\u00e1<\/figcaption><\/figure>\n<p><em><strong>To vyzer\u00e1 ako pr\u00edjemn\u00e1 pr\u00e1ca v\u00a0kruhu priate\u013eov &#8230;<\/strong><\/em><br \/>\nZo s\u00fa\u010dasn\u00e9ho poh\u013eadu je to vlastne tak. Na korekt\u00fary textov piesn\u00ed som mal vyhliadnut\u00fa liter\u00e1rnu histori\u010dku Evu Fordin\u00e1lov\u00fa, s\u00a0ktorou sa dlho pozn\u00e1me, napr\u00edklad aj z\u00a0redakcie \u010dasopisu Z\u00e1horie. Trochu som sa ob\u00e1val, \u017ee sa z\u013eakne toho mno\u017estva vy\u0161e 1200 piesn\u00ed. Av\u0161ak sta\u010dilo, \u017ee sa do nich so zaujat\u00edm za\u010d\u00edtala, a\u00a0u\u017e som videl, \u017ee to bude dobr\u00e9; postupne mi s\u00a0nad\u0161en\u00edm prin\u00e1\u0161ala pod\u013ea abecedy nov\u00e9 a\u00a0nov\u00e9 korekt\u00fary piesn\u00ed. Som r\u00e1d, \u017ee ju t\u00e1to pr\u00e1ca na s\u00fabornom vydan\u00ed evidentne zaujala. Rodinn\u00e9 pramene, \u00fadaje, fotografie a\u00a0podobn\u00e9 som rie\u0161il zasa s\u00a0dc\u00e9rou J. Blaha Evou Blahovou, ktor\u00e1 venovala skalick\u00e9mu m\u00fazeu ve\u013ek\u00fa \u010das\u0165 pozostalosti po otcovi. A\u00a0to som netu\u0161il, \u017ee ke\u010f pr\u00eddem na prv\u00e9 stretnutie s\u00a0grafick\u00fdm \u0161t\u00fadiom Pergamen v\u00a0Trnave, priv\u00edta ma kon\u0161kol\u00e1k z\u00a0vysoko\u0161kolsk\u00fdch \u0161t\u00fadi\u00ed v\u00a0Nitre Juraj Demovi\u010d. I\u00a0v\u010faka jeho citliv\u00e9mu pr\u00edstupu ku grafickej str\u00e1nke knihy a\u00a0ob\u00e1lky sa podarilo dotiahnu\u0165 toto dielko do zdarn\u00e9ho konca.<\/p>\n<p><strong>V\u0161etk\u00fdm srde\u010dne \u010fakujem za rozhovory a\u00a0kr\u00e1sne \u013eudsk\u00e9 spom\u00ednanie na Janka Blaha.<\/strong><\/p>\n<p><em>\u017delm\u00edra Mach\u00e1\u010dkov\u00e1<\/em><\/p>\n","protected":false},"excerpt":{"rendered":"<div class=\"mh-excerpt\"><p>D\u0148a 15. septembra si pripom\u00edname stodvadsiate narodeniny jedn\u00e9ho z\u00a0najzn\u00e1mej\u0161\u00edch skalick\u00fdch rod\u00e1kov Janka Blaha. Prv\u00fd slovensk\u00fd opern\u00fd spev\u00e1k, zberate\u013e \u013eudov\u00fdch piesn\u00ed a\u00a0hviezda slovenskej kult\u00fary v\u0161ak bol ove\u013ea viac ako len rod\u00e1k z\u00a0n\u00e1\u0161ho mesta. Janko Blaho bol <a class=\"mh-excerpt-more\" href=\"http:\/\/skalickyobzor.sk\/cms\/spevavy-svet-janka-blaha\/\" title=\"Spevav\u00fd svet Janka Blaha\">[&#8230;]<\/a><\/p>\n<\/div>","protected":false},"author":2,"featured_media":4701,"comment_status":"closed","ping_status":"closed","sticky":false,"template":"","format":"standard","meta":{"footnotes":""},"categories":[2],"tags":[],"class_list":{"0":"post-4700","1":"post","2":"type-post","3":"status-publish","4":"format-standard","5":"has-post-thumbnail","7":"category-hlavna-tema"},"_links":{"self":[{"href":"http:\/\/skalickyobzor.sk\/cms\/wp-json\/wp\/v2\/posts\/4700","targetHints":{"allow":["GET"]}}],"collection":[{"href":"http:\/\/skalickyobzor.sk\/cms\/wp-json\/wp\/v2\/posts"}],"about":[{"href":"http:\/\/skalickyobzor.sk\/cms\/wp-json\/wp\/v2\/types\/post"}],"author":[{"embeddable":true,"href":"http:\/\/skalickyobzor.sk\/cms\/wp-json\/wp\/v2\/users\/2"}],"replies":[{"embeddable":true,"href":"http:\/\/skalickyobzor.sk\/cms\/wp-json\/wp\/v2\/comments?post=4700"}],"version-history":[{"count":15,"href":"http:\/\/skalickyobzor.sk\/cms\/wp-json\/wp\/v2\/posts\/4700\/revisions"}],"predecessor-version":[{"id":4734,"href":"http:\/\/skalickyobzor.sk\/cms\/wp-json\/wp\/v2\/posts\/4700\/revisions\/4734"}],"wp:featuredmedia":[{"embeddable":true,"href":"http:\/\/skalickyobzor.sk\/cms\/wp-json\/wp\/v2\/media\/4701"}],"wp:attachment":[{"href":"http:\/\/skalickyobzor.sk\/cms\/wp-json\/wp\/v2\/media?parent=4700"}],"wp:term":[{"taxonomy":"category","embeddable":true,"href":"http:\/\/skalickyobzor.sk\/cms\/wp-json\/wp\/v2\/categories?post=4700"},{"taxonomy":"post_tag","embeddable":true,"href":"http:\/\/skalickyobzor.sk\/cms\/wp-json\/wp\/v2\/tags?post=4700"}],"curies":[{"name":"wp","href":"https:\/\/api.w.org\/{rel}","templated":true}]}}