{"id":472,"date":"2018-02-09T16:47:17","date_gmt":"2018-02-09T15:47:17","guid":{"rendered":"http:\/\/skalickyobzor.sk\/cms\/?p=472"},"modified":"2018-06-14T17:54:43","modified_gmt":"2018-06-14T15:54:43","slug":"v-aktivitach-nepolavime-uskutocnime-ich","status":"publish","type":"post","link":"http:\/\/skalickyobzor.sk\/cms\/v-aktivitach-nepolavime-uskutocnime-ich\/","title":{"rendered":"V aktivit\u00e1ch nepo\u013eav\u00edme \u2013 uskuto\u010dn\u00edme ich"},"content":{"rendered":"<p><strong>\u201eV\u00a0 na\u0161ej organiz\u00e1cii JDS evidujeme 705 platiacich \u010dlenov,\u201c prezradila n\u00e1m predsedn\u00ed\u010dka \u2013\u00a0 ANNA HO\u0160KOV\u00c1. Pre 11-\u010dlenn\u00fd v\u00fdbor je dos\u0165 n\u00e1ro\u010dn\u00e9 uspokoji\u0165 v\u0161etk\u00fdch \u010dlenov. Aj preto bude povinnos\u0165ou v\u00fdboru nielen napl\u00e1nova\u0165, ale aj zabezpe\u010di\u0165 v\u00a0 priebehu roka v\u0161etky napl\u00e1novan\u00e9 aktivity.<\/strong><\/p>\n<p>U\u017e 3.\u00a0 janu\u00e1ra 2018 sme na prvom stretnut\u00ed \u010dlenov v\u00fdboru v\u00a0 kancel\u00e1rii v\u00a0 \u0160t\u00edbore radi priv\u00edtali desiatky \u010dlenov, ktor\u00ed si medzi prv\u00fdmi zaplatili \u010dlensk\u00fd pr\u00edspevok (dve eur\u00e1 na rok). Predov\u0161etk\u00fdm pri\u0161li \u010dlenovia, ktor\u00ed maj\u00fa z\u00e1ujem z\u00fa\u010dastni\u0165 sa relaxa\u010dno-rekondi\u010dn\u00fdch pobytov v\u00a0 L\u00fa\u010dkach, resp. v\u00a0Nimnici cez prv\u00fd, resp. druh\u00fd term\u00edn.<\/p>\n<p>V\u00a0 na\u0161om okrese m\u00e1me 21\u00a0 obc\u00ed, z\u00a0 toho s\u00fa tri mest\u00e1 (Skalica, Hol\u00ed\u010d a\u00a0Gbely). V\u00a018 obciach a\u00a0troch mest\u00e1ch s\u00fa zalo\u017een\u00e9 miestne organiz\u00e1cie JDS. Organiz\u00e1cie sa nepodarilo zalo\u017ei\u0165 v\u00a0troch obciach (Kov\u00e1lovec, Lopa\u0161ov, Oresk\u00e9). Od 1.\u00a0janu\u00e1ra do 31.\u00a0marca vo v\u0161etk\u00fdch organiz\u00e1ci\u00e1ch JDS prebehn\u00fa hodnotiace \u010dlensk\u00e9 sch\u00f4dze, na ktor\u00fdch sa uskuto\u010dn\u00ed vyhodnotenie \u010dinnosti za trojro\u010dn\u00e9 obdobie. Na\u0161a organiz\u00e1cia JDS, ktor\u00e1 je druhou najv\u00e4\u010d\u0161ou v\u00a0okrese Skalica, uskuto\u010dn\u00ed hodnotiacu sch\u00f4dzu 20.\u00a0febru\u00e1ra 2018, na ktorej bude tie\u017e schv\u00e1len\u00fd pl\u00e1n aktiv\u00edt na rok 2018. Tie\u017e sa schv\u00e1lia \u0161tyria deleg\u00e1ti na okresn\u00fd snem JDS, ktor\u00fd sa uskuto\u010dn\u00ed 9.\u00a0apr\u00edla 2018 v\u00a0Hol\u00ed\u010di. Po\u010det deleg\u00e1tov je stanoven\u00fd k\u013e\u00fa\u010dom (jeden deleg\u00e1t na 150 \u010dlenov).<\/p>\n<p>I\u00a0ke\u010f z\u00e1jazdy do r\u00f4znych k\u00fatov Slovenska i\u00a0 zahrani\u010dia patria medzi seniormi medzi prioritn\u00e9 aktivity, st\u00e1le s\u00fa aktu\u00e1lne, a\u00a0 preto sa s\u00a0 ich realiz\u00e1ciou po\u010d\u00edta i\u00a0v\u00a0tomto roku. Naviac to bud\u00fa i\u00a0 kult\u00farne z\u00e1jazdy \u2013\u00a0 ob\u013e\u00faben\u00e9 z\u00e1jazdy do divadiel (Bratislava, Nitra, Trnava). Pripravia sa oslavy D\u0148a matiek, \u00fa\u010das\u0165 na odborn\u00fdch predn\u00e1\u0161kach, Mesiac \u00facty k\u00a0star\u0161\u00edm a\u00a0\u010fal\u0161ie aktivity.<\/p>\n<p>I\u00a0 v\u00a0 tomto roku sa na\u0161a organiz\u00e1cia bude sna\u017ei\u0165 aktivitami uspokoji\u0165 svojich \u010dlenov. V\u00a0 skalickom okrese \u017eije viac ako 9-tis\u00edc d\u00f4chodcov, okresn\u00e1 organiz\u00e1cia JDS eviduje 3817 \u010dlenov a\u00a0v\u00a0Trnavskom kraji, \u010do do po\u010dtu \u010dlenov, je na druhom mieste.<\/p>\n","protected":false},"excerpt":{"rendered":"<div class=\"mh-excerpt\"><p>\u201eV\u00a0 na\u0161ej organiz\u00e1cii JDS evidujeme 705 platiacich \u010dlenov,\u201c prezradila n\u00e1m predsedn\u00ed\u010dka \u2013\u00a0 ANNA HO\u0160KOV\u00c1. Pre 11-\u010dlenn\u00fd v\u00fdbor je dos\u0165 n\u00e1ro\u010dn\u00e9 uspokoji\u0165 v\u0161etk\u00fdch \u010dlenov. Aj preto bude povinnos\u0165ou v\u00fdboru nielen napl\u00e1nova\u0165, ale aj zabezpe\u010di\u0165 v\u00a0 priebehu <a class=\"mh-excerpt-more\" href=\"http:\/\/skalickyobzor.sk\/cms\/v-aktivitach-nepolavime-uskutocnime-ich\/\" title=\"V aktivit\u00e1ch nepo\u013eav\u00edme \u2013 uskuto\u010dn\u00edme ich\">[&#8230;]<\/a><\/p>\n<\/div>","protected":false},"author":8,"featured_media":952,"comment_status":"closed","ping_status":"closed","sticky":false,"template":"","format":"standard","meta":{"footnotes":""},"categories":[8],"tags":[],"class_list":{"0":"post-472","1":"post","2":"type-post","3":"status-publish","4":"format-standard","5":"has-post-thumbnail","7":"category-obzor-seniorov"},"_links":{"self":[{"href":"http:\/\/skalickyobzor.sk\/cms\/wp-json\/wp\/v2\/posts\/472","targetHints":{"allow":["GET"]}}],"collection":[{"href":"http:\/\/skalickyobzor.sk\/cms\/wp-json\/wp\/v2\/posts"}],"about":[{"href":"http:\/\/skalickyobzor.sk\/cms\/wp-json\/wp\/v2\/types\/post"}],"author":[{"embeddable":true,"href":"http:\/\/skalickyobzor.sk\/cms\/wp-json\/wp\/v2\/users\/8"}],"replies":[{"embeddable":true,"href":"http:\/\/skalickyobzor.sk\/cms\/wp-json\/wp\/v2\/comments?post=472"}],"version-history":[{"count":1,"href":"http:\/\/skalickyobzor.sk\/cms\/wp-json\/wp\/v2\/posts\/472\/revisions"}],"predecessor-version":[{"id":473,"href":"http:\/\/skalickyobzor.sk\/cms\/wp-json\/wp\/v2\/posts\/472\/revisions\/473"}],"wp:featuredmedia":[{"embeddable":true,"href":"http:\/\/skalickyobzor.sk\/cms\/wp-json\/wp\/v2\/media\/952"}],"wp:attachment":[{"href":"http:\/\/skalickyobzor.sk\/cms\/wp-json\/wp\/v2\/media?parent=472"}],"wp:term":[{"taxonomy":"category","embeddable":true,"href":"http:\/\/skalickyobzor.sk\/cms\/wp-json\/wp\/v2\/categories?post=472"},{"taxonomy":"post_tag","embeddable":true,"href":"http:\/\/skalickyobzor.sk\/cms\/wp-json\/wp\/v2\/tags?post=472"}],"curies":[{"name":"wp","href":"https:\/\/api.w.org\/{rel}","templated":true}]}}