{"id":4746,"date":"2021-10-22T00:02:19","date_gmt":"2021-10-21T22:02:19","guid":{"rendered":"http:\/\/skalickyobzor.sk\/cms\/?p=4746"},"modified":"2021-10-22T00:54:59","modified_gmt":"2021-10-21T22:54:59","slug":"skalicke-ulice-imricha-karvasa","status":"publish","type":"post","link":"http:\/\/skalickyobzor.sk\/cms\/skalicke-ulice-imricha-karvasa\/","title":{"rendered":"Skalick\u00e9 ulice &#8211; Imricha Karva\u0161a"},"content":{"rendered":"<p>Prof. JUDr.\u00a0Imrich Karva\u0161\u00a0(*25. febru\u00e1r\u00a01903, Var\u0161any, dnes\u00a0Kalin\u010diakovo \u2013 \u202020. febru\u00e1r\u00a01981,\u00a0Bratislava), slovensk\u00fd\u00a0n\u00e1rodohospod\u00e1r,\u00a0pr\u00e1vnik, vysoko\u0161kolsk\u00fd pedag\u00f3g, guvern\u00e9r prvej\u00a0Slovenskej n\u00e1rodnej banky, autor v\u00fdnimo\u010dn\u00fdch monografi\u00ed a\u00a0nad\u010dasov\u00fdch my\u0161lienok, bol nepochybne najv\u00fdznamnej\u0161ou osobnos\u0165ou ekonomickej vedy a\u00a0n\u00e1rodohospod\u00e1rskej politiky Slovenska v\u00a0obdob\u00ed tridsiatych a\u00a0\u0161tyridsiatych rokov minul\u00e9ho storo\u010dia. V\u00fdznamn\u00fa \u00falohu zohral i\u00a0pri organizovan\u00ed Slovensk\u00e9ho n\u00e1rodn\u00e9ho povstania. So Skalicou ho via\u017eu dva v\u00fdznamn\u00e9 m\u00ed\u013eniky \u2013 v\u00a0rokoch 1913 a\u017e 1921 nav\u0161tevoval tunaj\u0161ie gymn\u00e1zium (jeho spolu\u017eiakom bol Vladim\u00edr Clementis) a\u00a028. j\u00fala 1945 sa po n\u00e1vrate z\u00a0koncentra\u010dn\u00e9ho t\u00e1bora po prv\u00fd raz stretol pr\u00e1ve v\u00a0na\u0161om\u00a0meste so svojou man\u017eelkou a\u00a0de\u0165mi.<\/p>\n<p>Rodina Karva\u0161ovcov sa v roku 1910 pres\u0165ahovala do Hol\u00ed\u010da, kde mlad\u00fd Imrich dokon\u010dil \u013eudov\u00fa \u0161kolu. Po maturite za\u010dal \u0161tudova\u0165 na Pr\u00e1vnickej fakulte Univerzity Komensk\u00e9ho v Bratislave, po\u010das \u0161t\u00fadia si privyr\u00e1bal dou\u010dovan\u00edm \u017eiakov a ako vedeck\u00e1 pomocn\u00e1 sila. Promoval v roku 1925 a z\u00edskan\u00e9 \u0161tipendium mu umo\u017enilo doplni\u0165 si svoje vzdelanie \u0161t\u00fadiom hospod\u00e1rskeho pr\u00e1va v Par\u00ed\u017ei a \u0160trasburgu. Vedecko-pedagogick\u00fa cestu nast\u00fapil na svojej alma mater ako jeden z prv\u00fdch Slov\u00e1kov. Ako 27-ro\u010dn\u00fd habilitoval a vo veku 31 rokov sa stal mimoriadnym profesorom. Popri svojej pedagogickej \u010dinnosti sa \u010doraz viac zap\u00e1jal do riadenia n\u00e1rodohospod\u00e1rskych in\u0161tit\u00faci\u00ed a\u00a0bankovn\u00edctva. V\u00a0roku 1938 sa stal ministrom \u010desko-slovenskej vl\u00e1dy.<\/p>\n<p>Po rozbit\u00ed \u010cSR vyzval Imricha Karva\u0161a k spolupr\u00e1ci osobne Jozef Tiso, a to napriek tomu, \u017ee vedel o jeho politicko-spolo\u010denskej orient\u00e1cii (pr\u00edvr\u017eenec \u010cSR, demokrat, man\u017eelka \u010deskej n\u00e1rodnosti) a pon\u00fakol mu post guvern\u00e9ra Slovenskej n\u00e1rodnej banky. Vo svojej funkcii sa usiloval minimalizova\u0165 \u0161kody sp\u00f4soben\u00e9 nemeck\u00fdm t\u00fatorstvom, uchr\u00e1nil pred nacistami slovensk\u00e9 zlato. Od roku 1943 zabezpe\u010doval finan\u010dn\u00e9 a hospod\u00e1rske pr\u00edpravy SNP, spolupracoval s Gust\u00e1vom Hus\u00e1kom a\u00a0Petrom Za\u0165kom, \u010dlenmi ileg\u00e1lnej Slovenskej n\u00e1rodnej rady. V\u00a0septembri 1944 ho gestapo zatklo. Ods\u00fadili ho na trest smrti, na\u0161\u0165astie rozsudok nevykonali, v\u00e4znili ho vo viacer\u00fdch koncentra\u010dn\u00fdch t\u00e1boroch. Slobodu mu priniesli spojeneck\u00e9 vojsk\u00e1.<\/p>\n<p>Po vojne sa z\u00fa\u010dastnil na ekonomickej obnove Slovenska a p\u00f4sobil ako pedag\u00f3g v Bratislave. Odmietol v\u0161ak spolupr\u00e1cu s\u00a0komunistick\u00fdm re\u017eimom. V\u00a0roku 1949 ho obvinili zo \u0161pion\u00e1\u017ee a\u00a0takmer dva roky v\u00e4znili. V\u00a0roku 1958 bol v\u00a0procese s\u00a0\u010fal\u0161\u00edmi predstavite\u013emi SNP ods\u00faden\u00fd za velezradu a\u00a0\u0161pion\u00e1\u017e na sedemn\u00e1s\u0165 rokov. V\u00a0roku 1960 Karva\u0161a amnestovali a\u00a0\u00faplne rehabilitovali a\u017e v\u00a0roku 1969.<\/p>\n<p>Imrich Karva\u0161 sa vo vedeckej pr\u00e1ci zaoberal ot\u00e1zkami hospod\u00e1rskej konjunkt\u00fary a\u00a0monopolov. Bol predstavite\u013eom hospod\u00e1rskej politiky regionalizmu. Usiloval sa o\u00a0posilnenie hospod\u00e1rskej poz\u00edcie Slovenska v\u00a0r\u00e1mci\u00a0prvej \u010cesko-slovenskej republiky. Publikoval 13 monografi\u00ed a\u00a0mno\u017estvo odborn\u00fdch \u010dl\u00e1nkov. Za najv\u00fdznamnej\u0161ie dielo sa pova\u017euje dvojzv\u00e4zkov\u00e1 pr\u00e1ca Z\u00e1klady hospod\u00e1rskej vedy (Martin, 1947).<\/p>\n<p>Za celo\u017eivotn\u00e9 dielo, vynikaj\u00face z\u00e1sluhy o\u00a0demokraciu a\u00a0\u013eudsk\u00e9 pr\u00e1va, mu boli in memoriam udelen\u00e9 viacer\u00e9 pam\u00e4tne medaily a\u00a0vyznamenania, medzi nimi v\u00a0roku 1991 najvy\u0161\u0161ie vyznamenanie \u010ceskej a\u00a0Slovenskej federat\u00edvnej republiky \u2013 Rad T. G. Masaryka a\u00a0v\u00a0roku 2001 najvy\u0161\u0161ie \u0161t\u00e1tne vyznamenanie Slovenskej republiky Pribinov kr\u00ed\u017e I. triedy. Ekonomick\u00e1 univerzita v\u00a0Bratislave od roku 2001 ude\u013euje v\u00fdznamn\u00fdm osobnostiam medailu prof. Imricha Karva\u0161a.<\/p>\n","protected":false},"excerpt":{"rendered":"<div class=\"mh-excerpt\"><p>Prof. JUDr.\u00a0Imrich Karva\u0161\u00a0(*25. febru\u00e1r\u00a01903, Var\u0161any, dnes\u00a0Kalin\u010diakovo \u2013 \u202020. febru\u00e1r\u00a01981,\u00a0Bratislava), slovensk\u00fd\u00a0n\u00e1rodohospod\u00e1r,\u00a0pr\u00e1vnik, vysoko\u0161kolsk\u00fd pedag\u00f3g, guvern\u00e9r prvej\u00a0Slovenskej n\u00e1rodnej banky, autor v\u00fdnimo\u010dn\u00fdch monografi\u00ed a\u00a0nad\u010dasov\u00fdch my\u0161lienok, bol nepochybne najv\u00fdznamnej\u0161ou osobnos\u0165ou ekonomickej vedy a\u00a0n\u00e1rodohospod\u00e1rskej politiky Slovenska v\u00a0obdob\u00ed tridsiatych a\u00a0\u0161tyridsiatych rokov minul\u00e9ho <a class=\"mh-excerpt-more\" href=\"http:\/\/skalickyobzor.sk\/cms\/skalicke-ulice-imricha-karvasa\/\" title=\"Skalick\u00e9 ulice &#8211; Imricha Karva\u0161a\">[&#8230;]<\/a><\/p>\n<\/div>","protected":false},"author":16,"featured_media":4747,"comment_status":"closed","ping_status":"closed","sticky":false,"template":"","format":"standard","meta":{"footnotes":""},"categories":[24],"tags":[],"class_list":{"0":"post-4746","1":"post","2":"type-post","3":"status-publish","4":"format-standard","5":"has-post-thumbnail","7":"category-skalicke-ulice"},"_links":{"self":[{"href":"http:\/\/skalickyobzor.sk\/cms\/wp-json\/wp\/v2\/posts\/4746","targetHints":{"allow":["GET"]}}],"collection":[{"href":"http:\/\/skalickyobzor.sk\/cms\/wp-json\/wp\/v2\/posts"}],"about":[{"href":"http:\/\/skalickyobzor.sk\/cms\/wp-json\/wp\/v2\/types\/post"}],"author":[{"embeddable":true,"href":"http:\/\/skalickyobzor.sk\/cms\/wp-json\/wp\/v2\/users\/16"}],"replies":[{"embeddable":true,"href":"http:\/\/skalickyobzor.sk\/cms\/wp-json\/wp\/v2\/comments?post=4746"}],"version-history":[{"count":1,"href":"http:\/\/skalickyobzor.sk\/cms\/wp-json\/wp\/v2\/posts\/4746\/revisions"}],"predecessor-version":[{"id":4748,"href":"http:\/\/skalickyobzor.sk\/cms\/wp-json\/wp\/v2\/posts\/4746\/revisions\/4748"}],"wp:featuredmedia":[{"embeddable":true,"href":"http:\/\/skalickyobzor.sk\/cms\/wp-json\/wp\/v2\/media\/4747"}],"wp:attachment":[{"href":"http:\/\/skalickyobzor.sk\/cms\/wp-json\/wp\/v2\/media?parent=4746"}],"wp:term":[{"taxonomy":"category","embeddable":true,"href":"http:\/\/skalickyobzor.sk\/cms\/wp-json\/wp\/v2\/categories?post=4746"},{"taxonomy":"post_tag","embeddable":true,"href":"http:\/\/skalickyobzor.sk\/cms\/wp-json\/wp\/v2\/tags?post=4746"}],"curies":[{"name":"wp","href":"https:\/\/api.w.org\/{rel}","templated":true}]}}