{"id":4782,"date":"2021-10-22T00:06:10","date_gmt":"2021-10-21T22:06:10","guid":{"rendered":"http:\/\/skalickyobzor.sk\/cms\/?p=4782"},"modified":"2021-10-22T00:55:26","modified_gmt":"2021-10-21T22:55:26","slug":"skalicke-priezviska-xv-co-zboril-aj-rozboril","status":"publish","type":"post","link":"http:\/\/skalickyobzor.sk\/cms\/skalicke-priezviska-xv-co-zboril-aj-rozboril\/","title":{"rendered":"Skalick\u00e9 priezvisk\u00e1 XV &#8211; \u010co Zboril aj Rozboril"},"content":{"rendered":"<p><em>Pri t\u00fdchto priezvisk\u00e1ch nemus\u00edme dlho rozm\u00fd\u0161\u013ea\u0165 ako vznikli. Jednoducho pri\u0161iel \u010dlovek a v\u0161etko, \u010doho sa chytil, zboril, \u010di rozboril. Mo\u017eno to bol dobyvate\u013e a mo\u017eno sa chcel aj pochv\u00e1li\u0165, preto to aj nieko\u013ekokr\u00e1t slovne okomentoval a zopakoval \u2026 \u201eja som to zboril, ja som to rozboril \u2026\u201c. Slovn\u00edky slovensk\u00e9ho jazyka hovoria, \u017ee rozbori\u0165 je sloveso a jeho synonymom je sloveso zr\u00faca\u0165, zbori\u0165, zvali\u0165, zdemolova\u0165, \u010di\u017ee n\u00e1razmi, r\u00facan\u00edm, b\u00faran\u00edm rozru\u0161i\u0165, rozlo\u017ei\u0165, zni\u010di\u0165, zmeni\u0165 na trosky, prenesene aj rozbori\u0165 (rozlo\u017ei\u0165) jednotu nejak\u00e9ho hnutia, strany, organiza\u010dnej jednotky (ale b\u00e1snicky m\u00f4\u017ee by\u0165 i\u00a0rozbori\u0165 put\u00e1 = zbavi\u0165 sa poroby).<\/em><\/p>\n<p>Priezvisko Rozboril patr\u00ed medzi skalick\u00e9 priezvisk\u00e1, ktor\u00e9 sa v matrik\u00e1ch objavuj\u00fa a\u017e za\u010diatkom 18. storo\u010dia. Na rozdiel od toho, priezvisko Zboril pod\u013ea prv\u00e9ho z\u00e1znamu v matrike fungovalo v Skalici u\u017e v prvej polovici 17. storo\u010dia. Priezvisko Zboril bolo v minulosti frekventovanej\u0161ie ako Rozboril. Spom\u00ednan\u00fd prv\u00fd z\u00e1pis v skalickej matrike z roku 1638 hovor\u00ed o tom, \u017ee Tom\u00e1\u0161ovi Zborilovi a jeho \u017eene Katar\u00edne sa 14. 4. narodil syn, ktor\u00fd dostal meno Juraj. Tom\u00e1\u0161ovi sa 26. 2. 1657 narodila dc\u00e9ra Al\u017ebeta. V 17. storo\u010d\u00ed sa e\u0161te stret\u00e1me v Skalici s V\u00e1clavom Zborilom, ktor\u00e9mu sa narodili deti Anna (*1672), Katar\u00edna (*1676) a Michal (*1680), s J\u00e1nom Zborilom, otcom Al\u017ebety (*1677), Juraja (*1682) a Barbary (*1686), Jakubom Zborilom, otcom dc\u00e9ry Anny (*1682), Martinom Zborilom, otcom Katar\u00edny (*1691), Martina (*1693) a Pavla (*1698) a Ga\u0161parom Zborilom, otcom Michala (*1696) a\u00a0Anny (*1700).<\/p>\n<figure id=\"attachment_4783\" aria-describedby=\"caption-attachment-4783\" style=\"width: 1005px\" class=\"wp-caption aligncenter\"><img loading=\"lazy\" decoding=\"async\" class=\"size-full wp-image-4783\" src=\"http:\/\/skalickyobzor.sk\/cms\/wp-content\/uploads\/2021\/10\/1_1.jpg\" alt=\"\" width=\"1005\" height=\"99\" srcset=\"http:\/\/skalickyobzor.sk\/cms\/wp-content\/uploads\/2021\/10\/1_1.jpg 1005w, http:\/\/skalickyobzor.sk\/cms\/wp-content\/uploads\/2021\/10\/1_1-300x30.jpg 300w, http:\/\/skalickyobzor.sk\/cms\/wp-content\/uploads\/2021\/10\/1_1-768x76.jpg 768w\" sizes=\"auto, (max-width: 1005px) 100vw, 1005px\" \/><figcaption id=\"caption-attachment-4783\" class=\"wp-caption-text\">Detail matri\u010dn\u00e9ho z\u00e1pisu z\u00a0roku 1638 o\u00a0krste syna Tom\u00e1\u0161a Zborila, ktor\u00fd dostal meno Juraj<\/figcaption><\/figure>\n<p>V 18. storo\u010d\u00ed sa rodina Zborilovcov ve\u013emi nerozr\u00e1stla, do rodiny sa narodilo len 26 det\u00ed, z toho 11 chlapcov a 15 diev\u010dat. Cez predmestie sa v\u0161ak dostalo priezvisko do Mokr\u00e9ho H\u00e1ja a objavuje sa aj v Hol\u00ed\u010di. V roz\u0161irovan\u00ed rodiny bol \u010dinn\u00fd najm\u00e4 J\u00e1n Zboril, ktor\u00fd mal s\u00a0Mar\u00ednou, rod. \u0160koln\u00edkovi\u010dovou, v\u00a0posledn\u00fdch dvoch desa\u0165ro\u010diach 18. storo\u010dia v\u00a0Mokrom H\u00e1ji minim\u00e1lne dev\u00e4\u0165 det\u00ed. V\u00a019. storo\u010d\u00ed zostali b\u00fdva\u0165 na predmest\u00ed Zborilovci, ktor\u00ed prest\u00fapili na evanjelick\u00fa vieru. T\u00ed, ktor\u00ed b\u00fdvali v\u00a0Mokrom H\u00e1ji, zostali vern\u00ed katolicizmu. V\u00a0tomto obdob\u00ed sa do rodiny skalick\u00fdch a\u00a0mokroh\u00e1jskych Zborilovcov narodilo len 16 det\u00ed. Pri s\u010d\u00edtan\u00ed obyvate\u013estva ku koncu 20. storo\u010dia \u017eili v\u00a0Skalici len dvaja mu\u017ei s\u00a0priezviskom Zboril a\u00a0dvaja mu\u017ei s\u00a0priezviskom Zbo\u0159il. Priezvisko Zborilov\u00e1 nosila jedna \u017eena a\u00a0priezvisko Zbo\u0159ilov\u00e1 mali tri \u017eeny.<\/p>\n<p>V s\u00fa\u010dasnosti v Skalici nosia priezvisko Zbo\u0159il dvaja mu\u017ei, priezvisko Zboril sa zo Skalice vytratilo. Priezvisko Zbo\u0159ilov\u00e1 maj\u00fa \u0161tyri \u017eeny a Zborilov\u00e1 p\u00e4\u0165 \u017eien. Najviac Zborilovcov \u017eije na Slovensku v susednom Hol\u00ed\u010di. V roku 1996 ich tam bolo 44. V s\u00fa\u010dasnosti je v Skalici po\u010detnej\u0161ie priezvisko Rozboril. Prv\u00fd raz sa objavuje v Skalici v roku 1708, kedy sa J\u00e1novi Rozborilovi a jeho man\u017eelke Barbare narodil syn Michal (*19. 9. 1708). Matri\u010dn\u00fd z\u00e1znam n\u00e1m s\u00fa\u010dasne prezradil, \u017ee J\u00e1n Rozboril bol zo Skalice. Krstn\u00fdmi rodi\u010dmi Juraja boli Juraj Prokopius so svojou man\u017eelkou Zuzanou, taktie\u017e Skali\u010dania. Predpoklad\u00e1me, \u017ee priezvisko Rozboril sa do Skalice dostalo z Chvojnickej doliny, kde ho m\u00e1me dolo\u017een\u00e9 u\u017e v 17. storo\u010d\u00ed v obci Oresk\u00e9 (1675), nesk\u00f4r vo Vieske (1692), popr\u00edpade z ne\u010falek\u00fdch Gbelov, kde sa zachovali matriky a\u017e od 18. storo\u010dia a Rozborilovci v nich figuruj\u00fa od prv\u00fdch z\u00e1pisov. Pri celouhorskom da\u0148ovom s\u00fapise z roku 1715 boli v Gbeloch tri hlavy rodov s priezviskom Rozboril (Rozborel) \u2013 Mat\u00fa\u0161, Juraj a Michal. Detail matri\u010dn\u00e9ho z\u00e1pisu z roku 1708 o krste syna J\u00e1na Rozborila a jeho \u017eeny Barbary Michala.<\/p>\n<p>V Skalici v\u0161ak toto priezvisko zmizlo a\u00a0na \u010fal\u0161\u00ed z\u00e1znam sme si museli po\u010dka\u0165 a\u017e do konca 18. storo\u010dia. Vtedy sa v\u00a0Skalici uskuto\u010dnil krst dc\u00e9ry gbelsk\u00fdch obyvate\u013eov Tom\u00e1\u0161a Rozborila a\u00a0Al\u017ebety, rod. Horv\u00e1tikovej, s\u00a0menom Barbara (*1795). Pre\u010do krstili svoje die\u0165a v\u00a0Skalici sa asi u\u017e nedozvieme, preto\u017ee aj krstn\u00ed rodi\u010dia boli z\u00a0Gbiel. Priezvisko Rozboril sa v\u00a0priebehu 18. a\u00a019. storo\u010d\u00ed zo Skalice vytratilo \u00faplne a\u00a0stalo sa prakticky priezviskom gbelsk\u00fdm. V\u00a0priebehu 19. storo\u010dia gbelsk\u00e9 matriky zaznamenali krst 353 det\u00ed, ktor\u00e9 sa narodili v\u00a0Gbeloch Rozborilovcom, \u010do je \u00factyhodn\u00fd po\u010det. A\u00a0t\u00edto sa potom pravdepodobne postarali o\u00a0to, \u017ee priezvisko Rozboril patr\u00ed dnes v\u00a0Skalici medzi po\u010detnej\u0161ie. Pri s\u010d\u00edtan\u00ed obyvate\u013estva ku koncu 20. storo\u010dia (1995) \u017eili v\u00a0Skalici s\u00a0priezviskom Rozboril 15 mu\u017ei. Najviac ich b\u00fdvalo v\u00a0Gbeloch a\u00a0to 43. Priezvisko Rozborilov\u00e1 nosilo v\u00a0Skalici 14 \u017eien. Najviac na Slovensku ich zasa bolo v\u00a0Gbeloch, a\u00a0to 46.<\/p>\n<figure id=\"attachment_4784\" aria-describedby=\"caption-attachment-4784\" style=\"width: 1014px\" class=\"wp-caption aligncenter\"><img loading=\"lazy\" decoding=\"async\" class=\"size-full wp-image-4784\" src=\"http:\/\/skalickyobzor.sk\/cms\/wp-content\/uploads\/2021\/10\/2.jpg\" alt=\"\" width=\"1014\" height=\"203\" srcset=\"http:\/\/skalickyobzor.sk\/cms\/wp-content\/uploads\/2021\/10\/2.jpg 1014w, http:\/\/skalickyobzor.sk\/cms\/wp-content\/uploads\/2021\/10\/2-300x60.jpg 300w, http:\/\/skalickyobzor.sk\/cms\/wp-content\/uploads\/2021\/10\/2-768x154.jpg 768w\" sizes=\"auto, (max-width: 1014px) 100vw, 1014px\" \/><figcaption id=\"caption-attachment-4784\" class=\"wp-caption-text\">Detail matri\u010dn\u00e9ho z\u00e1pisu z\u00a0roku 1708 o\u00a0krste syna Michala rodi\u010dov J\u00e1na Rozborila a\u00a0jeho \u017eeny Barbary<\/figcaption><\/figure>\n<p>V\u00a0s\u00fa\u010dasnosti \u017eije v\u00a0Skalici 13 mu\u017eov, ktor\u00ed maj\u00fa v\u00a0ob\u010dianskom preukaze zap\u00edsan\u00e9 priezvisko Rozboril a\u00a09 \u017eien s\u00a0priezviskom Rozborilov\u00e1. Najzn\u00e1mej\u0161\u00edm nosite\u013eom tohto priezviska je v\u00a0s\u00fa\u010dasnosti na Slovensku asi moder\u00e1tor a\u00a0zab\u00e1va\u010d Vilo Rozboril, ktor\u00fd v\u0161ak poch\u00e1dza z\u00a0Ilavy. V\u00a0Skalici je pravdepodobne najzn\u00e1mej\u0161ou nosite\u013ekou tohto priezviska ved\u00faca mestskej kni\u017enice \u013duba Rozborilov\u00e1, ktor\u00e1 vie svojimi vedomos\u0165ami o\u00a0dejin\u00e1ch skalick\u00fdch historick\u00fdch budov pote\u0161i\u0165 nejedn\u00e9ho n\u00e1v\u0161tevn\u00edka Skalice.<\/p>\n<p>&nbsp;<\/p>\n<p><em>Mgr. Vladim\u00edr Petrovi\u010d,<\/em><br \/>\n<em>geneal\u00f3g a\u00a0historik<\/em><\/p>\n","protected":false},"excerpt":{"rendered":"<div class=\"mh-excerpt\"><p>Pri t\u00fdchto priezvisk\u00e1ch nemus\u00edme dlho rozm\u00fd\u0161\u013ea\u0165 ako vznikli. Jednoducho pri\u0161iel \u010dlovek a v\u0161etko, \u010doho sa chytil, zboril, \u010di rozboril. Mo\u017eno to bol dobyvate\u013e a mo\u017eno sa chcel aj pochv\u00e1li\u0165, preto to aj nieko\u013ekokr\u00e1t slovne okomentoval <a class=\"mh-excerpt-more\" href=\"http:\/\/skalickyobzor.sk\/cms\/skalicke-priezviska-xv-co-zboril-aj-rozboril\/\" title=\"Skalick\u00e9 priezvisk\u00e1 XV &#8211; \u010co Zboril aj Rozboril\">[&#8230;]<\/a><\/p>\n<\/div>","protected":false},"author":48,"featured_media":17,"comment_status":"closed","ping_status":"closed","sticky":false,"template":"","format":"standard","meta":{"footnotes":""},"categories":[25],"tags":[],"class_list":{"0":"post-4782","1":"post","2":"type-post","3":"status-publish","4":"format-standard","5":"has-post-thumbnail","7":"category-skalicke-priezviska"},"_links":{"self":[{"href":"http:\/\/skalickyobzor.sk\/cms\/wp-json\/wp\/v2\/posts\/4782","targetHints":{"allow":["GET"]}}],"collection":[{"href":"http:\/\/skalickyobzor.sk\/cms\/wp-json\/wp\/v2\/posts"}],"about":[{"href":"http:\/\/skalickyobzor.sk\/cms\/wp-json\/wp\/v2\/types\/post"}],"author":[{"embeddable":true,"href":"http:\/\/skalickyobzor.sk\/cms\/wp-json\/wp\/v2\/users\/48"}],"replies":[{"embeddable":true,"href":"http:\/\/skalickyobzor.sk\/cms\/wp-json\/wp\/v2\/comments?post=4782"}],"version-history":[{"count":1,"href":"http:\/\/skalickyobzor.sk\/cms\/wp-json\/wp\/v2\/posts\/4782\/revisions"}],"predecessor-version":[{"id":4785,"href":"http:\/\/skalickyobzor.sk\/cms\/wp-json\/wp\/v2\/posts\/4782\/revisions\/4785"}],"wp:featuredmedia":[{"embeddable":true,"href":"http:\/\/skalickyobzor.sk\/cms\/wp-json\/wp\/v2\/media\/17"}],"wp:attachment":[{"href":"http:\/\/skalickyobzor.sk\/cms\/wp-json\/wp\/v2\/media?parent=4782"}],"wp:term":[{"taxonomy":"category","embeddable":true,"href":"http:\/\/skalickyobzor.sk\/cms\/wp-json\/wp\/v2\/categories?post=4782"},{"taxonomy":"post_tag","embeddable":true,"href":"http:\/\/skalickyobzor.sk\/cms\/wp-json\/wp\/v2\/tags?post=4782"}],"curies":[{"name":"wp","href":"https:\/\/api.w.org\/{rel}","templated":true}]}}