{"id":4786,"date":"2021-10-22T00:07:08","date_gmt":"2021-10-21T22:07:08","guid":{"rendered":"http:\/\/skalickyobzor.sk\/cms\/?p=4786"},"modified":"2021-10-22T00:55:32","modified_gmt":"2021-10-21T22:55:32","slug":"dive-husi","status":"publish","type":"post","link":"http:\/\/skalickyobzor.sk\/cms\/dive-husi\/","title":{"rendered":"Div\u00e9 husi"},"content":{"rendered":"<p>V roku 2003, hne\u010f r\u00e1no prv\u00fd de\u0148 po viano\u010dn\u00fdch sviatkoch, som videla letie\u0165 smerom na juh ve\u013ek\u00fd k\u0155de\u013e div\u00fdch hus\u00ed. A\u017e do tohoto \u010dasu ich v na\u0161ich krajoch zdr\u017eala tepl\u00e1 jese\u0148. F\u00fakal siln\u00fd z\u00e1padn\u00fd vietor a\u00a0zan\u00e1\u0161al ich smerom na v\u00fdchod. Prudk\u00fd n\u00e1por vetra rozbil k\u0155de\u013e asi na tri pr\u00fady, medzi ktor\u00fdmi jednotliv\u00e9 husi poletovali, h\u013eadaj\u00fac, ku ktor\u00e9mu pr\u00fadu by sa mohli prida\u0165. Naraz vietor z\u00a0\u201echvosta\u201c jedn\u00e9ho pr\u00fadu tri husi odrazil a\u00a0niesol ich \u010falej na v\u00fdchod. Zrazu som videla ako sa z\u00a0toho v\u00e4\u010d\u0161ieho pr\u00fadu \u010fal\u0161ie dve husi oddelili a\u00a0cielene leteli k\u00a0t\u00fdm str\u00e1caj\u00facim sa trom. U\u017e ich takmer dosiahli, ke\u010f vietor odrazu uchytil t\u00fa asi najslab\u0161iu a\u00a0tla\u010dil ju od k\u0155d\u013ea e\u0161te \u010falej. Zvy\u0161n\u00e9 \u0161tyri sa za \u0148ou zato\u010dili, \u201epodobrali\u201c ju, sformovali sa do typickej jednotky a\u00a0nabrali kurz sp\u00e4\u0165 k\u00a0ve\u013ek\u00e9mu k\u0155d\u013eu. Vz\u00e1p\u00e4t\u00ed sa mi v\u0161etky stratili z\u00a0o\u010d\u00ed &#8230;<\/p>\n<p>V\u010faka Ti, Pane, za tento z\u00e1\u017eitok! Vt\u00e1k, ku ktor\u00e9mu s opovrhnut\u00edm prirovn\u00e1vame: si hl\u00fapa ako hus! A h\u013ea, ak\u00fd pr\u00edklad vz\u00e1jomnej pomoci! Neopustia svojich, pom\u00f4\u017eu najslab\u0161\u00edm, aby spolo\u010dne prekonali \u010falek\u00fa cestu, aj za cenu rizika, \u017ee sa sam\u00e9 u\u017e sp\u00e4\u0165 k ve\u013ek\u00e9mu k\u0155d\u013eu nedostan\u00fa, alebo dokonca ani do cie\u013ea cesty. Aj to je Bo\u017eie stvorenie, nesie v sebe pe\u010da\u0165 Stvorite\u013eovej m\u00fadrosti. Je to d\u00f4kaz, \u017ee s\u00fadr\u017enos\u0165, spolupatri\u010dnos\u0165, vz\u00e1jomn\u00e1 pomoc, pomoc silnej\u0161\u00edch slab\u0161\u00edm, nie je v\u00fdsadou \u010dloveka. Nie je to nie\u010do, \u010d\u00edm by sme sa mohli p\u00fd\u0161i\u0165 ako svojim vlastn\u00fdm produktom. Je n\u00e1m to dan\u00e9 \u201ezhora\u201c, tak ako aj t\u00fdm husiam alebo in\u00fdm \u017eiv\u00fdm tvorom v\u00a0pr\u00edrode. Ako v\u0161ak s\u00a0t\u00fdmto darom nar\u00e1bame? Ako sme my so vz\u00e1jomn\u00fdm pom\u00e1han\u00edm?<\/p>\n<p>&nbsp;<\/p>\n<p><em>Elena Spev\u00e1kov\u00e1<\/em><\/p>\n","protected":false},"excerpt":{"rendered":"<div class=\"mh-excerpt\"><p>V roku 2003, hne\u010f r\u00e1no prv\u00fd de\u0148 po viano\u010dn\u00fdch sviatkoch, som videla letie\u0165 smerom na juh ve\u013ek\u00fd k\u0155de\u013e div\u00fdch hus\u00ed. A\u017e do tohoto \u010dasu ich v na\u0161ich krajoch zdr\u017eala tepl\u00e1 jese\u0148. F\u00fakal siln\u00fd z\u00e1padn\u00fd vietor <a class=\"mh-excerpt-more\" href=\"http:\/\/skalickyobzor.sk\/cms\/dive-husi\/\" title=\"Div\u00e9 husi\">[&#8230;]<\/a><\/p>\n<\/div>","protected":false},"author":23,"featured_media":952,"comment_status":"closed","ping_status":"closed","sticky":false,"template":"","format":"standard","meta":{"footnotes":""},"categories":[8],"tags":[],"class_list":{"0":"post-4786","1":"post","2":"type-post","3":"status-publish","4":"format-standard","5":"has-post-thumbnail","7":"category-obzor-seniorov"},"_links":{"self":[{"href":"http:\/\/skalickyobzor.sk\/cms\/wp-json\/wp\/v2\/posts\/4786","targetHints":{"allow":["GET"]}}],"collection":[{"href":"http:\/\/skalickyobzor.sk\/cms\/wp-json\/wp\/v2\/posts"}],"about":[{"href":"http:\/\/skalickyobzor.sk\/cms\/wp-json\/wp\/v2\/types\/post"}],"author":[{"embeddable":true,"href":"http:\/\/skalickyobzor.sk\/cms\/wp-json\/wp\/v2\/users\/23"}],"replies":[{"embeddable":true,"href":"http:\/\/skalickyobzor.sk\/cms\/wp-json\/wp\/v2\/comments?post=4786"}],"version-history":[{"count":1,"href":"http:\/\/skalickyobzor.sk\/cms\/wp-json\/wp\/v2\/posts\/4786\/revisions"}],"predecessor-version":[{"id":4787,"href":"http:\/\/skalickyobzor.sk\/cms\/wp-json\/wp\/v2\/posts\/4786\/revisions\/4787"}],"wp:featuredmedia":[{"embeddable":true,"href":"http:\/\/skalickyobzor.sk\/cms\/wp-json\/wp\/v2\/media\/952"}],"wp:attachment":[{"href":"http:\/\/skalickyobzor.sk\/cms\/wp-json\/wp\/v2\/media?parent=4786"}],"wp:term":[{"taxonomy":"category","embeddable":true,"href":"http:\/\/skalickyobzor.sk\/cms\/wp-json\/wp\/v2\/categories?post=4786"},{"taxonomy":"post_tag","embeddable":true,"href":"http:\/\/skalickyobzor.sk\/cms\/wp-json\/wp\/v2\/tags?post=4786"}],"curies":[{"name":"wp","href":"https:\/\/api.w.org\/{rel}","templated":true}]}}