{"id":48,"date":"2017-11-01T00:14:53","date_gmt":"2017-10-31T23:14:53","guid":{"rendered":"http:\/\/skalickyobzor.sk\/cms\/?p=48"},"modified":"2018-06-14T17:37:27","modified_gmt":"2018-06-14T15:37:27","slug":"mame-noveho-hlavneho-kontrolora-mesta","status":"publish","type":"post","link":"http:\/\/skalickyobzor.sk\/cms\/mame-noveho-hlavneho-kontrolora-mesta\/","title":{"rendered":"M\u00e1me nov\u00e9ho hlavn\u00e9ho kontrol\u00f3ra mesta"},"content":{"rendered":"<p><strong>Na rokovan\u00ed Mestsk\u00e9ho zastupite\u013estva v Skalici, ktor\u00e9 sa konalo 27. septembra, sa uskuto\u010dnila vo\u013eba hlavn\u00e9ho kontrol\u00f3ra mesta. Tajn\u00fdm hlasovan\u00edm poslancov bol zo \u0161tyroch kandid\u00e1tov do funkcie zvolen\u00fd Gejza Liska.<\/strong><\/p>\n<p><!--more--><\/p>\n<p>Kontakt je uverejnen\u00fd na ofici\u00e1lnej internetovej str\u00e1nke mesta www.skalica.sk. V\u00fdznam funkcie kontrol\u00f3ra verejnos\u0165 m\u00e1lo vn\u00edma. Kontrol\u00f3r je jedin\u00fdm kontroln\u00fdm mechanizmom pre doh\u013ead nad spr\u00e1vou majetku a financiami mesta. Jedn\u00fdm z pr\u00edjmov mesta s\u00fa (okrem podielu \u0161t\u00e1tnych dan\u00ed) aj miestne dane a poplatky, napr\u00edklad dane z pozemku, stavieb, poplatok za komun\u00e1lne odpady a podobne.<\/p>\n<p>V\u00fdznamn\u00fd podiel pr\u00edjmu mesta teda tvoria financie od ob\u010danov a podnikate\u013esk\u00fdch subjektov. S\u00fa\u010dasne s\u00fa na mesto prenesen\u00e9 kompetencie \u0161t\u00e1tu, na ktor\u00e9 samospr\u00e1va dost\u00e1va do rozpo\u010dtu potrebn\u00e9 financie, napr\u00edklad na \u0161kolstvo, soci\u00e1lne slu\u017eby a podobne. Preto\u017ee kontrol\u00f3r m\u00e1 v\u00fdznamn\u00fd vplyv na spr\u00e1vne hospod\u00e1renie mesta, skr\u00e1tene prin\u00e1\u0161ame jeho postavenie a \u00falohu.<\/p>\n<p>Postavenie, \u00falohy, ako aj pr\u00e1va a povinnosti hlavn\u00e9ho kontrol\u00f3ra vymedzuje z\u00e1kon o obecnom zriaden\u00ed \u010d. 369\/1990 Z. z. Hlavn\u00e9ho kontrol\u00f3ra vol\u00ed a odvol\u00e1va mestsk\u00e9 zastupite\u013estvo. Jeho funk\u010dn\u00e9 obdobie trv\u00e1 6 rokov a za\u010d\u00edna d\u0148om, ktor\u00fd je ur\u010den\u00fd ako de\u0148 n\u00e1stupu do pr\u00e1ce. Hlavn\u00fd kontrol\u00f3r je zamestnancom obce.<\/p>\n<p>Na zasadnutiach mestsk\u00e9ho zastupite\u013estva a mestskej rady sa z\u00fa\u010dast\u0148uje s hlasom poradn\u00fdm. Zodpovednos\u0165 kontrol\u00f3ra je nezastupite\u013en\u00e1 a pri zisten\u00ed nedostatkov mu z\u00e1kon uklad\u00e1 kroky od \u010dinnosti smeruj\u00facej k n\u00e1prave vo vn\u00fatri obce, cez informovanie ministerstva financi\u00ed a\u017e po podanie podnetu na prokurat\u00faru v pr\u00edpade, \u017ee nepr\u00edde k n\u00e1prave pochybenia. Prokurat\u00fara je jedin\u00fdm org\u00e1nom, ktor\u00fd m\u00f4\u017ee zasiahnu\u0165 do kompetenci\u00ed mesta.<\/p>\n<pre>OT\u00c1ZKA PRE HLAVN\u00c9HO KONTROL\u00d3RA\r\n\r\n<strong>Novozvolen\u00e9ho hlavn\u00e9ho kontrol\u00f3ra mesta Skalica Gejzu Lisku sme sa op\u00fdtali na jeho prvotn\u00e9 pl\u00e1ny:<\/strong> \r\n\r\n\u201e<em>Moj\u00edm cie\u013eom v spojitosti s v\u00fdkonom funkcie hlavn\u00e9ho kontrol\u00f3ra mesta Skalica je zabezpe\u010di\u0165 otvorenos\u0165 kontroln\u00fdch \u010dinnost\u00ed vo\u010di prim\u00e1torovi a cel\u00e9mu poslaneck\u00e9mu zboru. Svoju pr\u00e1cu chcem a budem vykon\u00e1va\u0165 na \u010do najvy\u0161\u0161ej odbornej \u00farovni, nez\u00e1visle od vonkaj\u0161\u00edch vplyvov a v s\u00falade s platn\u00fdmi z\u00e1konmi a predpismi tak, aby to bolo v z\u00e1ujme mesta a jeho obyvate\u013eov. V pl\u00e1ne kontrolnej \u010dinnosti na I. polrok 2018, vyhotovenom hlavn\u00fdm kontrol\u00f3rom mesta, bud\u00fa jedn\u00fdm z bodov \u201ekontroly vykon\u00e1van\u00e9 na z\u00e1klade podan\u00fdch n\u00e1vrhov ob\u010danov mesta Skalica<\/em>\u201c. \r\n\r\nOb\u010dania sa tak bud\u00fa m\u00f4c\u0165 akt\u00edvne podie\u013ea\u0165 na kontrolnej \u010dinnosti samospr\u00e1vy, \u010do v Skalici doteraz nebolo zau\u017e\u00edvan\u00e9. Ob\u010dania uveden\u00fa inform\u00e1ciu n\u00e1jdu aj na \u00faradnej tabuli mesta na www.skalica.sk\/uradna-tabula.<\/pre>\n<p>&nbsp;<\/p>\n<h3>Kontrolnej \u010dinnosti kontrol\u00f3ra podlieha:<\/h3>\n<ul>\n<li>obecn\u00fd \u00farad,<\/li>\n<li>rozpo\u010dtov\u00e9 a pr\u00edspevkov\u00e9 organiz\u00e1cie zriaden\u00e9 obcou,<\/li>\n<li>pr\u00e1vnick\u00e9 osoby, v ktor\u00fdch m\u00e1 obec majetkov\u00fa \u00fa\u010das\u0165 (napr. SMM),<\/li>\n<li>osoby, ktor\u00fdm boli poskytnut\u00e9 z rozpo\u010dtu obce \u00fa\u010delov\u00e9 dot\u00e1cie, at\u010f\u2026<\/li>\n<\/ul>\n<p>&nbsp;<\/p>\n<h3>Kontrolnou \u010dinnos\u0165ou sa rozumie:<\/h3>\n<ul>\n<li>kontrola z\u00e1konnosti, \u00fa\u010dinnosti, hospod\u00e1rnosti a efekt\u00edvnosti pri hospod\u00e1ren\u00ed,<\/li>\n<li>kontrola pr\u00edjmov, v\u00fddavkov a finan\u010dn\u00fdch oper\u00e1ci\u00ed obce,<\/li>\n<li>kontrola vybavovania s\u0165a\u017enost\u00ed a pet\u00edci\u00ed,<\/li>\n<li>kontrola dodr\u017eiavania v\u0161eobecne z\u00e1v\u00e4zn\u00fdch pr\u00e1vnych predpisov vr\u00e1tane nariaden\u00ed obce,<\/li>\n<li>kontrola plnenia uznesen\u00ed obecn\u00e9ho zastupite\u013estva at\u010f\u2026<\/li>\n<\/ul>\n<p>&nbsp;<\/p>\n<h3>Funkcia hlavn\u00e9ho kontrol\u00f3ra je nezlu\u010dite\u013en\u00e1 s funkciou:<\/h3>\n<ul>\n<li>poslanca obecn\u00e9ho zastupite\u013estva,<\/li>\n<li>starostu,<\/li>\n<li>\u010dlena org\u00e1nu pr\u00e1vnickej osoby, ktorej zria\u010fovate\u013eom alebo zakladate\u013eom je obec, at\u010f.<\/li>\n<\/ul>\n<p>&nbsp;<\/p>\n<h3>\u010cinnosti kontrol\u00f3ra okrem kontroln\u00fdch:<\/h3>\n<ul>\n<li>vyprac\u00fava odborn\u00e9 stanovisk\u00e1 k n\u00e1vrhu rozpo\u010dtu a z\u00e1vere\u010dn\u00e9mu \u00fa\u010dtu mesta,<\/li>\n<li>predklad\u00e1 mestsk\u00e9mu zastupitete\u013estvu v\u00fdsledky kontroly,<\/li>\n<li>predklad\u00e1 najmenej raz ro\u010dne spr\u00e1vu o v\u00fdsledkoch kontrolnej \u010dinnosti,<\/li>\n<li>vedie centr\u00e1lnu evidenciu s\u0165a\u017enost\u00ed pod\u013ea z\u00e1k. \u010d. 152\/1998 Z. z.,<\/li>\n<li>vybavuje s\u0165a\u017enosti a podnety ob\u010danov, ktor\u00e9 boli podan\u00e9 na org\u00e1ny mesta a zamestnancov mesta, pokia\u013e tu nie je osobitn\u00e1 pr\u00e1vna \u00faprava, a in\u00e9.<\/li>\n<\/ul>\n<p>&nbsp;<\/p>\n","protected":false},"excerpt":{"rendered":"<div class=\"mh-excerpt\"><p>Na rokovan\u00ed Mestsk\u00e9ho zastupite\u013estva v Skalici, ktor\u00e9 sa konalo 27. septembra, sa uskuto\u010dnila vo\u013eba hlavn\u00e9ho kontrol\u00f3ra mesta. Tajn\u00fdm hlasovan\u00edm poslancov bol zo \u0161tyroch kandid\u00e1tov do funkcie zvolen\u00fd Gejza Liska.<\/p>\n<\/div>","protected":false},"author":1,"featured_media":239,"comment_status":"closed","ping_status":"closed","sticky":false,"template":"","format":"standard","meta":{"footnotes":""},"categories":[5],"tags":[],"class_list":{"0":"post-48","1":"post","2":"type-post","3":"status-publish","4":"format-standard","5":"has-post-thumbnail","7":"category-toto-sa-nas-tyka"},"_links":{"self":[{"href":"http:\/\/skalickyobzor.sk\/cms\/wp-json\/wp\/v2\/posts\/48","targetHints":{"allow":["GET"]}}],"collection":[{"href":"http:\/\/skalickyobzor.sk\/cms\/wp-json\/wp\/v2\/posts"}],"about":[{"href":"http:\/\/skalickyobzor.sk\/cms\/wp-json\/wp\/v2\/types\/post"}],"author":[{"embeddable":true,"href":"http:\/\/skalickyobzor.sk\/cms\/wp-json\/wp\/v2\/users\/1"}],"replies":[{"embeddable":true,"href":"http:\/\/skalickyobzor.sk\/cms\/wp-json\/wp\/v2\/comments?post=48"}],"version-history":[{"count":6,"href":"http:\/\/skalickyobzor.sk\/cms\/wp-json\/wp\/v2\/posts\/48\/revisions"}],"predecessor-version":[{"id":54,"href":"http:\/\/skalickyobzor.sk\/cms\/wp-json\/wp\/v2\/posts\/48\/revisions\/54"}],"wp:featuredmedia":[{"embeddable":true,"href":"http:\/\/skalickyobzor.sk\/cms\/wp-json\/wp\/v2\/media\/239"}],"wp:attachment":[{"href":"http:\/\/skalickyobzor.sk\/cms\/wp-json\/wp\/v2\/media?parent=48"}],"wp:term":[{"taxonomy":"category","embeddable":true,"href":"http:\/\/skalickyobzor.sk\/cms\/wp-json\/wp\/v2\/categories?post=48"},{"taxonomy":"post_tag","embeddable":true,"href":"http:\/\/skalickyobzor.sk\/cms\/wp-json\/wp\/v2\/tags?post=48"}],"curies":[{"name":"wp","href":"https:\/\/api.w.org\/{rel}","templated":true}]}}