{"id":4802,"date":"2021-10-22T00:15:31","date_gmt":"2021-10-21T22:15:31","guid":{"rendered":"http:\/\/skalickyobzor.sk\/cms\/?p=4802"},"modified":"2021-10-22T00:56:15","modified_gmt":"2021-10-21T22:56:15","slug":"odlozene-vyrocie","status":"publish","type":"post","link":"http:\/\/skalickyobzor.sk\/cms\/odlozene-vyrocie\/","title":{"rendered":"Odlo\u017een\u00e9 v\u00fdro\u010die"},"content":{"rendered":"<p><em><strong>Takmer presne pred rokom osl\u00e1vila okr\u00fahle 60. narodeniny kr\u00e1sna, v\u00e1\u017een\u00e1 a\u00a0cten\u00e1 d\u00e1ma \u2013 Stredn\u00e1 zdravotn\u00edcka \u0161kola v\u00a0Skalici. V\u00a0\u010dase siln\u00fdch protiepidemick\u00fdch opatren\u00ed zanikli snahy o\u00a0d\u00f4stojn\u00e9 oslavy v\u00fdro\u010dia a\u00a0v\u0161etky aktivity, ktor\u00e9 ich mali sprev\u00e1dza\u0165. Svedectvom ostane bro\u017e\u00fara, ktor\u00fa \u0161kola vydala a\u00a0ktor\u00e1 predstavuje predov\u0161etk\u00fdm jej s\u00fa\u010dasn\u00fd \u017eivot a\u00a0organiz\u00e1ciu. Predov\u0161etk\u00fdm o\u00a0bli\u017e\u0161\u00edch poh\u013eadoch do vn\u00fatra \u0161koly, o\u00a0sk\u00fasenostiach, minulosti, bud\u00facnosti, \u00faspechoch a\u00a0pl\u00e1noch, je rozhovor, ktor\u00fd na tomto mieste prin\u00e1\u0161ame. O\u00a0ochotu podeli\u0165 sa s\u00a0nami o\u00a0svoje my\u0161lienky a\u00a0postoje sme poprosili dve najpovolanej\u0161ie \u2013 riadite\u013eku SZ\u0160 Mgr. \u013dudmilu B\u00e1bikov\u00fa a\u00a0jej predchodky\u0148u PhDr. Em\u00edliu Pot\u00fa\u010dkov\u00fa.<\/strong><\/em><\/p>\n<p><strong>Na \u00favod by bolo zauj\u00edmav\u00e9 dozvedie\u0165 sa, pani B\u00e1bikov\u00e1, ako ste sa dostali k\u00a0zdravotn\u00edctvu. Vy ste za\u010d\u00ednali ako pedag\u00f3g na z\u00e1kladnej \u0161kole.<\/strong><br \/>\n<strong>\u013dB:<\/strong> U\u017e od detstva som sa chcela sta\u0165 u\u010dite\u013ekou po vzore m\u00f4jho otca, ktor\u00fd, mimochodom, v\u00e4\u010d\u0161inu svojho profesijn\u00e9ho \u017eivota p\u00f4sobil v Skalici a Skalicu miluje dodnes. Po absolvovan\u00ed pr\u00edrodovedeckej fakulty v Bratislave som nast\u00fapila ako u\u010dite\u013eka matematiky a ch\u00e9mie na Z\u00e1kladn\u00fa \u0161kolu na Vajansk\u00e9ho v Skalici. Tieto roky boli pre m\u0148a ve\u013emi d\u00f4le\u017eit\u00e9. Stretla som tu skvel\u00fdch, sk\u00fasenej\u0161\u00edch kolegov, od ktor\u00fdch som sa ve\u013ea nau\u010dila. Napriek tomu, \u017ee som si po absolvovan\u00ed vysokej \u0161koly myslela, \u017ee viem \u00faplne v\u0161etko. Po \u0161iestich rokoch na z\u00e1kladnej \u0161kole som odi\u0161la na matersk\u00fa dovolenku. Ke\u010f som sa pl\u00e1novala do zamestnania vr\u00e1ti\u0165, \u00faplnou n\u00e1hodou som objavila inzer\u00e1t, v ktorom Stredn\u00e1 zdravotn\u00edcka \u0161kola v Skalici h\u013eadala u\u010dite\u013ea matematiky, ch\u00e9mie a informatiky. Ve\u013emi ma oslovil. Na inzer\u00e1t som zareagovala a na miesto u\u010dite\u013eky v Strednej zdravotn\u00edckej \u0161kole v Skalici ma prijali. Vtedy som ani len netu\u0161ila, \u017ee sa niekedy stanem riadite\u013ekou tejto \u0161koly. Prij\u00edmal ma vtedaj\u0161\u00ed riadite\u013e \u0161koly p\u00e1n RNDr. Anton Dinka, v\u00fdrazn\u00e1 skalick\u00e1 osobnos\u0165. Ve\u013emi si v\u00e1\u017eim, \u017ee som ho mohla bli\u017e\u0161ie spozna\u0165 a\u00a0spolupracova\u0165 s\u00a0n\u00edm.<\/p>\n<div id=\"poslanci\">\n<div class=\"poslanec\">\n<div class=\"foto\"><img decoding=\"async\" src=\"http:\/\/skalickyobzor.sk\/cms\/wp-content\/uploads\/2021\/10\/IMG_6188-34-261x300.jpg\" \/><\/div>\n<div class=\"meno\">Riadite\u013eka PhDr. Em\u00edlia Pot\u00fa\u010dkov\u00e1<br \/>\n(2004-2014)<\/div>\n<\/div>\n<div class=\"poslanec\">\n<div class=\"foto\"><img decoding=\"async\" src=\"http:\/\/skalickyobzor.sk\/cms\/wp-content\/uploads\/2021\/10\/foto2-247x300.jpg\" \/><\/div>\n<div class=\"meno\">Riadite\u013eka Mgr. \u013dudmila B\u00e1bikov\u00e1<br \/>\n(2014-doteraz)<\/div>\n<\/div>\n<\/div>\n<p><strong>Tak\u017ee, sa z\u00a0v\u00e1s stala \u201ezdravo\u0165\u00e1\u010dka\u201c takto jednoducho, cez inzer\u00e1t?<\/strong><br \/>\n<strong>\u013dB:<\/strong> Zdravotn\u00edctvo je oblas\u0165, s\u00a0ktorou ka\u017ed\u00fd z\u00a0n\u00e1s prich\u00e1dza do ve\u013emi \u00fazkeho kontaktu od mali\u010dka a\u00a0nadob\u00fada k\u00a0nej chtiac-nechtiac nejak\u00fd vz\u0165ah. Ten m\u00f4j sa tvoril ve\u013emi pozit\u00edvny od \u00fatleho detstva, aj v\u010faka m\u00f4jmu detsk\u00e9mu lek\u00e1rovi MUDr. Tak\u00e1csovi a\u00a0detsk\u00fdm sestr\u00e1m, ktor\u00e9 v\u00a0jeho ambulancii pracovali. Moja starenka pracovala ako pomocn\u00e1 sila v\u00a0lek\u00e1rni v\u00a0Rado\u0161ovciach a\u00a0maminka bola dlh\u00e9 roky zamestnan\u00e1 ako administrat\u00edvna pracovn\u00ed\u010dka na riadite\u013estve senickej polikliniky, respekt\u00edve na riadite\u013estve O\u00daNZ v\u00a0Senici. M\u00f4j o\u00a0rok star\u0161\u00ed brat je lek\u00e1r. Oblas\u0165 zdravotn\u00edctva mi, teda, bola ve\u013emi bl\u00edzka.<\/p>\n<p><strong>Ako to bolo u\u00a0v\u00e1s, pani Pot\u00fa\u010dkov\u00e1?<\/strong><br \/>\n<strong>EP:<\/strong> U\u017e ako die\u0165a ma toto povolanie l\u00e1kalo. Mala som \u010dasto zlomeniny, tak\u017ee rodi\u010dia chodili so mnou na o\u0161etrenie do nemocnice v Myjave. A tam to za\u010dalo. V\u00f4bec mi nevadilo, \u017ee m\u00e1m zlomeninu, len, ke\u010f som sa mohla dosta\u0165 do nemocnice. Pri jednej komplikovanej zlomenine z\u00e1p\u00e4stia si ma tam chceli dokonca aj necha\u0165, \u010domu som sa ja ve\u013emi pote\u0161ila, no otecko povedal, \u017ee doma m\u00e1me tridsa\u0165 hus\u00ed a kto by ich p\u00e1sol. Tak som so slzami v o\u010diach i\u0161la domov. Fascinovala ma v\u00f4\u0148a nemocnice, sestri\u010dky pekne upraven\u00e9 (vtedy mali aj \u010dep\u010deky) a ich pr\u00edjemn\u00fd pr\u00edstup k pacientom. T\u00fa\u017eba sta\u0165 sa sestri\u010dkou ma nikdy neopustila. Dodnes moji kamar\u00e1ti spom\u00ednaj\u00fa ako som ich ako\u017ee operovala a o\u0161etrovala, ke\u010f sme p\u00e1sli husi. V tom obdob\u00ed nebolo be\u017en\u00e9, aby die\u0165a z kopan\u00edc i\u0161lo \u0161tudova\u0165 na stredn\u00fa \u0161kolu. Moje sesternice zostali pracova\u0165 v dru\u017estve, no ja som sa m\u00f4jho sna nevzdala a prihl\u00e1sila som sa na Stredn\u00fa zdravotn\u00edcku \u0161kolu v Skalici. Ke\u010f ma na \u0161t\u00fadium prijali, bola som naj\u0161\u0165astnej\u0161\u00ed \u010dlovek na svete. Vn\u00fatorn\u00fd, siln\u00fd pocit pom\u00e1ha\u0165 in\u00fdm som mohla za\u010da\u0165 realizova\u0165. Chcela som po maturite pokra\u010dova\u0165 v \u0161t\u00fadiu na lek\u00e1rskej fakulte, ale tam som sa nedostala, aj napriek v\u00fdborne zvl\u00e1dnut\u00fdm prij\u00edmac\u00edm sk\u00fa\u0161kam, nako\u013eko v posudku z\u00a0MNV bolo, \u017ee moji rodi\u010dia vyst\u00fapili z\u00a0jednotn\u00e9ho ro\u013en\u00edckeho dru\u017estva a\u00a0s\u00fa proti\u0161t\u00e1tne \u017eivly.<\/p>\n<figure id=\"attachment_4819\" aria-describedby=\"caption-attachment-4819\" style=\"width: 820px\" class=\"wp-caption aligncenter\"><img loading=\"lazy\" decoding=\"async\" class=\"wp-image-4819 size-full\" src=\"http:\/\/skalickyobzor.sk\/cms\/wp-content\/uploads\/2021\/10\/Slavnostne-otvorenie-skoly-15.9.1960-Archiv-SZS-_2.jpg\" alt=\"\" width=\"820\" height=\"563\" srcset=\"http:\/\/skalickyobzor.sk\/cms\/wp-content\/uploads\/2021\/10\/Slavnostne-otvorenie-skoly-15.9.1960-Archiv-SZS-_2.jpg 820w, http:\/\/skalickyobzor.sk\/cms\/wp-content\/uploads\/2021\/10\/Slavnostne-otvorenie-skoly-15.9.1960-Archiv-SZS-_2-300x206.jpg 300w, http:\/\/skalickyobzor.sk\/cms\/wp-content\/uploads\/2021\/10\/Slavnostne-otvorenie-skoly-15.9.1960-Archiv-SZS-_2-768x527.jpg 768w\" sizes=\"auto, (max-width: 820px) 100vw, 820px\" \/><figcaption id=\"caption-attachment-4819\" class=\"wp-caption-text\">Sl\u00e1vnostn\u00e9 otvorenie \u0161koly 15. 9. 1960<\/figcaption><\/figure>\n<figure id=\"attachment_4820\" aria-describedby=\"caption-attachment-4820\" style=\"width: 808px\" class=\"wp-caption aligncenter\"><img loading=\"lazy\" decoding=\"async\" class=\"wp-image-4820 size-full\" src=\"http:\/\/skalickyobzor.sk\/cms\/wp-content\/uploads\/2021\/10\/Slavnostne-otvorenie-skoly-15.9.1960-Archiv-SZS-_4.jpg\" alt=\"\" width=\"808\" height=\"597\" srcset=\"http:\/\/skalickyobzor.sk\/cms\/wp-content\/uploads\/2021\/10\/Slavnostne-otvorenie-skoly-15.9.1960-Archiv-SZS-_4.jpg 808w, http:\/\/skalickyobzor.sk\/cms\/wp-content\/uploads\/2021\/10\/Slavnostne-otvorenie-skoly-15.9.1960-Archiv-SZS-_4-300x222.jpg 300w, http:\/\/skalickyobzor.sk\/cms\/wp-content\/uploads\/2021\/10\/Slavnostne-otvorenie-skoly-15.9.1960-Archiv-SZS-_4-768x567.jpg 768w, http:\/\/skalickyobzor.sk\/cms\/wp-content\/uploads\/2021\/10\/Slavnostne-otvorenie-skoly-15.9.1960-Archiv-SZS-_4-80x60.jpg 80w\" sizes=\"auto, (max-width: 808px) 100vw, 808px\" \/><figcaption id=\"caption-attachment-4820\" class=\"wp-caption-text\">Sl\u00e1vnostn\u00e9 otvorenie \u0161koly 15. 9. 1960<\/figcaption><\/figure>\n<p><strong>Bolo v\u017edy va\u0161ou m\u00e9tou sta\u0165 sa riadite\u013ekou \u0161koly?<\/strong><br \/>\n<strong>\u013dB:<\/strong> Nie. V\u00f4bec nie. Mojou m\u00e9tou bolo najm\u00e4 by\u0165 dobrou u\u010dite\u013ekou. V roku 2004 sa riadite\u013ekou \u0161koly stala pani PhDr. Em\u00edlia Pot\u00fa\u010dkov\u00e1 a p\u00e1n RNDr. Anton Dinka jej zostal pom\u00e1ha\u0165 e\u0161te dva roky ako jej z\u00e1stupca. Ke\u010f sa p\u00e1n Dinka chystal od\u00eds\u0165 do d\u00f4chodku, vtedaj\u0161ia pani riadite\u013eka ma oslovila s\u00a0ponukou funkcie jej z\u00e1stupkyne. Ve\u013emi som si tejto ponuky v\u00e1\u017eila a\u00a0vn\u00edmala ju ako \u0161ancu posun\u00fa\u0165 sa \u010falej a\u00a0ve\u013ea nov\u00e9ho sa nau\u010di\u0165. A\u00a0tak to aj bolo. Riadite\u013ekou \u0161koly som sa stala po \u00f4smich rokoch vo funkcii z\u00e1stupkyne, po odchode pani Pot\u00fa\u010dkovej do d\u00f4chodku. Ona sama ma k\u00a0tomuto kroku ve\u013emi povzbudzovala. Toto u\u017e som, samozrejme, vn\u00edmala ako ve\u013ek\u00fa v\u00fdzvu a\u00a0zodpovednos\u0165. Nepova\u017eovala som postup za samozrejm\u00fd a\u00a0rozhodnutie uch\u00e1dza\u0165 sa o\u00a0miesto riadite\u013eky som ve\u013emi zva\u017eovala. Po nieko\u013ekoro\u010dnom p\u00f4soben\u00ed na mieste z\u00e1stupkyne som ve\u013emi dobre vedela, \u017ee funkcia riadite\u013ea strednej zdravotn\u00edckej \u0161koly je n\u00e1ro\u010dn\u00e1 \u00faloha.<\/p>\n<p><strong>EP:<\/strong> V\u00f4bec nie. Nikdy. Keby mi to bol niekto niekedy povedal, tak mu neuver\u00edm a\u00a0myslela by som si, \u017ee vtipkuje. Dokonca ani to, \u017ee budem niekedy u\u010di\u0165 v\u00a0\u0161kole, kde som \u0161tudovala, ma nikdy nenapadlo. Zastupovala som ved\u00facu detsk\u00e9ho domova v\u00a0Brezovej pod Bradlom, kde som pracovala ako detsk\u00e1 sestra. Ak\u00e9 bolo moje prekvapenie, ke\u010f mi po troch rokoch po skon\u010den\u00ed \u0161koly zavolali z\u00a0vedenia \u0161koly, \u017ee ma spomedzi absolventov vybrali na poz\u00edciu u\u010dite\u013eky odborn\u00fdch predmetov. Bol to pre m\u0148a \u0161ok a\u00a0poprosila som t\u00fd\u017ede\u0148 na rozmyslenie, nako\u013eko som bola u\u017e usaden\u00e1 a\u00a0mala som rodinu. \u0164a\u017ek\u00e9 rozhodovanie premohla t\u00fa\u017eba po \u010fal\u0161om mo\u017enom vzdel\u00e1van\u00ed. T\u00e1to t\u00fa\u017eba sa mi splnila. Mala som mo\u017enos\u0165 \u0161tudova\u0165 na LF a\u00a0FF, \u010do ma \u00fa\u017easne obohatilo. No a\u00a0tam to za\u010dalo. Po skon\u010den\u00ed \u0161t\u00fadia som bola menovan\u00e1 z\u00e1stupky\u0148ou riadite\u013ea \u0161koly. T\u00fato funkciu som vykon\u00e1vala desa\u0165 rokov a\u00a0potom som sa v\u00fdberov\u00fdm konan\u00edm stala riadite\u013ekou \u0161koly.<\/p>\n<p><strong>B\u00fdval\u00e1 a\u00a0s\u00fa\u010dasn\u00e1 riadite\u013eka \u0161koly. Ste st\u00e1le v\u00a0kontakte?<\/strong><br \/>\n<strong>\u013dB:<\/strong> Samozrejme. Aktivity a sk\u00fasenosti mojej predchodkyne pani Pot\u00fa\u010dkovej so vzdel\u00e1van\u00edm v stredn\u00fdch zdravotn\u00edckych \u0161kol\u00e1ch s\u00fa bohat\u00e9. Tie\u017e som po mojom n\u00e1stupe do funkcie vyu\u017eila jej pomoc a poprosila ju, aby aspo\u0148 na rok prijala miesto mojej z\u00e1stupkyne. Potom e\u0161te nieko\u013eko rokov zostala v \u0161kole u\u010di\u0165 ako externistka. Dodnes si rada vypo\u010dujem jej n\u00e1zory na ur\u010dit\u00e9 situ\u00e1cie, \u010di probl\u00e9my. V\u010fa\u010d\u00edm jej za podporu, za d\u00f4veru, ktor\u00fa vo m\u0148a vlo\u017eila. Obdivujem na nej jej optimizmus, oddanos\u0165 rodine a ochotu v\u017edy ka\u017ed\u00e9mu pom\u00f4c\u0165. Pri tomto mus\u00edm spomen\u00fa\u0165, \u017ee rovnako sa v\u017edy ve\u013emi te\u0161\u00edme aj n\u00e1v\u0161teve b\u00fdval\u00e9ho p\u00e1na riadite\u013ea A. Dinku, ktor\u00fd n\u00e1s dok\u00e1\u017ee pozit\u00edvne naladi\u0165. Ja osobne si \u00faprimne v\u00e1\u017eim v\u0161etk\u00fdch b\u00fdval\u00fdch zamestnancov, \u010di u\u017e pedagogick\u00fdch alebo nepedagogick\u00fdch. Te\u0161\u00ed n\u00e1s, ke\u010f \u0161kolu nav\u0161t\u00edvia oni alebo b\u00fdval\u00ed \u017eiaci.<\/p>\n<p><strong>EP:<\/strong> \u00c1no, so zdravotn\u00edckou \u0161kolou som v\u00a0neust\u00e1lom kontakte. Ve\u013emi rada sa tam vraciam, jednak pre kontakt s\u00a0veden\u00edm \u0161koly na \u010dele s\u00a0riadite\u013ekou, ako aj s\u00a0ostatn\u00fdmi pracovn\u00edkmi, nako\u013eko sa mi s\u00a0nimi ve\u013emi dobre pracovalo a\u00a0m\u00e1me st\u00e1le pekn\u00e9 vz\u0165ahy. Ja v\u017edy hovor\u00edm, \u017ee \u0161kola je m\u00f4j druh\u00fd domov, nako\u013eko som v\u00a0nej str\u00e1vila \u0161tyri roky ako \u0161tudentka a\u00a0\u0161tyridsa\u0165 rokov ako pedag\u00f3g.<\/p>\n<figure id=\"attachment_4823\" aria-describedby=\"caption-attachment-4823\" style=\"width: 839px\" class=\"wp-caption aligncenter\"><img loading=\"lazy\" decoding=\"async\" class=\"size-full wp-image-4823\" src=\"http:\/\/skalickyobzor.sk\/cms\/wp-content\/uploads\/2021\/10\/1973_74_starostlivost-o-chorych-p.-uc.-Podeslova.jpg\" alt=\"\" width=\"839\" height=\"592\" srcset=\"http:\/\/skalickyobzor.sk\/cms\/wp-content\/uploads\/2021\/10\/1973_74_starostlivost-o-chorych-p.-uc.-Podeslova.jpg 839w, http:\/\/skalickyobzor.sk\/cms\/wp-content\/uploads\/2021\/10\/1973_74_starostlivost-o-chorych-p.-uc.-Podeslova-300x212.jpg 300w, http:\/\/skalickyobzor.sk\/cms\/wp-content\/uploads\/2021\/10\/1973_74_starostlivost-o-chorych-p.-uc.-Podeslova-768x542.jpg 768w\" sizes=\"auto, (max-width: 839px) 100vw, 839px\" \/><figcaption id=\"caption-attachment-4823\" class=\"wp-caption-text\">Starostlivos\u0165 o\u00a0chor\u00fdch \u2013 u\u010dite\u013eka Pode\u0161lov\u00e1 (1973-1974)<\/figcaption><\/figure>\n<p><strong>Ako sa zmenilo zdravotn\u00edcke \u0161kolstvo po\u010das t\u00fdch \u0161tyridsiatich rokov?<\/strong><br \/>\n<strong>EP:<\/strong> Zmeny boli skuto\u010dne ve\u013ek\u00e9 a pod\u013ea m\u0148a \u00faplne zbyto\u010dn\u00e9, ba dokonca v neprospech zdravotn\u00edctva. Zo za\u010diatku to vyzeralo ve\u013emi s\u013eubne a to tak, \u017ee na stredn\u00fdch zdravotn\u00edckych \u0161kol\u00e1ch (SZ\u0160) bude v\u0161eobecn\u00e1 sestra, na vy\u0161\u0161\u00edch odborn\u00fdch zdravotn\u00edckych \u0161kol\u00e1ch bude diplomovan\u00e1 sestra a na troch fakult\u00e1ch na Slovensku m\u00f4\u017ee sestra dosiahnu\u0165 magistersk\u00e9 vzdelanie. V\u0161etko v\u0161ak skon\u010dilo inak. Za\u010dalo sa presadzova\u0165, \u017ee sestra mus\u00ed ma\u0165 vysoko\u0161kolsk\u00e9 vzdelanie a zdravotn\u00edcke \u0161koly i\u0161li do \u00fazadia, \u010do bola pod\u013ea m\u0148a obrovsk\u00e1 chyba. My\u0161lienka, \u017ee z gymn\u00e1zia p\u00f4jde niekto \u0161tudova\u0165 o\u0161etrovate\u013estvo na vysok\u00fa \u0161kolu bola taktie\u017e ut\u00f3piou. V\u017edy som presadzovala n\u00e1zor, a za t\u00fdm si stoj\u00edm i dnes, \u017ee to povedie k nedostatku zdravotn\u00edckych pracovn\u00edkov. No, a moja predpove\u010f sa splnila. K\u00fdm boli na SZ\u0160 odbory zdravotn\u00e1 a detsk\u00e1 sestra, bolo to prest\u00ed\u017ene povolanie, tak\u017ee nebolo mo\u017en\u00e9 uspokoji\u0165 v\u0161etk\u00fdch z\u00e1ujemcov o toto \u0161t\u00fadium. Absolventi boli v\u00fdborne pripraven\u00ed a robili dobr\u00e9 meno doma i v zahrani\u010d\u00ed. Dost\u00e1vali sme sp\u00e4tn\u00fa v\u00e4zbu od zdravotn\u00edckych zariaden\u00ed po roku absolventskej praxe a hodnotenia boli v\u017edy ve\u013emi dobr\u00e9. Zmenou odboru na zdravotn\u00edckeho asistenta a zn\u00ed\u017een\u00edm kompetenci\u00ed, poklesol z\u00e1ujem o toto povolanie, \u010do sa teraz prejavuje nedostatkom zdravotn\u00edckych pracovn\u00edkov. Keby sa neboli robili tieto nezmyseln\u00e9 zmeny, mohol by\u0165 st\u00e1le dostatok sestier. Kone\u010dne sa niekomu otvorili o\u010di. So zv\u00fd\u0161en\u00edm kompetenci\u00ed a zmenou odboru na praktick\u00fa sestru sa z\u00e1ujem o \u0161t\u00fadium zlep\u0161il. Nebolo \u013eahk\u00e9 sa v\u00a0tom orientova\u0165. Neust\u00e1le legislat\u00edvne zmeny a\u00a0boj za z\u00e1chranu zdravotn\u00edckeho \u0161kolstva nebol v\u00f4bec \u013eahk\u00fd. \u010casto som si pripadala \u00faplne bezmocn\u00e1 a\u00a0chcela som to vzda\u0165.<\/p>\n<figure id=\"attachment_4825\" aria-describedby=\"caption-attachment-4825\" style=\"width: 794px\" class=\"wp-caption aligncenter\"><img loading=\"lazy\" decoding=\"async\" class=\"size-full wp-image-4825\" src=\"http:\/\/skalickyobzor.sk\/cms\/wp-content\/uploads\/2021\/10\/22.-1979_koniec-roka.jpg\" alt=\"\" width=\"794\" height=\"542\" srcset=\"http:\/\/skalickyobzor.sk\/cms\/wp-content\/uploads\/2021\/10\/22.-1979_koniec-roka.jpg 794w, http:\/\/skalickyobzor.sk\/cms\/wp-content\/uploads\/2021\/10\/22.-1979_koniec-roka-300x205.jpg 300w, http:\/\/skalickyobzor.sk\/cms\/wp-content\/uploads\/2021\/10\/22.-1979_koniec-roka-768x524.jpg 768w\" sizes=\"auto, (max-width: 794px) 100vw, 794px\" \/><figcaption id=\"caption-attachment-4825\" class=\"wp-caption-text\">Koniec roka 1979<\/figcaption><\/figure>\n<figure id=\"attachment_4826\" aria-describedby=\"caption-attachment-4826\" style=\"width: 786px\" class=\"wp-caption aligncenter\"><img loading=\"lazy\" decoding=\"async\" class=\"size-full wp-image-4826\" src=\"http:\/\/skalickyobzor.sk\/cms\/wp-content\/uploads\/2021\/10\/1.jpg\" alt=\"\" width=\"786\" height=\"552\" srcset=\"http:\/\/skalickyobzor.sk\/cms\/wp-content\/uploads\/2021\/10\/1.jpg 786w, http:\/\/skalickyobzor.sk\/cms\/wp-content\/uploads\/2021\/10\/1-300x211.jpg 300w, http:\/\/skalickyobzor.sk\/cms\/wp-content\/uploads\/2021\/10\/1-768x539.jpg 768w\" sizes=\"auto, (max-width: 786px) 100vw, 786px\" \/><figcaption id=\"caption-attachment-4826\" class=\"wp-caption-text\">Vyu\u010dovacia hodina SJL \u2013 u\u010dite\u013eka B\u00edzkov\u00e1 v\u00a0roku 1985<\/figcaption><\/figure>\n<p><strong>Ak\u00fd je v\u00e1\u0161 n\u00e1zor na zdravotn\u00edcke \u0161kolstvo v\u00a0s\u00fa\u010dasnosti? Kam smeruje?<\/strong><br \/>\n<strong>\u013dB:<\/strong> Nem\u00f4\u017eeme nepo\u010du\u0165 o nedostatku pracovn\u00edkov vo v\u00e4\u010d\u0161ine zdravotn\u00edckych profesi\u00ed. Nie je tomu inak ani v oblasti o\u0161etrovate\u013eskej starostlivosti. Upozor\u0148uj\u00fa na\u0148 odborn\u00edci a \u010dasto je predmetom mnoh\u00fdch politick\u00fdch diskusi\u00ed. Po\u010das uplynul\u00e9ho \u0161kolsk\u00e9ho roka, ktor\u00fd bol pre n\u00e1s ve\u013emi n\u00e1ro\u010dn\u00fd, sme mali kontrolu z Najvy\u0161\u0161ieho kontroln\u00e9ho \u00faradu Slovenskej republiky (okrem na\u0161ej \u0161koly bola vykonan\u00e1 na \u010fal\u0161\u00edch trin\u00e1stich stredn\u00fdch zdravotn\u00edckych \u0161kol\u00e1ch na Slovensku.) Cie\u013eom bolo zisti\u0165 efekt\u00edvnos\u0165 a \u00fa\u010dinnos\u0165 stredn\u00e9ho \u0161kolstva v oblasti zdravotn\u00edctva. My to pozorujeme dlhodobo a samotn\u00e1 kontrola preuk\u00e1zala, \u017ee syst\u00e9m stredn\u00e9ho zdravotn\u00edckeho vzdel\u00e1vania je ve\u013emi komplikovan\u00fd. Na riaden\u00ed v\u00fdchovno-vzdel\u00e1vacieho procesu v SZ\u0160 sa okrem Ministerstva \u0161kolstva, vedy, v\u00fdskumu a \u0161portu SR, Ministerstva zdravotn\u00edctva SR (MZ SR) z\u00fa\u010dast\u0148uj\u00fa samospr\u00e1vne kraje, \u00farady pr\u00e1ce, soci\u00e1lnych vec\u00ed a rodiny v s\u00eddle kraja, stavovsk\u00e9 organiz\u00e1cie a \u010fal\u0161\u00ed. MZ SR sa podie\u013ea na metodickom a odbornom riaden\u00ed vzdel\u00e1vania. Na jeho \u00farovni je nutn\u00e9 zadefinova\u0165 dlhodob\u00e9 ciele a \u00falohy tak, aby sa minimalizovalo riziko nesyst\u00e9mov\u00fdch rozhodnut\u00ed a krokov, ktor\u00e9 negat\u00edvne ovplyv\u0148uj\u00fa stabilitu v oblasti stredn\u00e9ho zdravotn\u00edckeho vzdel\u00e1vania. Je potrebn\u00e9 naplno vyu\u017ei\u0165 kapacity stredn\u00fdch zdravotn\u00edckych \u0161k\u00f4l, ich ve\u013emi kvalitn\u00e9 person\u00e1lne a\u00a0materi\u00e1lno-technick\u00e9 kapacity na zabezpe\u010denie dostatku absolventov, schopn\u00fdch sta\u0165 sa plnohodnotn\u00fdmi \u010dlenmi zdravotn\u00edckych t\u00edmov, podie\u013eaj\u00facich sa na poskytovan\u00ed kvalitnej o\u0161etrovate\u013eskej starostlivosti.<\/p>\n<p><strong>Dnes u\u017e profesia zdravotn\u00e1 sestra neexistuje? Nahradili a\u00a0doplnili ju nov\u00e9 odbory?<\/strong><br \/>\n<strong>\u013dB:<\/strong> Dnes zdravotn\u00edcke povolania ur\u010duje z\u00e1kon o\u00a0poskytovate\u013eoch zdravotnej starostlivosti, zdravotn\u00edckych pracovn\u00edkoch, stavovsk\u00fdch organiz\u00e1ci\u00e1ch v\u00a0zdravotn\u00edctve a\u00a0o\u00a0zmene a\u00a0doplnen\u00ed niektor\u00fdch z\u00e1konov. Medzi nimi skuto\u010dne povolanie zdravotn\u00e1 sestra nen\u00e1jdeme. N\u00e1jdeme tam povolanie sestra, na v\u00fdkon ktor\u00e9ho je potrebn\u00e9 ukon\u010di\u0165 vysoko\u0161kolsk\u00e9 \u0161t\u00fadium v\u00a0odbore o\u0161etrovate\u013estvo, minim\u00e1lne ako bakal\u00e1r, alebo vy\u0161\u0161ie odborn\u00e9 \u0161t\u00fadium v\u00a0odbore diplomovan\u00e1 sestra na strednej zdravotn\u00edckej \u0161kole. V\u00a0strednej zdravotn\u00edckej \u0161kole pripravujeme absolventov v\u00a0odbore zdravotn\u00edcky asistent, respekt\u00edve praktick\u00e1 sestra, pre zdravotn\u00edcke povolanie, ktor\u00e9 je ur\u010den\u00e9 tie\u017e t\u00fdmto, vy\u0161\u0161ie spom\u00ednan\u00fdm z\u00e1konom. V\u00a0s\u00fa\u010dasnosti existuje ve\u013ek\u00e1 polemika a\u00a0diskusia na odbornej i\u00a0politickej \u00farovni o\u00a0tom, ktor\u00fd n\u00e1zov je spr\u00e1vnej\u0161ie pou\u017e\u00edva\u0165, \u010di zdravotn\u00edcky asistent alebo praktick\u00e1 sestra. Pod\u013ea m\u00f4jho n\u00e1zoru aj t\u00e1to nestabilita sa m\u00f4\u017ee negat\u00edvne podpisova\u0165 na z\u00e1ujme o\u00a0\u0161t\u00fadium na stredn\u00fdch zdravotn\u00edckych \u0161kol\u00e1ch. \u010eal\u0161\u00edm \u0161tudijn\u00fdm odborom, ktor\u00fd pon\u00fakame je odbor mas\u00e9r. Oba \u0161tudijn\u00e9 odbory sa realizuj\u00fa najm\u00e4 v\u00a0dennej forme \u0161t\u00fadia, ktor\u00e1 je ur\u010den\u00e1 pre absolventov z\u00e1kladnej \u0161koly. Realizujeme v\u0161ak aj pomaturitn\u00e9 kvalifika\u010dn\u00e9 \u0161t\u00fadium vo ve\u010dernej forme, v\u00a0oboch \u0161tudijn\u00fdch odboroch. \u0160t\u00fadium v\u00a0u\u010debnom odbore sanit\u00e1r realizujeme len vo ve\u010dernej forme \u0161t\u00fadia. Je ur\u010den\u00e9 pre absolventov stredn\u00fdch odborn\u00fdch \u0161k\u00f4l, ktor\u00ed u\u017e z\u00edskali stredn\u00e9 odborn\u00e9 vzdelanie ukon\u010den\u00e9 z\u00e1vere\u010dnou sk\u00fa\u0161kou.<\/p>\n<p><strong>\u010co povolanie sestra a\u00a0mu\u017ei? Men\u00ed sa situ\u00e1cia?<\/strong><br \/>\n<strong>EP:<\/strong> V minulosti sme mali ur\u010den\u00fa kv\u00f3tu, ko\u013eko chlapcov m\u00f4\u017eeme prija\u0165, aj ke\u010f to bol odbor sestra. T\u00edto chlapci mali v\u00fdborn\u00e9 uplatnenie a\u00a0boli do zdravotn\u00edckych zariaden\u00ed \u017eiadan\u00ed. Z\u00a0mnoh\u00fdch chlapcov, ako aj z\u00a0diev\u010dat, sa stali aj vynikaj\u00faci lek\u00e1ri, lek\u00e1rky. Ja si mysl\u00edm, \u017ee aj na\u010falej bud\u00fa chlapci v\u00a0zdravotn\u00edctve \u017eiadan\u00ed a\u00a0bud\u00fa ma\u0165 dobr\u00e9 uplatnenie.<\/p>\n<p><strong>\u013dB:<\/strong> Chlapci nie s\u00fa ani v s\u00fa\u010dasnosti \u017eiadnou v\u00fdnimkou. N\u00e1jdeme ich v ka\u017edom ro\u010dn\u00edku. Napr\u00edklad medzi teraj\u0161\u00edmi prv\u00e1kmi medzi praktick\u00fdmi sestrami m\u00e1me p\u00e4\u0165 chlapcov. Ich pr\u00edtomnos\u0165 v\u00a0\u0161kole a, samozrejme, v\u00a0zdravotn\u00edckych zariadeniach je ve\u013emi d\u00f4le\u017eit\u00e1.<\/p>\n<p><strong>Na \u010do ste hrd\u00e1, \u010do sa v\u00e1m za v\u00e1\u0161ho riadite\u013eovania podarilo, a\u00a0naopak, \u010do je v\u00e1m \u013e\u00fato, \u017ee zostalo iba pri pl\u00e1noch?<\/strong><br \/>\n<strong>EP:<\/strong> Som ve\u013emi rada a\u00a0e\u0161te aj dnes sa z\u00a0toho te\u0161\u00edm, \u017ee sa n\u00e1m podarilo zavies\u0165 v\u00a0\u0161kole \u0161tudijn\u00fd odbor mas\u00e9r. Bolo to s\u00edce trojro\u010dn\u00e9 \u00fasilie, av\u0161ak, chvalabohu, sa to nakoniec podarilo. \u010co ma mrz\u00ed, \u017ee nebolo mo\u017en\u00e9 zavies\u0165 \u0161tudijn\u00fd odbor zubn\u00fd asistent a\u00a0odbor asistent v\u00fd\u017eivy, nako\u013eko nebolo mo\u017en\u00e9 zabezpe\u010di\u0165 person\u00e1lne obsadenie vyu\u010duj\u00facich a\u00a0odborn\u00e9ho garanta.<\/p>\n<p><strong>\u013dB:<\/strong> Stredn\u00e1 zdravotn\u00edcka \u0161kola v Skalici pre\u0161la obdob\u00edm, kedy bol o \u0148u zo strany \u017eiakov enormn\u00fd z\u00e1ujem. Ten v\u0161ak po roku 2002 poklesol z d\u00f4vodu zmeny s\u00fastavy odborov. Zru\u0161ilo sa vzdel\u00e1vanie v\u0161eobecn\u00fdch sestier, ktor\u00e9 boli k\u013e\u00fa\u010dov\u00fdm odborom na stredn\u00fdch zdravotn\u00edckych \u0161kol\u00e1ch. \u017diaci sa za\u010dali pripravova\u0165 v odbore zdravotn\u00edcky asistent. S poklesom \u017eiakov bojovali aj moji predchodcovia a prirodzene aj moj\u00edm hlavn\u00fdm cie\u013eom bolo zv\u00fd\u0161i\u0165 z\u00e1ujem \u017eiakov z\u00e1kladn\u00fdch \u0161k\u00f4l o zdravotn\u00edcke povolanie, zatrakt\u00edvni\u0165 \u0161t\u00fadium v \u0161kole. Tento cie\u013e sa n\u00e1m ako-tak dar\u00ed plni\u0165 aj napriek neust\u00e1le klesaj\u00facej demografickej krivke. Po\u010det \u017eiakov dennej formy \u0161t\u00fadia nekles\u00e1, sk\u00f4r mierne narast\u00e1. Ve\u013emi ma te\u0161\u00ed u\u017e desa\u0165ro\u010dn\u00e1 trad\u00edcia \u00fa\u010dasti v programe Erasmus+, predt\u00fdm Leonardo da Vinci, ktor\u00fd umo\u017e\u0148uje na\u0161im \u017eiakom a u\u010dite\u013eom sa z\u00fa\u010dast\u0148ova\u0165 na zahrani\u010dn\u00fdch odborn\u00fdch st\u00e1\u017each v zdravotn\u00edckych zariadeniach a zariadeniach soci\u00e1lnych slu\u017eieb. Tu z\u00edskavaj\u00fa nov\u00e9 pracovn\u00e9 sk\u00fasenosti, ktor\u00e9 prin\u00e1\u0161aj\u00fa nasp\u00e4\u0165 do \u0161koly. Ver\u00edm, \u017ee tieto sk\u00fasenosti im pom\u00f4\u017eu aj v ich bud\u00facom pracovnom \u017eivote. Do \u0161koly sa tak dar\u00ed vn\u00e1\u0161a\u0165 prvky internacionaliz\u00e1cie, ktor\u00e1 je podporovan\u00e1 aj ve\u013emi pr\u00ednosnou spolupr\u00e1cou so Strednou odbornou \u0161kolou priemyselnou, hotelovou a zdravotn\u00edckou v Uherskom Hradi\u0161ti, s ktorou sme zrealizovali nieko\u013eko projektov bohat\u00fdch na v\u00fdmenn\u00e9 pobyty \u017eiakov a u\u010dite\u013eov, vzdel\u00e1vacie aktivity, v\u00fdmenu inform\u00e1ci\u00ed a sk\u00fasenost\u00ed medzi u\u010dite\u013emi a veden\u00edm oboch \u0161k\u00f4l. Moj\u00edm \u010fal\u0161\u00edm cie\u013eom je modernizova\u0165 budovu \u0161koly. Aj toto sa celkom dar\u00ed. Podarilo sa vymeni\u0165 okn\u00e1 na celej budove. Tepeln\u00fd komfort budovy, hlavne na najvy\u0161\u0161om poschod\u00ed, kde je \u0161kolsk\u00fd intern\u00e1t, sme zv\u00fd\u0161ili zateplen\u00edm celej povaly. Zrealizovali sme \u00fapln\u00fa rekon\u0161trukciu a moderniz\u00e1ciu \u0161kolskej kuchyne a \u010diasto\u010dne \u0161kolskej jed\u00e1lne. Je vypracovan\u00e1, a na stavebnom \u00farade stavebn\u00fdm povolen\u00edm schv\u00e1len\u00e1, projektov\u00e1 dokument\u00e1cia na zateplenie a rekon\u0161trukciu fas\u00e1dy budovy \u0161koly. Pracujeme na obnove jednotliv\u00fdch u\u010debn\u00ed. Postupne v nich bol vymenen\u00fd \u0161kolsk\u00fd n\u00e1bytok. Ve\u013emi db\u00e1me o vybavenie tried didaktickou technikou, interakt\u00edvnymi tabu\u013eami, dataprojektormi. Ka\u017ed\u00fd vyu\u010duj\u00faci disponuje svoj\u00edm vlastn\u00fdm notebookom. V\u0161etka v\u00fdpo\u010dtov\u00e1 technika sa v \u0161kole po \u010dastiach pravidelne vymie\u0148a. V s\u00fa\u010dasnosti je pripraven\u00fd projekt na moderniz\u00e1ciu materi\u00e1lno-technick\u00e9ho vybavenia odborn\u00fdch u\u010debn\u00ed a na zabezpe\u010denie bezbari\u00e9rovosti budovy vybudovan\u00edm v\u00fd\u0165ahu. Pri vypracovan\u00ed a realizovan\u00ed t\u00fdchto projektov m\u00e1me ve\u013ek\u00fa podporu zria\u010fovate\u013ea \u0161koly \u2013 Trnavsk\u00e9ho samospr\u00e1vneho kraja. Ve\u013ek\u00fa hrdos\u0165 poci\u0165ujem aj pri tom, \u017ee sme sa vedeli vysporiada\u0165 s pand\u00e9miou ochorenia COVID-19. Okrem ve\u013emi r\u00fdchleho prechodu na di\u0161tan\u010dn\u00e9 vzdel\u00e1vanie, na\u0161a \u0161kola plnila \u00falohy spojen\u00e9 s bojom proti tomuto ochoreniu. V \u0161kole bolo zriaden\u00e9 kontaktn\u00e9 centrum, testovacie odberov\u00e9 miesto pri celoplo\u0161nom testovan\u00ed v novembri a vo febru\u00e1ri a od marca je v telocvi\u010dni zriaden\u00e9 ve\u013ekokapacitn\u00e9 o\u010dkovacie centrum. Podiel \u0161koly na ich fungovan\u00ed je ve\u013ek\u00fd. Ni\u010d v\u0161ak z toho, \u010do spom\u00ednam, sa nem\u00f4\u017ee podari\u0165 realizova\u0165 jednotlivcovi. Ide o spolupr\u00e1cu mnoh\u00fdch \u2013 vedenia \u0161koly, u\u010dite\u013eov, zamestnancov, \u017eiakov, rodi\u010dov a ostatn\u00fdch partnerov \u0161koly, ktor\u00fdch je ve\u013emi ve\u013ea. V\u0161etk\u00fdm by som rada aj touto cestou srde\u010dne po\u010fakovala.<\/p>\n<figure id=\"attachment_4828\" aria-describedby=\"caption-attachment-4828\" style=\"width: 567px\" class=\"wp-caption aligncenter\"><img loading=\"lazy\" decoding=\"async\" class=\"size-full wp-image-4828\" src=\"http:\/\/skalickyobzor.sk\/cms\/wp-content\/uploads\/2021\/10\/vyucovanie_2.jpg\" alt=\"\" width=\"567\" height=\"378\" srcset=\"http:\/\/skalickyobzor.sk\/cms\/wp-content\/uploads\/2021\/10\/vyucovanie_2.jpg 567w, http:\/\/skalickyobzor.sk\/cms\/wp-content\/uploads\/2021\/10\/vyucovanie_2-300x200.jpg 300w\" sizes=\"auto, (max-width: 567px) 100vw, 567px\" \/><figcaption id=\"caption-attachment-4828\" class=\"wp-caption-text\">Vyu\u010dovanie v\u00a0odbornej u\u010debni, predmet mas\u00e1\u017ee v\u00a0\u0161tudijnom odbore mas\u00e9r<\/figcaption><\/figure>\n<figure id=\"attachment_4829\" aria-describedby=\"caption-attachment-4829\" style=\"width: 428px\" class=\"wp-caption aligncenter\"><img loading=\"lazy\" decoding=\"async\" class=\"size-full wp-image-4829\" src=\"http:\/\/skalickyobzor.sk\/cms\/wp-content\/uploads\/2021\/10\/one.jpg\" alt=\"\" width=\"428\" height=\"451\" srcset=\"http:\/\/skalickyobzor.sk\/cms\/wp-content\/uploads\/2021\/10\/one.jpg 428w, http:\/\/skalickyobzor.sk\/cms\/wp-content\/uploads\/2021\/10\/one-285x300.jpg 285w\" sizes=\"auto, (max-width: 428px) 100vw, 428px\" \/><figcaption id=\"caption-attachment-4829\" class=\"wp-caption-text\">\u0160kolsk\u00e9 kolo s\u00fa\u0165a\u017ee prvej pomoci<\/figcaption><\/figure>\n<p><strong>\u010co v\u00e1s bavilo a\u00a0nap\u013a\u0148alo viac \u2013 u\u010denie, \u010di vedenie \u0161koly?<\/strong><br \/>\n<strong>EP:<\/strong> Na t\u00fato ot\u00e1zku je ve\u013emi jednoduch\u00e1 odpove\u010f. Milovala som u\u010denie, hlavne prax v\u00a0nemocnici, \u010do ma v\u017edy fascinovalo. Ako riadite\u013eka som mala skr\u00e1ten\u00fd \u00fav\u00e4zok. Prizn\u00e1m sa, \u017ee som sa na hodinu v\u017edy te\u0161ila a\u00a0ke\u010f som videla v\u00fdsledky m\u00f4jho p\u00f4sobenia na \u017eiakov, tak to bol pre m\u0148a hnac\u00ed motor k\u00a0tomu, aby som to riadenie nevzdala a\u00a0spr\u00e1vne rie\u0161ila mnoh\u00e9 kr\u00edzov\u00e9 situ\u00e1cie, aj ke\u010f ma to st\u00e1lo ve\u013ea bezsenn\u00fdch noc\u00ed.<\/p>\n<p><strong>\u013dB:<\/strong> Nap\u013a\u0148aj\u00fa ma obe tieto role. Neviem si v\u0161ak predstavi\u0165 by\u0165 riadite\u013ekou \u0161koly bez toho, \u017ee by som u\u010dila. By\u0165 v\u00a0triede so \u017eiakmi je pre m\u0148a ve\u013emi d\u00f4le\u017eit\u00e9.<\/p>\n<p><strong>\u010co je pre v\u00e1s obe vo funkcii riadite\u013eky naj\u013eah\u0161ie a\u00a0\u010do naj\u0165a\u017e\u0161ie?<\/strong><br \/>\n<strong>EP:<\/strong> Za\u010dnem od toho hor\u0161ieho. St\u00e1le zmeny v\u00a0legislat\u00edve, odboroch, kompetenci\u00e1ch a\u00a0ve\u013emi b\u00farliv\u00e9 porady s\u00a0nadriaden\u00fdmi, s\u00a0ktor\u00fdmi sme sa \u010dasto nedohodli, aj ke\u010f n\u00e1zory \u010dlenov Asoci\u00e1cie zdravotn\u00edckych \u0161k\u00f4l SR boli spr\u00e1vne, s\u00a0dobrou v\u00edziou do bud\u00facnosti. No, a\u00a0teraz k\u00a0tomu kr\u00e1snemu a\u00a0nezabudnute\u013en\u00e9mu a\u00a0to je ukon\u010dovanie \u0161t\u00fadia. Pocit, ktor\u00fd \u010dlovek pre\u017e\u00edva, ke\u010f pred sebou vid\u00ed absolventov, ktor\u00ed pred \u0161tyrmi rokmi, na za\u010diatku \u0161t\u00fadia boli e\u0161te de\u0165mi, je \u00fa\u017easn\u00fd a\u00a0pln\u00fd dojmov. Za \u0161tyri roky sa vytvoril tak\u00fd siln\u00fd vz\u0165ah, \u017ee \u010dasto padali aj slzy.<\/p>\n<p><strong>\u013dB:<\/strong> Aj pre m\u0148a je naj\u013eah\u0161ie a\u00a0najpote\u0161uj\u00facej\u0161ie podpisova\u0165 vysved\u010denia \u00faspe\u0161n\u00fdch absolventov a\u00a0sledova\u0165 ich rados\u0165 a\u00a0najm\u00e4 vidie\u0165 ich spokojn\u00fdch v\u00a0zdravotn\u00edckej praxi, bu\u010f hne\u010f po \u0161kole alebo po absolvovan\u00ed vysokej \u0161koly. \u0164a\u017e\u0161ie chv\u00edle prich\u00e1dzaj\u00fa, samozrejme, tie\u017e. V\u00e4\u010d\u0161inou s\u00fa spojen\u00e9 so zvy\u0161uj\u00facou sa byrokraciou. Aj ke\u010f v\u00a0mnoh\u00fdch oblastiach sa n\u00e1m ju podarilo zn\u00ed\u017ei\u0165. Napr\u00edklad ve\u013emi oce\u0148ujem elektronick\u00e9 vedenie pedagogickej dokument\u00e1cie.<\/p>\n<figure id=\"attachment_4830\" aria-describedby=\"caption-attachment-4830\" style=\"width: 790px\" class=\"wp-caption aligncenter\"><img loading=\"lazy\" decoding=\"async\" class=\"size-full wp-image-4830\" src=\"http:\/\/skalickyobzor.sk\/cms\/wp-content\/uploads\/2021\/10\/1-PR-4-v-skole-pri-rieseni-projektu.jpg\" alt=\"\" width=\"790\" height=\"593\" srcset=\"http:\/\/skalickyobzor.sk\/cms\/wp-content\/uploads\/2021\/10\/1-PR-4-v-skole-pri-rieseni-projektu.jpg 790w, http:\/\/skalickyobzor.sk\/cms\/wp-content\/uploads\/2021\/10\/1-PR-4-v-skole-pri-rieseni-projektu-300x225.jpg 300w, http:\/\/skalickyobzor.sk\/cms\/wp-content\/uploads\/2021\/10\/1-PR-4-v-skole-pri-rieseni-projektu-768x576.jpg 768w, http:\/\/skalickyobzor.sk\/cms\/wp-content\/uploads\/2021\/10\/1-PR-4-v-skole-pri-rieseni-projektu-678x509.jpg 678w, http:\/\/skalickyobzor.sk\/cms\/wp-content\/uploads\/2021\/10\/1-PR-4-v-skole-pri-rieseni-projektu-326x245.jpg 326w, http:\/\/skalickyobzor.sk\/cms\/wp-content\/uploads\/2021\/10\/1-PR-4-v-skole-pri-rieseni-projektu-80x60.jpg 80w\" sizes=\"auto, (max-width: 790px) 100vw, 790px\" \/><figcaption id=\"caption-attachment-4830\" class=\"wp-caption-text\">Pr\u00edprava \u017eiakov na realiz\u00e1ciu projektu Participat\u00edvny rozpo\u010det<\/figcaption><\/figure>\n<p><strong>Pani Pot\u00fa\u010dkov\u00e1, z\u00a0\u010doho m\u00e1te rados\u0165, \u010do sa podarilo riadite\u013eke B\u00e1bikovej?<\/strong><br \/>\n<strong>EP:<\/strong> Je to v\u0161etko, \u010do tu pani s\u00fa\u010dasn\u00e1 riadite\u013eka sama spom\u00ednala. Robila mi osem rokov z\u00e1stupky\u0148u, tak\u017ee ve\u013emi dobre pozn\u00e1m jej kvality. Problematiku zdravotn\u00edckeho \u0161kolstva dobre ovl\u00e1da, tak\u017ee vedela, \u017ee riadite\u013eovanie nebude \u013eahk\u00e9 a\u00a0preto ma ve\u013emi te\u0161\u00ed, \u017ee sa na to dala. Uchopila vedenie pevne do r\u00fak. Pokra\u010dovala v\u00a0mnoh\u00fdch projektoch, ako napr\u00edklad Erasmus, vylep\u0161ila materi\u00e1lne vybavenie \u0161koly a\u00a0taktie\u017e sa venovala rekon\u0161trukcii budovy \u0161koly a\u00a0jed\u00e1lne. Urobila toho ve\u013emi ve\u013ea, ale to je ot\u00e1zka sk\u00f4r na \u0148u, nie som kompetentn\u00e1 ju hodnoti\u0165, ale som na \u0148u ve\u013emi py\u0161n\u00e1. \u017del\u00e1m jej a\u00a0cel\u00e9mu kolekt\u00edvu ve\u013ea s\u00edl pri rozvoji zdravotn\u00edckeho vzdel\u00e1vania.<\/p>\n<p><strong>Ak\u00fd je v\u00e1\u0161 n\u00e1zor na zdravotn\u00edcke \u0161kolstvo a\u00a0uplatnenie sestier v\u00a0zdravotn\u00edctve dnes, ak\u00e9 plusy a\u00a0m\u00ednusy vn\u00edmate, ke\u010f porovn\u00e1vate s\u00fa\u010dasnos\u0165 s\u00a0dobou v\u00e1\u0161ho p\u00f4sobenia?<\/strong><br \/>\n<strong>EP:<\/strong> Je to trocha chaotick\u00e9, lebo st\u00e1le sa dej\u00fa nejak\u00e9 zmeny. \u010co sa t\u00fdka zdravotn\u00edckych \u0161k\u00f4l, tie st\u00e1le pripravuj\u00fa kvalitn\u00fdch zdravotn\u00edckych pracovn\u00edkov. Pri dne\u0161nom nedostatku zdravotn\u00edckych pracovn\u00edkov maj\u00fa absolventi zdravotn\u00edckych \u0161k\u00f4l st\u00e1le ve\u013ek\u00e9 uplatnenie. \u010co sa t\u00fdka minulosti, odborn\u00e9 vzdel\u00e1vanie bolo rozsiahlej\u0161ie a\u00a0viac do h\u013abky v\u00a0jednotliv\u00fdch zdravotn\u00edckych odboroch ako teraz. V\u00a0oblasti informatiky to bolo zasa slab\u0161ie, tak\u017ee dne\u0161n\u00ed absolventi nemaj\u00fa probl\u00e9m ani v\u00a0tejto oblasti.<\/p>\n<p><strong>Ned\u00e1 sa nesp\u00fdta\u0165: Znela a\u00a0znie v\u00a0\u0161kole st\u00e1le aj skali\u010dtina?<\/strong><br \/>\n<strong>EP:<\/strong> V\u00a0\u0161kole znela nielen skali\u010dtina, ale aj z\u00e1hor\u00e1\u010dtina, tvrd\u00e1 myjavsk\u00e1 re\u010d, no hlavne na chodb\u00e1ch a\u00a0mimo vyu\u010dovania. Na\u0161a \u0161kola je toti\u017e intern\u00e1tna, preto s\u00fa tam \u017eiaci z\u00a0r\u00f4znych regi\u00f3nov. Na hodin\u00e1ch sme sa sna\u017eili vies\u0165 \u017eiakov k\u00a0pou\u017e\u00edvaniu spisovnej sloven\u010diny, aj ke\u010f to nebolo v\u017edy \u013eahk\u00e9.<\/p>\n<p><strong>\u013dB:<\/strong> Na\u0161a \u0161kola m\u00e1 region\u00e1lnu p\u00f4sobnos\u0165. M\u00e1me \u017eiakov zo \u0161irok\u00e9ho okolia, na chodbe je, teda, mo\u017en\u00e9 po\u010du\u0165 r\u00f4zne n\u00e1re\u010dia. Skali\u010dti na v \u0161kole, samozrejme, zaznieva. Mysl\u00edm si v\u0161ak, \u017ee by mohla zaznieva\u0165 ove\u013ea viac.<\/p>\n<figure id=\"attachment_4831\" aria-describedby=\"caption-attachment-4831\" style=\"width: 779px\" class=\"wp-caption aligncenter\"><img loading=\"lazy\" decoding=\"async\" class=\"size-full wp-image-4831\" src=\"http:\/\/skalickyobzor.sk\/cms\/wp-content\/uploads\/2021\/10\/skola.jpg\" alt=\"\" width=\"779\" height=\"442\" srcset=\"http:\/\/skalickyobzor.sk\/cms\/wp-content\/uploads\/2021\/10\/skola.jpg 779w, http:\/\/skalickyobzor.sk\/cms\/wp-content\/uploads\/2021\/10\/skola-300x170.jpg 300w, http:\/\/skalickyobzor.sk\/cms\/wp-content\/uploads\/2021\/10\/skola-768x436.jpg 768w\" sizes=\"auto, (max-width: 779px) 100vw, 779px\" \/><figcaption id=\"caption-attachment-4831\" class=\"wp-caption-text\">Budova SZ\u0160 na Lichardovej ulici v\u00a0Skalici<\/figcaption><\/figure>\n<p><strong>Pani Pot\u00fa\u010dkov\u00e1, spomeniete si na niektor\u00fdch svojich sl\u00e1vnych kolegov a\u00a0dajak\u00fa vesel\u00fa historku z\u00a0va\u0161ej dlhoro\u010dnej pr\u00edtomnosti v\u00a0\u0161kolstve?<\/strong><br \/>\n<strong>EP:<\/strong> Spom\u00ednam a\u00a0to dos\u0165 \u010dasto. V\u00a0ostatnom \u010dase \u010dasto mysl\u00edm na prv\u00e9ho riadite\u013ea a\u00a0zakladate\u013ea \u0161koly RNDr. Silvestra Michala. Mala som mo\u017enos\u0165 viackr\u00e1t sa s\u00a0n\u00edm stretn\u00fa\u0165 a\u00a0tieto stretnutia vo mne zanechali ve\u013ea m\u00fadrosti a\u00a0povzbudenia. \u017del\u00e1m mu ve\u013ea zdravia a\u00a0spokojnosti. S\u00a0l\u00e1skou a\u00a0ve\u013ek\u00fdm re\u0161pektom spom\u00ednam na pani profesorku Fordin\u00e1lov\u00fa, triednu u\u010dite\u013eku Hr\u00e1nkov\u00fa, b\u00fdval\u00e9ho riadite\u013ea PaedDr. Holl\u00e9ho, m\u00f4jho predchodcu RNDr. Dinku, pani docentku Hulkov\u00fa, pani vychov\u00e1vate\u013eku Jedli\u010dkov\u00fa, pani Mgr. Fu\u0148\u00e1kov\u00fa, pani Mgr. Kvasni\u010dkov\u00fa a\u00a0vlastne na v\u0161etk\u00fdch pedag\u00f3gov, s\u00a0ktor\u00fdmi sa mi \u00fa\u017easne pracovalo. Bez nich by som sama ni\u010d nedosiahla. \u00dasmevn\u00fa historku, na ktor\u00fa nikdy nezabudnem, som pre\u017eila na za\u010diatku m\u00f4jho p\u00f4sobenia v\u00a0\u0161kole. Ke\u010f\u017ee som bola absolventkou (vtedy bola zborov\u0148a pre \u0161tudentov tabu), pri n\u00e1stupe do zamestnania som zostala st\u00e1\u0165 na chodbe a\u00a0nemala som odvahu vst\u00fapi\u0165 do zborovne. Vtedy sa bud\u00faci kolegovia zachovali \u00fa\u017easne. Vy\u0161li von a\u00a0po dlh\u0161om prehov\u00e1ran\u00ed ma dotiahli dovn\u00fatra. No, a\u00a0\u010fal\u0161\u00ed \u0161ok pre m\u0148a bol, ke\u010f mi p\u00e1n u\u010dite\u013e Nejedl\u00edk pri podan\u00ed ruky povedal: Ja som nejak\u00fd Dezider, tykajme si. To u\u017e bolo nad moje sily, len som tam st\u00e1la a\u00a0nevedela som sa pohn\u00fa\u0165. Zo \u0161oku ma prebrala Ing. Urbanov\u00e1, ktor\u00e1 mi r\u00e1zne povedala: Tak si u\u017e kone\u010dne sadni, toto je tvoj st\u00f4l. No, a\u00a0tak som tam zostala \u0161tyridsa\u0165 rokov &#8230;<\/p>\n<p><strong>\u010eakujeme za rozhovor.<\/strong><\/p>\n<p><em>\u017delm\u00edra Mach\u00e1\u010dkov\u00e1 <\/em><br \/>\n<em>Foto: Arch\u00edv SZ\u0160<\/em><\/p>\n","protected":false},"excerpt":{"rendered":"<div class=\"mh-excerpt\"><p>Takmer presne pred rokom osl\u00e1vila okr\u00fahle 60. narodeniny kr\u00e1sna, v\u00e1\u017een\u00e1 a\u00a0cten\u00e1 d\u00e1ma \u2013 Stredn\u00e1 zdravotn\u00edcka \u0161kola v\u00a0Skalici. V\u00a0\u010dase siln\u00fdch protiepidemick\u00fdch opatren\u00ed zanikli snahy o\u00a0d\u00f4stojn\u00e9 oslavy v\u00fdro\u010dia a\u00a0v\u0161etky aktivity, ktor\u00e9 ich mali sprev\u00e1dza\u0165. Svedectvom ostane bro\u017e\u00fara, <a class=\"mh-excerpt-more\" href=\"http:\/\/skalickyobzor.sk\/cms\/odlozene-vyrocie\/\" title=\"Odlo\u017een\u00e9 v\u00fdro\u010die\">[&#8230;]<\/a><\/p>\n<\/div>","protected":false},"author":2,"featured_media":4803,"comment_status":"closed","ping_status":"closed","sticky":false,"template":"","format":"standard","meta":{"footnotes":""},"categories":[2],"tags":[],"class_list":{"0":"post-4802","1":"post","2":"type-post","3":"status-publish","4":"format-standard","5":"has-post-thumbnail","7":"category-hlavna-tema"},"_links":{"self":[{"href":"http:\/\/skalickyobzor.sk\/cms\/wp-json\/wp\/v2\/posts\/4802","targetHints":{"allow":["GET"]}}],"collection":[{"href":"http:\/\/skalickyobzor.sk\/cms\/wp-json\/wp\/v2\/posts"}],"about":[{"href":"http:\/\/skalickyobzor.sk\/cms\/wp-json\/wp\/v2\/types\/post"}],"author":[{"embeddable":true,"href":"http:\/\/skalickyobzor.sk\/cms\/wp-json\/wp\/v2\/users\/2"}],"replies":[{"embeddable":true,"href":"http:\/\/skalickyobzor.sk\/cms\/wp-json\/wp\/v2\/comments?post=4802"}],"version-history":[{"count":18,"href":"http:\/\/skalickyobzor.sk\/cms\/wp-json\/wp\/v2\/posts\/4802\/revisions"}],"predecessor-version":[{"id":4832,"href":"http:\/\/skalickyobzor.sk\/cms\/wp-json\/wp\/v2\/posts\/4802\/revisions\/4832"}],"wp:featuredmedia":[{"embeddable":true,"href":"http:\/\/skalickyobzor.sk\/cms\/wp-json\/wp\/v2\/media\/4803"}],"wp:attachment":[{"href":"http:\/\/skalickyobzor.sk\/cms\/wp-json\/wp\/v2\/media?parent=4802"}],"wp:term":[{"taxonomy":"category","embeddable":true,"href":"http:\/\/skalickyobzor.sk\/cms\/wp-json\/wp\/v2\/categories?post=4802"},{"taxonomy":"post_tag","embeddable":true,"href":"http:\/\/skalickyobzor.sk\/cms\/wp-json\/wp\/v2\/tags?post=4802"}],"curies":[{"name":"wp","href":"https:\/\/api.w.org\/{rel}","templated":true}]}}