{"id":4845,"date":"2021-11-10T18:02:41","date_gmt":"2021-11-10T17:02:41","guid":{"rendered":"http:\/\/skalickyobzor.sk\/cms\/?p=4845"},"modified":"2021-11-10T18:17:07","modified_gmt":"2021-11-10T17:17:07","slug":"skalicke-priezviska-xvi-bundala-kus-afriky-v-skalici","status":"publish","type":"post","link":"http:\/\/skalickyobzor.sk\/cms\/skalicke-priezviska-xvi-bundala-kus-afriky-v-skalici\/","title":{"rendered":"Skalick\u00e9 priezvisk\u00e1 XVI &#8211; Bundala, kus Afriky v Skalici?"},"content":{"rendered":"<p>Priezvisko Bundala m\u00f4\u017eeme na Slovensku pova\u017eova\u0165 za \u010disto skalick\u00e9. Vo svete sa v\u0161ak vyskytuje najviac v\u00a0Tanz\u00e1nii, na v\u00fdchodnom pobre\u017e\u00ed strednej Afriky, kde by ste mohli stretn\u00fa\u0165 vy\u0161e tis\u00edc Bundalovcov. \u00daradnou re\u010dou v\u00a0Tanz\u00e1nii, ale aj v\u00a0okolit\u00fdch \u0161t\u00e1toch, je svahil\u0161tina. P\u00f4vod priezviska je v\u0161ak nezistite\u013en\u00fd, preto\u017ee vo svahil\u0161tine ni\u010d neznamen\u00e1. Asi najexponovanej\u0161\u00edm je slovo Bundala v\u00a0n\u00e1zve n\u00e1rodn\u00e9ho parku na Sr\u00ed Lanke, ktor\u00fd nesie toto meno. Bundala je n\u00e1zov v\u00fdznamn\u00e9ho zimoviska pre s\u0165ahovav\u00e9 vodn\u00e9 vt\u00e1ky, ktor\u00e9 sa v\u00a0roku 1993 stalo n\u00e1rodn\u00fdm parkom s\u00a0medzin\u00e1rodn\u00fdm presahom.<\/p>\n<p>Ako sa v\u0161ak dostalo priezvisko Bundala na Slovensko je doposia\u013e zahalen\u00e9 tajomstvom. Je mo\u017en\u00e9, \u017ee vzniklo z\u00a0podstatn\u00e9ho mena bunda, ktor\u00e9 sa pou\u017e\u00edvalo u\u017e v\u00a017. storo\u010d\u00ed. Historick\u00fd slovn\u00edk slovensk\u00e9ho jazyka k\u00a0tomuto heslu hovor\u00ed: \u201ebunda <em>\u017e. rod, ma\u010f. dlh\u00fd kab\u00e1t pod\u0161it\u00fd ko\u017eu\u0161inou, ko\u017euch<\/em>: chimastrum: bunda (NP 17. st); pellicea tunica: kab\u00e1t, ko\u017euch, bunda; gausape: hu\u0148a, bunda (KS1763); bunda a\u00a0moge menteky, kepen a\u00a0bjele ssati magu se daty memu otcowy (S. \u013dUP\u010cA 1784); gedna obnosena vl\u010dura, to gest wl\u010dy bunda (s. l. 18. st.) <em>b. pod\u0161it\u00e1 ko\u017eu\u0161inou z vlka. <\/em>V\u00a0ma\u010far\u010dine bunda znamen\u00e1 ko\u017euch, odev.\u201c<\/p>\n<p>Zatia\u013e ani nevieme ako sa toto priezvisko dostalo do Skalice, no vieme presne identifikova\u0165 ako sa roz\u0161\u00edrilo. Prv\u00fdkr\u00e1t sa objavuje v\u00a0skalick\u00fdch matrik\u00e1ch a\u017e v\u00a018. storo\u010d\u00ed v\u00a0tej s\u00favislosti, \u017ee 8. j\u00fana 1712 sa do rodiny <strong>J\u00e1na Bundalu<\/strong> z\u00a0Mokr\u00e9ho H\u00e1ja a\u00a0jeho man\u017eelky Anny narodil a\u00a0bol pokrsten\u00fd syn <strong>J\u00e1n<\/strong>. Pravdepodobne prvoroden\u00fd. Nasledovali ho deti <strong>Juraj<\/strong> (*1715), <strong>Martin<\/strong> (*1718), <strong>Pavol<\/strong> (*1721), <strong>Michal<\/strong> (*1724) a\u00a0<strong>Mar\u00edna<\/strong> (*1728). A\u00a0tieto deti J\u00e1na Bundalu s\u00fa \u201eprapra&#8230; rodi\u010dmi\u201c v\u0161etk\u00fdch Bundalovcov, ktor\u00ed dnes \u017eij\u00fa v\u00a0Skalici i\u00a0bl\u00edzkom okol\u00ed.<\/p>\n<p>V 18. storo\u010d\u00ed sa de\u0165om J\u00e1na Bundalu a ich de\u0165om a vn\u00fa\u010dat\u00e1m narodilo 109 det\u00ed, ktor\u00e9 nosili priezvisko Bundala. Aj v 19. storo\u010d\u00ed patrilo priezvisko medzi po\u010detn\u00e9 a v tomto obdob\u00ed zaznamenali skalick\u00e9 matriky 81 krstov det\u00ed s\u00a0priezviskom Bundala.<\/p>\n<p>Pri s\u010d\u00edtan\u00ed obyvate\u013estva v\u00a0roku 1995 sa na Slovensku priezvisko Bundala nach\u00e1dzalo 26-kr\u00e1t v\u00a0\u00f4smich lokalit\u00e1ch. Najviac Bundalovcov, samozrejme, v\u00a0Skalici \u2013 dev\u00e4\u0165. Nasledovali Tren\u010d\u00edn (5), Vr\u00e1di\u0161te (3), Zlatovce (3), Petr\u017ealka (3) a\u00a0Kyselica, Senica a\u00a0bratislavsk\u00e9 Star\u00e9 Mesto po jednom nosite\u013eovi priezviska Bundala. Priezvisko Bundalov\u00e1 v\u00a0roku 1995 na Slovensku nosilo 20 \u017eien v\u00a0siedmich lokalit\u00e1ch. Op\u00e4\u0165 najviac v\u00a0Skalici, sedem. Nasledovali Vr\u00e1di\u0161te (4), Podolie, Tren\u010d\u00edn, Zlatovce a\u00a0bratislavsk\u00e1 Petr\u017ealka po dvoch a\u00a0bratislavsk\u00e9 Star\u00e9 Mesto s\u00a0jednou nosite\u013ekou priezviska Bundalov\u00e1.<\/p>\n<p>V\u00a0rukopisnej pr\u00e1ci Dr. Jozefa \u0160\u00e1teka <em>V\u00fdznamn\u00ed Skali\u010dania<\/em> sa objavuj\u00fa \u0161tyria Bundalovci. Najstar\u0161\u00edm je pravdepodobne me\u0161\u0165an <strong>J\u00e1n Bundala<\/strong>, ktor\u00e9ho Jozef \u0160\u00e1tek zachytil medzi predplatite\u013emi Katol\u00edckych nov\u00edn v\u00a0roku 1871. V\u00a0roku 1875 figuruje ako riadny \u010dlen Podporn\u00e9ho spolku a\u00a0v\u00a0rokoch 1878\/79 bol \u010dlenom \u0161kolskej stolice pre vy\u0161\u0161iu diev\u010densk\u00fa \u0161kolu. 1. 8. 1884 bol \u010dlenom deput\u00e1cie mesta k\u00a0ministrovi \u0161kolstva, ktor\u00e1 protestovala proti po\u0161t\u00e1tneniu \u013eudovej \u0161koly.<\/p>\n<p>Druh\u00fdm J\u00e1nom, ktor\u00e9ho zachyt\u00e1va Jozef \u0160\u00e1tek vo svojej pr\u00e1ci, je k\u0148az <strong>J\u00e1n Bundala<\/strong> (*27. 1. 1864), ktor\u00fd sa narodil me\u0161\u0165anom J\u00e1novi Bundalovi a\u00a0M\u00e1rii, rod. \u0160kutilove, v\u00a0dome so s\u00fapisn\u00fdm \u010d\u00edslom 305. Po \u0161t\u00fadiu na skalickom gymn\u00e1ziu \u0161tudoval teol\u00f3giu. Na k\u0148aza bol vysv\u00e4ten\u00fd 31. 7. 1887 a\u00a0bol najsk\u00f4r kapl\u00e1nom v\u00a0\u0160a\u0161t\u00edne, no, u\u017e v\u00a0roku 1888 kapl\u00e1nuje v\u00a0Budape\u0161ti. Nesk\u00f4r z\u00edskal doktor\u00e1t a\u00a0stal sa odborn\u00edkom na cirkevn\u00fa hudbu. V\u00a0roku 1897 sa z\u00fa\u010dastnil na kongrese cirkevnej hudby v\u00a0Budape\u0161ti, kde bolo pod\u013ea nemeck\u00e9ho vzoru zalo\u017een\u00e9 krajinsk\u00e9 zdru\u017eenie sv. Cec\u00edlie na pestovanie chr\u00e1movej hudby. S\u00e1m tam predniesol refer\u00e1t o\u00a0cirkevn\u00fdch predpisoch oh\u013eadne liturgick\u00e9ho spevu a\u00a0hudby. V\u00a0roku 1908 sa stal far\u00e1rom v\u00a0Nadliciach, od roku 1913 p\u00f4sobil v\u00a0Topo\u013e\u010danoch. V\u00a0tom istom roku bol menovan\u00fd \u010destn\u00fdm ostrihomsk\u00fdm kanonikom a\u00a0prispel ako \u201epleb\u00e1nos\u201c k\u00a0utvoreniu \u0161tipendijnej Franzenovej z\u00e1kladiny v\u00a0Skalici. Ako dekan p\u00f4sobil v\u00a0Topo\u013e\u010danoch a\u017e do svojej smrti 3. 1. 1923.<\/p>\n<p>Jeho star\u0161\u00edm k\u0148azsk\u00fdm s\u00faputn\u00edkom zo Skalice bol <strong>Michal Bundala<\/strong> (*17. 9. 1855) rodi\u010dov J\u00e1na Bundalu a\u00a0Anny, rod. \u010cernej, ktor\u00e9ho vo svojich predn\u00e1\u0161kach v\u00a0roku 2014, venovan\u00fdm kult\u00farnym pomerom v\u00a0Skalici v\u00a0polovici 19. storo\u010dia a\u00a0Bundalovcom, Martin Hoferka a\u00a0Du\u0161an D\u00fabravick\u00fd uviedli ako brata J\u00e1na. V\u00a0skuto\u010dnosti bol pravdepodobne bratrancom, resp. bratrancom z\u00a0druh\u00e9ho kolena. K\u00a0lep\u0161iemu poznaniu rodinn\u00fdch v\u00e4zieb by bol potrebn\u00fd hlb\u0161\u00ed genealogick\u00fd v\u00fdskum. O\u00a0tomto Michalovi zaznamenal Jozef \u0160\u00e1tek to, \u017ee bol \u00faspe\u0161n\u00fdm \u0161tudentom na skalickom gymn\u00e1ziu. P\u00f4sobil vo Ve\u013ekom Varad\u00edne a\u00a0v\u00a0rokoch 1878 a\u017e 1880 bol \u010dlenom Podporn\u00e9ho spolku v\u00a0Skalici. Na jeho z\u00e1kladinu vlo\u017eil 15 zl. 1. 10. 1905 celebroval pri posviacke Katol\u00edckeho kruhu v\u00a0Skalici.<\/p>\n<figure id=\"attachment_4846\" aria-describedby=\"caption-attachment-4846\" style=\"width: 709px\" class=\"wp-caption aligncenter\"><img loading=\"lazy\" decoding=\"async\" class=\"size-full wp-image-4846\" src=\"http:\/\/skalickyobzor.sk\/cms\/wp-content\/uploads\/2021\/11\/JoannesBundala-nahrobnik-v-topolcanoch.jpg\" alt=\"\" width=\"709\" height=\"709\" srcset=\"http:\/\/skalickyobzor.sk\/cms\/wp-content\/uploads\/2021\/11\/JoannesBundala-nahrobnik-v-topolcanoch.jpg 709w, http:\/\/skalickyobzor.sk\/cms\/wp-content\/uploads\/2021\/11\/JoannesBundala-nahrobnik-v-topolcanoch-300x300.jpg 300w, http:\/\/skalickyobzor.sk\/cms\/wp-content\/uploads\/2021\/11\/JoannesBundala-nahrobnik-v-topolcanoch-150x150.jpg 150w\" sizes=\"auto, (max-width: 709px) 100vw, 709px\" \/><figcaption id=\"caption-attachment-4846\" class=\"wp-caption-text\">N\u00e1hrobn\u00edk Joannes Bundala v\u00a0Topo\u013e\u010danoch<\/figcaption><\/figure>\n<p>Tret\u00edm J\u00e1nom, ktor\u00e9ho zachyt\u00e1va Jozef \u0160\u00e1tek vo svojej pr\u00e1ci, je v roku 1911 oktav\u00e1n na skalickom gymn\u00e1ziu, podpredseda \u0161tudentsk\u00e9ho Gvad\u00e1nyiho samovzdel\u00e1vacieho kr\u00fa\u017eku <strong>J\u00e1n Bundala<\/strong>, ktor\u00fd mal na oslave 15. 3. 1912 predn\u00e1\u0161ku o \u013eudovej po\u00e9zii boja za slobodu. V tom istom \u0161kolskom roku mal tie\u017e predn\u00e1\u0161ku na pracovnej sch\u00f4dzke kr\u00fa\u017eku. Maturoval v\u00a0roku 1912 s\u00a0v\u00fdsledkom \u201ebene\u201c. Narodil sa 24.\u00a01. 1892 rodi\u010dom Antonovi Bundalovi a\u00a0Anne, rod. Va\u0161e\u010dkovej, v\u00a0dome so s\u00fapisn\u00fdm \u010d\u00edslom 361.<\/p>\n<p>Slovensk\u00fd biografick\u00fd slovn\u00edk I., ktor\u00e9ho vydavate\u013eom bola Matica slovensk\u00e1 v roku 1986 nezabudol e\u0161te na jedn\u00e9ho zn\u00e1meho skalick\u00e9ho Bundalu. Bol n\u00edm <strong>Albert Jozef Bundala<\/strong> (*9. 11. 1878 \u2013 1. 8. 1932), ktor\u00fd po gymnazi\u00e1lnych \u0161t\u00fadi\u00e1ch v Skalici a Ostrihome skon\u010dil \u010cVUT v Prahe. P\u00f4sobil ako laborant v cukrovaroch v \u010cakoviciach pri Prahe, Doma\u017eliciach a N\u00fcrnbergu, ako asistent v cukrovaroch v Seredi, Mez\u0151hegyesi, ako adjunkt v Mod\u0159iciach, Vranoviciach a\u00a0Poho\u0159eliciach a\u00a0ako spr\u00e1vca cukrovaru v\u00a0Pohronskom Ruskove (od r. 1919), kde aj zomrel. Po\u010das pra\u017esk\u00fdch \u0161t\u00fadi\u00ed bol \u010dlenom pra\u017esk\u00e9ho \u0161tudentsk\u00e9ho spolku Detvan a\u00a0nesk\u00f4r pr\u00edvr\u017eencom hlasistick\u00e9ho hnutia. Publikoval v\u00a0Lidov\u00fdch novin\u00e1ch, Cukrovarn\u00edckych listoch a\u00a0v\u00a0region\u00e1lnych periodik\u00e1ch, odoberal viacero slovensk\u00fdch nov\u00edn a\u00a0\u010dasopisov. Z\u00a0matkinej strany bol pr\u00edbuzn\u00fdm \u013dudov\u00edta Ok\u00e1nika a\u00a0Pavla Blahu. Albert Bundala bol chemik a\u00a0cukrovarn\u00edcky odborn\u00edk.<\/p>\n<p>V\u00a0s\u00fa\u010dasnosti v\u00a0Skalici \u017eije s\u00a0priezviskom Bundala a\u00a0Bundalov\u00e1 9 mu\u017eov a\u00a0tie\u017e 9 \u017eien.<\/p>\n<p><em>Mgr. Vladim\u00edr Petrovi\u010d, <\/em><br \/>\n<em>geneal\u00f3g a\u00a0historik<\/em><\/p>\n","protected":false},"excerpt":{"rendered":"<div class=\"mh-excerpt\"><p>Priezvisko Bundala m\u00f4\u017eeme na Slovensku pova\u017eova\u0165 za \u010disto skalick\u00e9. Vo svete sa v\u0161ak vyskytuje najviac v\u00a0Tanz\u00e1nii, na v\u00fdchodnom pobre\u017e\u00ed strednej Afriky, kde by ste mohli stretn\u00fa\u0165 vy\u0161e tis\u00edc Bundalovcov. \u00daradnou re\u010dou v\u00a0Tanz\u00e1nii, ale aj v\u00a0okolit\u00fdch <a class=\"mh-excerpt-more\" href=\"http:\/\/skalickyobzor.sk\/cms\/skalicke-priezviska-xvi-bundala-kus-afriky-v-skalici\/\" title=\"Skalick\u00e9 priezvisk\u00e1 XVI &#8211; Bundala, kus Afriky v Skalici?\">[&#8230;]<\/a><\/p>\n<\/div>","protected":false},"author":48,"featured_media":17,"comment_status":"closed","ping_status":"closed","sticky":false,"template":"","format":"standard","meta":{"footnotes":""},"categories":[25],"tags":[],"class_list":{"0":"post-4845","1":"post","2":"type-post","3":"status-publish","4":"format-standard","5":"has-post-thumbnail","7":"category-skalicke-priezviska"},"_links":{"self":[{"href":"http:\/\/skalickyobzor.sk\/cms\/wp-json\/wp\/v2\/posts\/4845","targetHints":{"allow":["GET"]}}],"collection":[{"href":"http:\/\/skalickyobzor.sk\/cms\/wp-json\/wp\/v2\/posts"}],"about":[{"href":"http:\/\/skalickyobzor.sk\/cms\/wp-json\/wp\/v2\/types\/post"}],"author":[{"embeddable":true,"href":"http:\/\/skalickyobzor.sk\/cms\/wp-json\/wp\/v2\/users\/48"}],"replies":[{"embeddable":true,"href":"http:\/\/skalickyobzor.sk\/cms\/wp-json\/wp\/v2\/comments?post=4845"}],"version-history":[{"count":1,"href":"http:\/\/skalickyobzor.sk\/cms\/wp-json\/wp\/v2\/posts\/4845\/revisions"}],"predecessor-version":[{"id":4847,"href":"http:\/\/skalickyobzor.sk\/cms\/wp-json\/wp\/v2\/posts\/4845\/revisions\/4847"}],"wp:featuredmedia":[{"embeddable":true,"href":"http:\/\/skalickyobzor.sk\/cms\/wp-json\/wp\/v2\/media\/17"}],"wp:attachment":[{"href":"http:\/\/skalickyobzor.sk\/cms\/wp-json\/wp\/v2\/media?parent=4845"}],"wp:term":[{"taxonomy":"category","embeddable":true,"href":"http:\/\/skalickyobzor.sk\/cms\/wp-json\/wp\/v2\/categories?post=4845"},{"taxonomy":"post_tag","embeddable":true,"href":"http:\/\/skalickyobzor.sk\/cms\/wp-json\/wp\/v2\/tags?post=4845"}],"curies":[{"name":"wp","href":"https:\/\/api.w.org\/{rel}","templated":true}]}}