{"id":4857,"date":"2021-11-10T18:10:20","date_gmt":"2021-11-10T17:10:20","guid":{"rendered":"http:\/\/skalickyobzor.sk\/cms\/?p=4857"},"modified":"2021-11-10T18:17:46","modified_gmt":"2021-11-10T17:17:46","slug":"stareckove-marhule","status":"publish","type":"post","link":"http:\/\/skalickyobzor.sk\/cms\/stareckove-marhule\/","title":{"rendered":"Stare\u010dkove marhule"},"content":{"rendered":"<p><em>Iste si pam\u00e4t\u00e1te rad pr\u00edbehov o\u00a0v\u00fdnimo\u010dn\u00fdch stromoch Skalice. Nie len t\u00fdch zn\u00e1mych a\u00a0historick\u00fdch, ale v\u00fdnimo\u010dn\u00fdch pre ka\u017ed\u00e9ho z\u00a0v\u00e1s, ktor\u00ed ste svoje pr\u00edbehy a\u00a0vyznania poslali. Dnes na ne nadv\u00e4zujeme rozpr\u00e1van\u00edm pani Lidky \u010cule\u0148ovej a\u00a0ver\u00edme, \u017ee sa stane s\u00fa\u010das\u0165ou in\u0161pir\u00e1cie pre \u010fal\u0161\u00edch z\u00a0v\u00e1s.<\/em><\/p>\n<figure id=\"attachment_4859\" aria-describedby=\"caption-attachment-4859\" style=\"width: 511px\" class=\"wp-caption aligncenter\"><img loading=\"lazy\" decoding=\"async\" class=\"size-full wp-image-4859\" src=\"http:\/\/skalickyobzor.sk\/cms\/wp-content\/uploads\/2021\/11\/1966-august.jpg\" alt=\"\" width=\"511\" height=\"716\" srcset=\"http:\/\/skalickyobzor.sk\/cms\/wp-content\/uploads\/2021\/11\/1966-august.jpg 511w, http:\/\/skalickyobzor.sk\/cms\/wp-content\/uploads\/2021\/11\/1966-august-214x300.jpg 214w\" sizes=\"auto, (max-width: 511px) 100vw, 511px\" \/><figcaption id=\"caption-attachment-4859\" class=\"wp-caption-text\">August 1966<\/figcaption><\/figure>\n<p>N\u00e1\u0161 stare\u010dek, \u0160tefan Ku\u010dera, b\u00edvali ze starenk\u00fa M\u00e1rij\u00fa na Hor\u0148\u00edch maj\u00edroch. N\u00e1\u0161 proto, proto\u017ee mjeli tri v\u0148u\u010dki. Dvje bili od sina Jo\u017eku a jedna ot c\u00e9ri Helki. Abi sa n\u00e1hod\u00fa nepom\u00edlili, ket n\u00e1s oslovovali, tak \u0161eck\u00edm r\u00edkali Milenko. Bilo to pro \u0148ich jednoduch\u0161\u00ed, lebo si nemoseli pamatovat tri r\u00fazn\u00e9 m\u00e9na. Odjak\u017eiva, co si ich pamatuju, mjeli furt v hubje cigar\u00e9tlu, najra\u010di \u201cBystrice\u201d, mo\u017en\u00e1 predt\u00edm \u201cZorki\u201d. Stare\u010dek bili n\u00e9 enom velik\u00ed faj\u010d\u00e1r, ale aj zahrad\u0148\u00edk a vinohrad\u0148\u00edk. Na \u0165is\u00edce sa daj\u00fa po\u010d\u00edtat \u0161\u0165epi, ker\u00e9 cel\u00fa zimu v kuchi\u0148i \u0161\u0165epovali. Bila to frankofka a\u00a0nejeden skalick\u00ed vinohrad bil s\u00a0\u0148\u00fa visa\u010fen\u00ed. Stare\u010dek \u0161\u0165epili aj stromki a\u00a0mjeli velik\u00fa rados\u0165, ket n\u00e1s vi\u010feli jest ovoc\u00e9, ker\u00e9 dozr\u00e1lo na \u201cjejich\u201d stromoch. O\u0148i ale \u0148ikdi \u017e\u00e1dn\u00e9 nejedli. Najrad\u0161i ho mjeli enom v\u00a0tekut\u00e9m stavje. Hrozna, ale tak\u00e9 aj jab\u00fa\u010dka, promje\u0148en\u00e9 na v\u00edno, marhule a\u00a0trnki na marhulovicu a\u00a0slivovicu. Na vodu si moc nepotrpjeli, t\u00fa mjeli enom na um\u00edva\u0148\u00ed.<\/p>\n<figure id=\"attachment_4860\" aria-describedby=\"caption-attachment-4860\" style=\"width: 453px\" class=\"wp-caption aligncenter\"><img loading=\"lazy\" decoding=\"async\" class=\"size-full wp-image-4860\" src=\"http:\/\/skalickyobzor.sk\/cms\/wp-content\/uploads\/2021\/11\/20210213_095751.jpg\" alt=\"\" width=\"453\" height=\"763\" srcset=\"http:\/\/skalickyobzor.sk\/cms\/wp-content\/uploads\/2021\/11\/20210213_095751.jpg 453w, http:\/\/skalickyobzor.sk\/cms\/wp-content\/uploads\/2021\/11\/20210213_095751-178x300.jpg 178w\" sizes=\"auto, (max-width: 453px) 100vw, 453px\" \/><figcaption id=\"caption-attachment-4860\" class=\"wp-caption-text\">13. febru\u00e1r 2021<\/figcaption><\/figure>\n<p>Na dvori m\u00e1me dopos\u00e1t marhulu, ker\u00e1 je tak\u00e9 e\u0161\u0165e stare\u010dkov\u00e1. Nekedi okolo roku 1960 tu bili zasa\u010fen\u00e9 \u0161tiri, ale tri z\u00a0\u0148ich u\u017e ode\u0161li a\u00a0v\u010dilkaj tu ostala posled\u0148\u00ed. Marhule z\u00a0\u0148\u00ed maj\u00fa ina\u010d\u00ed chu\u0165 jak ti dne\u0161\u0148\u00ed \u0161lech\u0165en\u00e9 sorti. Ned\u00e1 sa to pres\u0148e op\u00edsat, ale ket ich \u010dlovjek oko\u0161tuje, tak pochop\u00ed. Nekedi jich je na stromje moc, vtedi s\u00fa men\u0161\u00ed, ale esli je jich m\u00e9\u0148ej, tak s\u00fa jak pomaran\u010de. Najlep\u0161\u00ed je v\u017edicki t\u00e1, ker\u00e1 zral\u00e1 spadne vedl\u00e1 v\u00e1s na zem a\u00a0vi ju hnet zeberete, \u0161up s\u00a0\u0148\u00fa do puse a\u00a0\u0161\u0165\u00e1va kr\u00e1s\u0148e te\u010de po bra\u010fe.<\/p>\n<figure id=\"attachment_4861\" aria-describedby=\"caption-attachment-4861\" style=\"width: 771px\" class=\"wp-caption aligncenter\"><img loading=\"lazy\" decoding=\"async\" class=\"size-full wp-image-4861\" src=\"http:\/\/skalickyobzor.sk\/cms\/wp-content\/uploads\/2021\/11\/2020-jun-1.jpg\" alt=\"\" width=\"771\" height=\"696\" srcset=\"http:\/\/skalickyobzor.sk\/cms\/wp-content\/uploads\/2021\/11\/2020-jun-1.jpg 771w, http:\/\/skalickyobzor.sk\/cms\/wp-content\/uploads\/2021\/11\/2020-jun-1-300x271.jpg 300w, http:\/\/skalickyobzor.sk\/cms\/wp-content\/uploads\/2021\/11\/2020-jun-1-768x693.jpg 768w\" sizes=\"auto, (max-width: 771px) 100vw, 771px\" \/><figcaption id=\"caption-attachment-4861\" class=\"wp-caption-text\">J\u00fan 2020<\/figcaption><\/figure>\n<p>Z\u00a0tichto marhul\u00ed je velice dobr\u00ed aj lekvar, co oce\u0148uj\u00fa aj na\u0161e v\u0148u\u010dki. Je mi ale velice l\u00fato, \u017ee nem\u00e1 marhulu-pokra\u010dovatelku, tak, jak m\u00e1me mi. Na\u0161el bi sa ve Skalici \u010dlovjek, ker\u00ed bi sa o\u00a0to postaral?<\/p>\n<p><em>Lidka \u010cule\u0148ov\u00e1<\/em><br \/>\n<em>Foto: arch\u00edv autorky<\/em><\/p>\n","protected":false},"excerpt":{"rendered":"<div class=\"mh-excerpt\"><p>Iste si pam\u00e4t\u00e1te rad pr\u00edbehov o\u00a0v\u00fdnimo\u010dn\u00fdch stromoch Skalice. Nie len t\u00fdch zn\u00e1mych a\u00a0historick\u00fdch, ale v\u00fdnimo\u010dn\u00fdch pre ka\u017ed\u00e9ho z\u00a0v\u00e1s, ktor\u00ed ste svoje pr\u00edbehy a\u00a0vyznania poslali. Dnes na ne nadv\u00e4zujeme rozpr\u00e1van\u00edm pani Lidky \u010cule\u0148ovej a\u00a0ver\u00edme, \u017ee sa <a class=\"mh-excerpt-more\" href=\"http:\/\/skalickyobzor.sk\/cms\/stareckove-marhule\/\" title=\"Stare\u010dkove marhule\">[&#8230;]<\/a><\/p>\n<\/div>","protected":false},"author":37,"featured_media":4858,"comment_status":"closed","ping_status":"closed","sticky":false,"template":"","format":"standard","meta":{"footnotes":""},"categories":[4],"tags":[],"class_list":{"0":"post-4857","1":"post","2":"type-post","3":"status-publish","4":"format-standard","5":"has-post-thumbnail","7":"category-ja-su-ze-skalice"},"_links":{"self":[{"href":"http:\/\/skalickyobzor.sk\/cms\/wp-json\/wp\/v2\/posts\/4857","targetHints":{"allow":["GET"]}}],"collection":[{"href":"http:\/\/skalickyobzor.sk\/cms\/wp-json\/wp\/v2\/posts"}],"about":[{"href":"http:\/\/skalickyobzor.sk\/cms\/wp-json\/wp\/v2\/types\/post"}],"author":[{"embeddable":true,"href":"http:\/\/skalickyobzor.sk\/cms\/wp-json\/wp\/v2\/users\/37"}],"replies":[{"embeddable":true,"href":"http:\/\/skalickyobzor.sk\/cms\/wp-json\/wp\/v2\/comments?post=4857"}],"version-history":[{"count":1,"href":"http:\/\/skalickyobzor.sk\/cms\/wp-json\/wp\/v2\/posts\/4857\/revisions"}],"predecessor-version":[{"id":4862,"href":"http:\/\/skalickyobzor.sk\/cms\/wp-json\/wp\/v2\/posts\/4857\/revisions\/4862"}],"wp:featuredmedia":[{"embeddable":true,"href":"http:\/\/skalickyobzor.sk\/cms\/wp-json\/wp\/v2\/media\/4858"}],"wp:attachment":[{"href":"http:\/\/skalickyobzor.sk\/cms\/wp-json\/wp\/v2\/media?parent=4857"}],"wp:term":[{"taxonomy":"category","embeddable":true,"href":"http:\/\/skalickyobzor.sk\/cms\/wp-json\/wp\/v2\/categories?post=4857"},{"taxonomy":"post_tag","embeddable":true,"href":"http:\/\/skalickyobzor.sk\/cms\/wp-json\/wp\/v2\/tags?post=4857"}],"curies":[{"name":"wp","href":"https:\/\/api.w.org\/{rel}","templated":true}]}}