{"id":486,"date":"2018-02-09T17:10:21","date_gmt":"2018-02-09T16:10:21","guid":{"rendered":"http:\/\/skalickyobzor.sk\/cms\/?p=486"},"modified":"2018-02-09T17:10:21","modified_gmt":"2018-02-09T16:10:21","slug":"vazeni-poslanci-5","status":"publish","type":"post","link":"http:\/\/skalickyobzor.sk\/cms\/vazeni-poslanci-5\/","title":{"rendered":"V\u00e1\u017een\u00ed poslanci"},"content":{"rendered":"<p><strong>Na za\u010diatku roka sme polo\u017eili na\u0161im poslancom ot\u00e1zku, ktor\u00e1 sa op\u00e4\u0165 t\u00fdkala volebn\u00fdch obvodov. Tentokr\u00e1t z\u00a0in\u00e9ho uh\u013ea poh\u013eadu. Zamerali sme sa na fakt, \u017ee pod\u013ea v\u0161etk\u00fdch platn\u00fdch pravidiel si m\u00f4\u017ee kandid\u00e1t na poslanca \u013eubovo\u013ene vybra\u0165 obvod, za ktor\u00fd bude kandidova\u0165. Podrobnej\u0161ie si m\u00f4\u017eete k\u00a0tejto t\u00e9me pre\u010d\u00edta\u0165 \u010dl\u00e1nok na strane 14 v\u00a0tomto \u010d\u00edsle Skalick\u00e9ho Obzoru.<\/strong><\/p>\n<p><!--more--><\/p>\n<p>Poslanci dostali od n\u00e1s list v\u00a0 tomto znen\u00ed:<\/p>\n<p>V\u00e1\u017een\u00fd p\u00e1n prim\u00e1tor a\u00a0v\u00e1\u017een\u00ed poslanci, v\u00a0prvom rade by som V\u00e1m rada za\u017eelala v\u00a0novom roku hlavne ve\u013ea zdravia a\u00a0spokojnosti v\u00a0osobnom i\u00a0pracovnom \u017eivote.<\/p>\n<p>Moj\u00edm spolo\u010dn\u00fdm \u017eelan\u00edm pre n\u00e1s v\u0161etk\u00fdch je zru\u0161enie bari\u00e9r v\u00a0 komunik\u00e1cii. My h\u013ead\u00e1me u\u00a0 v\u00e1s odpovede bez rozdielu toho, kto na ktorej strane c\u00edti svoje miesto. Bez rozdielu sympati\u00ed i\u00a0n\u00e1zorov. Som presved\u010den\u00e1, \u017ee len tak m\u00f4\u017eeme n\u00e1js\u0165 rie\u0161enie dobr\u00e9 pre mesto a\u00a0jeho \u013eud\u00ed. Svoj diel z\u00a0nich zastupuje ka\u017ed\u00fd z\u00a0v\u00e1s a\u00a0ich spokojnos\u0165 je na\u0161\u00edm spolo\u010dn\u00fdm cie\u013eom. Pevne ver\u00edm v\u00a0dobr\u00fa spolupr\u00e1cu v\u00a0roku, ktor\u00fd n\u00e1s \u010dak\u00e1, i\u00a0v\u00a0rokoch, ktor\u00e9 pr\u00eddu za n\u00edm.<\/p>\n<p>Tento mesiac pokra\u010dujeme v\u00a0 na\u0161ej pravidelnej rubrike s\u00a0 \u010fal\u0161ou ot\u00e1zkou k\u00a0t\u00e9me volebn\u00fdch obvodov:<\/p>\n<p><strong>S\u00fahlas\u00edte s\u00a0t\u00fdm, aby kandid\u00e1t na poslanca MsZ mohol kandidova\u0165 len v\u00a0 obvode, v\u00a0 ktorom m\u00e1 trval\u00e9 bydlisko?<\/strong><\/p>\n<p>Odpove\u010f: <strong>\u00c1NO\/NIE<\/strong><\/p>\n<p>Odpove\u010f, pros\u00edm, za\u0161lite do 15.\u00a01.\u00a02017<\/p>\n<p>Ak m\u00e1te z\u00e1ujem, popros\u00edme V\u00e1s aj\u00a0 o\u00a0 zaslanie Va\u0161ich n\u00e1zorov na t\u00fato t\u00e9mu. V\u010fa\u010dne ich uv\u00edtame. Napom\u00f4\u017eu n\u00e1m v\u00a0 hlb\u0161om poznan\u00ed r\u00f4znych n\u00e1zorov a\u00a0 v\u00a0 \u010fal\u0161ej pr\u00e1ci aj pre Va\u0161ich voli\u010dov.<\/p>\n<p>VYSVETLIVKY:<br \/>\n0 neodpovedal<br \/>\n? nedal jednozna\u010dn\u00fa odpove\u010f<\/p>\n<p>&nbsp;<\/p>\n<div id=\"poslanci\">\n<div class=\"poslanec\">\n<div class=\"foto\"><img decoding=\"async\" src=\"http:\/\/skalickyobzor.sk\/cms\/wp-content\/uploads\/2017\/10\/fotka_poslanca.jpg\" \/><\/div>\n<div class=\"meno\">BAR\u00c1T \u013dudov\u00edt<\/div>\n<div class=\"odpoved\">0<\/div>\n<\/div>\n<div class=\"poslanec\">\n<div class=\"foto\"><img decoding=\"async\" src=\"http:\/\/skalickyobzor.sk\/cms\/wp-content\/uploads\/2017\/10\/peter_bartos.jpg\" \/><\/div>\n<div class=\"meno\">BARTO\u0160 Peter<\/div>\n<div class=\"odpoved\">0<\/div>\n<\/div>\n<div class=\"poslanec\">\n<div class=\"foto\"><img decoding=\"async\" src=\"http:\/\/skalickyobzor.sk\/cms\/wp-content\/uploads\/2017\/10\/fotka_poslanca.jpg\" \/><\/div>\n<div class=\"meno\">\u010cUNDERL\u00cdK Juraj<\/div>\n<div class=\"odpoved\">0<\/div>\n<\/div>\n<div class=\"poslanec\">\n<div class=\"foto\"><img decoding=\"async\" src=\"http:\/\/skalickyobzor.sk\/cms\/wp-content\/uploads\/2017\/10\/peter_hertl.jpg\" \/><\/div>\n<div class=\"meno\">HERTL Peter<\/div>\n<div class=\"odpoved\">\u00c1NO<\/div>\n<\/div>\n<div class=\"poslanec\">\n<div class=\"foto\"><img decoding=\"async\" src=\"http:\/\/skalickyobzor.sk\/cms\/wp-content\/uploads\/2017\/10\/fotka_poslanca.jpg\" \/><\/div>\n<div class=\"meno\">CHOVANEC Stanislav<\/div>\n<div class=\"odpoved\">0<\/div>\n<\/div>\n<div class=\"poslanec\">\n<div class=\"foto\"><img decoding=\"async\" src=\"http:\/\/skalickyobzor.sk\/cms\/wp-content\/uploads\/2017\/10\/fotka_poslanca.jpg\" \/><\/div>\n<div class=\"meno\">KADLE\u010c\u00cdK Franti\u0161ek<\/div>\n<div class=\"odpoved\">0<\/div>\n<\/div>\n<div class=\"poslanec\">\n<div class=\"foto\"><img decoding=\"async\" src=\"http:\/\/skalickyobzor.sk\/cms\/wp-content\/uploads\/2017\/10\/martin_kojs.jpg\" \/><\/div>\n<div class=\"meno\">KOJ\u0160 Martin<\/div>\n<div class=\"odpoved\">0<\/div>\n<\/div>\n<div class=\"poslanec\">\n<div class=\"foto\"><img decoding=\"async\" src=\"http:\/\/skalickyobzor.sk\/cms\/wp-content\/uploads\/2017\/10\/ludovit_kosik.jpg\" \/><\/div>\n<div class=\"meno\">KO\u0160\u00cdK \u013dudov\u00edt<\/div>\n<div class=\"odpoved\">NIE<\/div>\n<\/div>\n<div class=\"poslanec\">\n<div class=\"foto\"><img decoding=\"async\" src=\"http:\/\/skalickyobzor.sk\/cms\/wp-content\/uploads\/2017\/10\/peter_kosik.jpg\" \/><\/div>\n<div class=\"meno\">KO\u0160\u00cdK Peter<\/div>\n<div class=\"odpoved\">NIE<\/div>\n<\/div>\n<div class=\"poslanec\">\n<div class=\"foto\"><img decoding=\"async\" src=\"http:\/\/skalickyobzor.sk\/cms\/wp-content\/uploads\/2017\/10\/dusan_krivsky.jpg\" \/><\/div>\n<div class=\"meno\">KRIVSK\u00dd Du\u0161an<\/div>\n<div class=\"odpoved\">\u00c1NO<\/div>\n<\/div>\n<div class=\"poslanec\">\n<div class=\"foto\"><img decoding=\"async\" src=\"http:\/\/skalickyobzor.sk\/cms\/wp-content\/uploads\/2017\/10\/anna_ozabalova.jpg\" \/><\/div>\n<div class=\"meno\">OZ\u00c1BALOV\u00c1 Anna<\/div>\n<div class=\"odpoved\">\u00c1NO<\/div>\n<\/div>\n<div class=\"poslanec\">\n<div class=\"foto\"><img decoding=\"async\" src=\"http:\/\/skalickyobzor.sk\/cms\/wp-content\/uploads\/2017\/12\/peter_pagac.jpg\" \/><\/div>\n<div class=\"meno\">PAG\u00c1\u010c Peter<\/div>\n<div class=\"odpoved\">\u00c1NO<\/div>\n<\/div>\n<div class=\"poslanec\">\n<div class=\"foto\"><img decoding=\"async\" src=\"http:\/\/skalickyobzor.sk\/cms\/wp-content\/uploads\/2017\/10\/jana_rekosova.jpg\" \/><\/div>\n<div class=\"meno\">REKO\u0160OV\u00c1 Jana<\/div>\n<div class=\"odpoved\">\u00c1NO<\/div>\n<\/div>\n<div class=\"poslanec\">\n<div class=\"foto\"><img decoding=\"async\" src=\"http:\/\/skalickyobzor.sk\/cms\/wp-content\/uploads\/2017\/12\/milan_roman.jpg\" \/><\/div>\n<div class=\"meno\">ROMAN Milan<\/div>\n<div class=\"odpoved\">\u00c1NO<\/div>\n<\/div>\n<div class=\"poslanec\">\n<div class=\"foto\"><img decoding=\"async\" src=\"http:\/\/skalickyobzor.sk\/cms\/wp-content\/uploads\/2017\/10\/michal_srholec.jpg\" \/><\/div>\n<div class=\"meno\">SRHOLEC Michal<\/div>\n<div class=\"odpoved\">\u00c1NO<\/div>\n<\/div>\n<div class=\"poslanec\">\n<div class=\"foto\"><img decoding=\"async\" src=\"http:\/\/skalickyobzor.sk\/cms\/wp-content\/uploads\/2017\/10\/fotka_poslanca.jpg\" \/><\/div>\n<div class=\"meno\">\u0160ANTAV\u00dd Rudolf<\/div>\n<div class=\"odpoved\">0<\/div>\n<\/div>\n<div class=\"poslanec\">\n<div class=\"foto\"><img decoding=\"async\" src=\"http:\/\/skalickyobzor.sk\/cms\/wp-content\/uploads\/2017\/10\/frantisek_stefanec.jpg\" \/><\/div>\n<div class=\"meno\">\u0160TEFANEC Franti\u0161ek<\/div>\n<div class=\"odpoved\">NIE<\/div>\n<\/div>\n<div class=\"poslanec\">\n<div class=\"foto\"><img decoding=\"async\" src=\"http:\/\/skalickyobzor.sk\/cms\/wp-content\/uploads\/2017\/10\/lukas_tison.jpg\" \/><\/div>\n<div class=\"meno\">TISO\u0147 Luk\u00e1\u0161<\/div>\n<div class=\"odpoved\">NIE<\/div>\n<\/div>\n<div class=\"poslanec\">\n<div class=\"foto\"><img decoding=\"async\" src=\"http:\/\/skalickyobzor.sk\/cms\/wp-content\/uploads\/2017\/10\/fotka_poslanca.jpg\" \/><\/div>\n<div class=\"meno\">T\u00d3TH Alexander<\/div>\n<div class=\"odpoved\">0<\/div>\n<\/div>\n<div class=\"poslanec\">\n<div class=\"foto\"><img decoding=\"async\" src=\"http:\/\/skalickyobzor.sk\/cms\/wp-content\/uploads\/2017\/10\/daniel_vidovic.jpg\" \/><\/div>\n<div class=\"meno\">VIDOVI\u010c Daniel<\/div>\n<div class=\"odpoved\">NIE<\/div>\n<\/div>\n<\/div>\n<p>&nbsp;<\/p>\n<p>&nbsp;<\/p>\n<p><em>Mil\u00ed Skali\u010dania, zauj\u00edma v\u00e1s dajak\u00e1 t\u00e9ma alebo m\u00e1te ot\u00e1zku na poslancov? Podnety m\u00f4\u017eete zasiela\u0165 na adresu redakcie skalickyobzor@skalickyobzor.sk. \u010eakujeme!<\/em><\/p>\n","protected":false},"excerpt":{"rendered":"<div class=\"mh-excerpt\"><p>Na za\u010diatku roka sme polo\u017eili na\u0161im poslancom ot\u00e1zku, ktor\u00e1 sa op\u00e4\u0165 t\u00fdkala volebn\u00fdch obvodov. Tentokr\u00e1t z\u00a0in\u00e9ho uh\u013ea poh\u013eadu. Zamerali sme sa na fakt, \u017ee pod\u013ea v\u0161etk\u00fdch platn\u00fdch pravidiel si m\u00f4\u017ee kandid\u00e1t na poslanca \u013eubovo\u013ene vybra\u0165 <a class=\"mh-excerpt-more\" href=\"http:\/\/skalickyobzor.sk\/cms\/vazeni-poslanci-5\/\" title=\"V\u00e1\u017een\u00ed poslanci\">[&#8230;]<\/a><\/p>\n<\/div>","protected":false},"author":1,"featured_media":239,"comment_status":"closed","ping_status":"closed","sticky":false,"template":"","format":"standard","meta":{"footnotes":""},"categories":[9],"tags":[],"class_list":{"0":"post-486","1":"post","2":"type-post","3":"status-publish","4":"format-standard","5":"has-post-thumbnail","7":"category-vazeni-poslanci"},"_links":{"self":[{"href":"http:\/\/skalickyobzor.sk\/cms\/wp-json\/wp\/v2\/posts\/486","targetHints":{"allow":["GET"]}}],"collection":[{"href":"http:\/\/skalickyobzor.sk\/cms\/wp-json\/wp\/v2\/posts"}],"about":[{"href":"http:\/\/skalickyobzor.sk\/cms\/wp-json\/wp\/v2\/types\/post"}],"author":[{"embeddable":true,"href":"http:\/\/skalickyobzor.sk\/cms\/wp-json\/wp\/v2\/users\/1"}],"replies":[{"embeddable":true,"href":"http:\/\/skalickyobzor.sk\/cms\/wp-json\/wp\/v2\/comments?post=486"}],"version-history":[{"count":2,"href":"http:\/\/skalickyobzor.sk\/cms\/wp-json\/wp\/v2\/posts\/486\/revisions"}],"predecessor-version":[{"id":488,"href":"http:\/\/skalickyobzor.sk\/cms\/wp-json\/wp\/v2\/posts\/486\/revisions\/488"}],"wp:featuredmedia":[{"embeddable":true,"href":"http:\/\/skalickyobzor.sk\/cms\/wp-json\/wp\/v2\/media\/239"}],"wp:attachment":[{"href":"http:\/\/skalickyobzor.sk\/cms\/wp-json\/wp\/v2\/media?parent=486"}],"wp:term":[{"taxonomy":"category","embeddable":true,"href":"http:\/\/skalickyobzor.sk\/cms\/wp-json\/wp\/v2\/categories?post=486"},{"taxonomy":"post_tag","embeddable":true,"href":"http:\/\/skalickyobzor.sk\/cms\/wp-json\/wp\/v2\/tags?post=486"}],"curies":[{"name":"wp","href":"https:\/\/api.w.org\/{rel}","templated":true}]}}