{"id":4863,"date":"2021-11-10T18:13:07","date_gmt":"2021-11-10T17:13:07","guid":{"rendered":"http:\/\/skalickyobzor.sk\/cms\/?p=4863"},"modified":"2021-11-10T18:18:02","modified_gmt":"2021-11-10T17:18:02","slug":"vazena-pani-primatorka-vazeni-poslanci-31","status":"publish","type":"post","link":"http:\/\/skalickyobzor.sk\/cms\/vazena-pani-primatorka-vazeni-poslanci-31\/","title":{"rendered":"V\u00e1\u017een\u00e1 pani prim\u00e1torka, v\u00e1\u017een\u00ed poslanci!"},"content":{"rendered":"<p>Rozhodnutia mestsk\u00e9ho zastupite\u013estva maj\u00fa vplyv na chod mesta a\u00a0kvalitu \u017eivota v\u0161etk\u00fdch ob\u010danov mesta. V\u00fdznamn\u00fa \u010das\u0165 rozhodnut\u00ed tvoria tie, ktor\u00e9 sa t\u00fdkaj\u00fa financi\u00ed.<\/p>\n<p>Na mimoriadnom augustovom zasadan\u00ed MsZ bolo schv\u00e1len\u00e9 prijatie <em>\u00faveru vo v\u00fd\u0161ke 730 tis\u00edc eur s\u00a0dobou spl\u00e1cania 5 rokov (v\u00a0\u010dlenen\u00ed 600 tis\u00edc eur na kapit\u00e1lov\u00e9 v\u00fddavky a\u00a0130 tis\u00edc eur na be\u017en\u00e9 v\u00fddavky).<\/em><\/p>\n<p>Nako\u013eko vo svojej podstate tento \u00faver za\u0165a\u017e\u00ed bud\u00faci rozpo\u010det mesta, a\u00a0svojim sp\u00f4sobom ho bud\u00fa spl\u00e1ca\u0165 v\u0161etci ob\u010dania zo spolo\u010dn\u00fdch zdrojov, <strong>dovo\u013eujeme si po\u017eiada\u0165 pani prim\u00e1torku <em>o\u00a0od\u00f4vodnenie n\u00e1vrhu na prijatie \u00faveru<\/em><\/strong> a\u00a0v\u00e1s, poslancov mestsk\u00e9ho zastupite\u013estva, o\u00a0odpove\u010f na ot\u00e1zku:<\/p>\n<p><em><strong>Ak\u00e9 ZD\u00d4VODNENIE v\u00e1s priviedlo k\u00a0hlasovaniu ZA\/PROTI alebo ZDR\u017dAL SA pri hlasovan\u00ed prijatia \u00faveru vo v\u00fd\u0161ke 730 000 eur?<\/strong><\/em><\/p>\n<p>Vo svojom mene, vydavate\u013eky Skalick\u00e9ho Obzoru, ale aj v\u00a0mene na\u0161ich \u010ditate\u013eov a\u00a0obyvate\u013eov Skalice v\u00e1m \u010fakujem za v\u0161etky odpovede na ot\u00e1zky, ktor\u00e9 v\u00e1m klad\u00fa ob\u010dania n\u00e1\u0161ho mesta.<\/p>\n<p><em>S\u00a0pozdravom<\/em><br \/>\n<em>\u017delm\u00edra Mach\u00e1\u010dkov\u00e1<\/em><\/p>\n<p>Percent\u00e1 pri fotografii poslanca, poslankyne vyjadruj\u00fa, na ko\u013eko ot\u00e1zok poslanec od za\u010diatku volebn\u00e9ho obdobia odpovedal.<\/p>\n<hr \/>\n<h2>ODPOVEDE PRIM\u00c1TORKY A POSLANCOV<\/h2>\n<p>Mil\u00ed \u010ditatelia, tento mesiac uverej\u0148ujeme odpovede prim\u00e1torky a\u00a0poslancov. Odpovede uverej\u0148ujeme v\u00a0porad\u00ed v\u00a0akom pri\u0161li do redakcie.<\/p>\n<p><em>Redakcia<\/em><\/p>\n<hr \/>\n<p><strong>Anna Mierna, prim\u00e1torka<\/strong><br \/>\nAko prim\u00e1torka chcem obyvate\u013eom n\u00e1\u0161ho mesta zabezpe\u010di\u0165 rozvoj na\u0161ej Skalice. V\u00a0rozpo\u010dte sme mali napl\u00e1novan\u00e9 opravy ul\u00edc (napr. Clementisova), chodn\u00edkov, vybudovanie oplotkov pri kontajneroch, projektov\u00e9 dokument\u00e1cie k\u00a0projektom z\u00a0fondov a\u00a0mnoh\u00e9 \u010fal\u0161ie. Financie na ich realiz\u00e1ciu mali by\u0165 z\u00a0predaja nepotrebn\u00e9ho majetku, \u010do sa n\u00e1m nepodarilo. Preto poslanci schv\u00e1lili \u00faver.<\/p>\n<p><strong>Hertl Adri\u00e1n, poslanec<\/strong><br \/>\n<strong>Hlasoval ZA<\/strong><br \/>\n1. V\u00fdhodnos\u0165 \u00faveru. Po\u017ei\u010diavame si 730.000\u20ac a\u00a0na \u00farokoch a\u00a0poplatkoch zaplat\u00edme max. 1.500\u20ac. 2.\u00a0Hodnota pe\u0148az\u00ed kles\u00e1 a\u00a0cena pr\u00e1ce, materi\u00e1lov st\u00fapa. \u010co oprav\u00edm dnes, bud\u00faci rok by bolo o\u00a05-10% drah\u0161ie. 3. Potreba opravova\u0165 teraz. Nech\u00e1me napr\u00edklad e\u0161te rok zateka\u0165 hlavn\u00fa s\u00e1lu kult. domu? Bud\u00fa v\u00e4\u010d\u0161ie \u0161kody \u2013 n\u00e1ro\u010dnej\u0161ie a\u00a0drah\u0161ie opravy. 4. Treba zaplati\u0165 projekty, aby sme mohli \u010derpa\u0165 eurofondy.<\/p>\n<p><strong>Koj\u0161 Martin, poslanec<\/strong><br \/>\n<strong>Hlasoval ZA<\/strong><br \/>\nAktu\u00e1lne v\u00fdhodn\u00e9\/n\u00edzke n\u00e1klady na spl\u00e1canie \u00faveru. V\u00fdrazne rast\u00faca cena stavebn\u00e9ho materi\u00e1lu, realiz\u00e1cia invest\u00edcie &#8222;dnes&#8220; je v\u00fdrazne v\u00fdhodnej\u0161ia za aktu\u00e1lnych \u00faverov\u00fdch podmienok ako v\u00a0bud\u00facnosti. Suma o\u010dak\u00e1van\u00fdch mesa\u010dn\u00fdch spl\u00e1tok \u00faverov a\u00a0vratiek do fondov v\u00a0bud\u00facom roku vr\u00e1tane \u00faveru \u2013 ni\u017e\u0161ia ako v\u00a0aktu\u00e1lnom roku.<\/p>\n<p><strong>Sk\u00e1la Jozef, poslanec<\/strong><br \/>\n<strong>Hlasoval ZA<\/strong><br \/>\nV\u00e4\u010d\u0161ina uveru ide na opravu sch\u00e1tralej strechy kult\u00farneho domu.<\/p>\n<p><strong>Miroslav Hor\u0148\u00e1k, poslanec (<\/strong>predseda <strong>Komisie pre ekonomiku, spr\u00e1vu majetku)<\/strong><br \/>\n<strong>Hlasoval ZA<\/strong><br \/>\nV\u00a0ekonomickej komisii sme sa rozhodli podpori\u0165 \u00faver z\u00a0d\u00f4vodu bezv\u00fdchodiskovej situ\u00e1cie v\u00a0rozpo\u010dte mesta a\u00a0pre zabezpe\u010denie najnutnej\u0161\u00edch invest\u00edcii do majetku. Tie\u017e, \u017ee tieto finan\u010dn\u00e9 zdroje prekryj\u00fa i\u00a0rok 2022. Naviac sme odporu\u010dili rozdeli\u0165 uznesenie na dve \u010dasti, kde bude \u010derpanie \u010dasti \u00faveru na be\u017en\u00e9 v\u00fddavky limitovan\u00e9 rastom pr\u00edjmov v\u00a02. polroku 2021.<\/p>\n<p><strong>Bellay Matej, poslanec<\/strong><br \/>\n<strong>Hlasoval ZA<\/strong><br \/>\nV z\u00e1sade som proti bezhlav\u00e9mu zadl\u017eovaniu a rozpred\u00e1vaniu majetku mesta. V tomto pr\u00edpade vyhrali racion\u00e1lne v\u00fdhody, ktor\u00e9 plyn\u00fa pre Skali\u010danov. \u00daver s \u00farokom len 0,07% hr\u00e1 vysoko v prospech Skalice. Neschv\u00e1len\u00edm hrozilo pozastavenie rozvoja a obnovy mesta. V drvivej v\u00e4\u010d\u0161ine id\u00fa peniaze na investi\u010dn\u00e9 aktivity a opravy. U\u017e len podotknem, \u017ee odpor\u00fa\u010danie schv\u00e1li\u0165 \u00faver dala i ekonomick\u00e1 komisia.<\/p>\n<p><strong>Reko\u0161ov\u00e1 Jana, poslanky\u0148a<\/strong><br \/>\n<strong>Hlasovala PROTI<\/strong><br \/>\nNebola som presved\u010den\u00e1 o\u00a0tom, \u017ee uver je pre Mesto Skalica nevyhnutn\u00fd&#8230;<\/p>\n<p><strong>Oz\u00e1balov\u00e1 Anna, poslanky\u0148a<\/strong><br \/>\n<strong>Hlasovala ZA<\/strong><br \/>\n\u00daver je za ve\u013emi v\u00fdhodn\u00fdch podmienok. Bohu\u017eia\u013e, mesto neodpredalo schv\u00e1len\u00fd prebyto\u010dn\u00fd majetok a\u00a0tak sa nenaplnil rozpo\u010det. Tie\u017e spl\u00e1ca star\u00e9 dlhy, napr\u00edklad: 450 tis. pokuta za cyklotrasu, 250 tis. kontuma\u010dne prehrat\u00fd spor ver. d\u00e1vky v\u00a0K. K\u00fatoch. Je v\u00a0na\u0161om z\u00e1ujme plni\u0165 pl\u00e1n opr\u00e1v budov, komunik\u00e1ci\u00ed a\u00a0pod. (napr.: oprava strechy kul. domu 90 tis\u00edc eur). \u00daver spl\u00e1ca\u0165 zvl\u00e1dneme. Bolo lep\u0161ie ni\u010d nerobi\u0165?<\/p>\n<p><strong>\u013dubica Bu\u010dkov\u00e1, poslanky\u0148a<\/strong><br \/>\n<strong>Hlasovala ZA<\/strong><br \/>\nCh\u00e1pem, \u017ee \u017eiadna zadl\u017eenos\u0165 nie je pozit\u00edvna hlavne v\u00a0dne\u0161nej dobe neistoty. Vn\u00edmam to tak aj v\u00a0osobnom \u017eivote. No ve\u013eakr\u00e1t si vol\u00edme men\u0161ie zlo. \u00daver m\u00e1 ve\u013emi v\u00fdhodn\u00fa \u00farokov\u00fa sadzbu a\u00a0mesto ho dok\u00e1\u017ee re\u00e1lne splati\u0165 bez ve\u013ek\u00e9ho za\u0165a\u017eenia behom 5 rokov. S\u00a0t\u00fdm, \u017ee ho m\u00f4\u017ee aj hocikedy vyplati\u0165. Peniaze sa vyu\u017eij\u00fa na potrebn\u00e9 invest\u00edcie, ktor\u00e9 prines\u00fa \u00fa\u017eitok na dlh\u00e9 roky.<\/p>\n<p><strong>Veronika Buc, z\u00e1stupky\u0148a prim\u00e1torky<\/strong><br \/>\n<strong>Hlasovala ZA<\/strong><br \/>\nVzh\u013eadom na nepriazniv\u00e9 finan\u010dn\u00e9 spl\u00e1tky\/dlhy \u010del\u00ed mesto Skalica \u010dasov\u00e9mu nes\u00faladu medzi pr\u00edjmami a\u00a0v\u00fddavkami do rozpo\u010dtu. Prijatie \u00faveru ma te\u0161\u00ed, preto\u017ee sa ideme vysporiadame z\u010dasti s\u00a0vecami, ktor\u00e9 dlhodobo st\u00e1li nedorie\u0161en\u00e9, 84% \u00faveru vykryje n\u00e1klady na potrebn\u00e9 opravy a\u00a0\u00fapravy prostredia, n\u00e1\u0161ho domova, v\u00a0ktorom ako Skali\u010dania \u017eijeme.<\/p>\n<div id=\"poslanci\">\n<div class=\"poslanec\">\n<div class=\"foto\"><img decoding=\"async\" src=\"http:\/\/skalickyobzor.sk\/cms\/wp-content\/uploads\/2019\/01\/anna_mierna.jpg\" \/><\/div>\n<div class=\"meno\">MIERNA Anna<\/div>\n<div class=\"percenta\">88%<\/div>\n<div class=\"odpoved\">X<\/div>\n<\/div>\n<div class=\"poslanec\">\n<div class=\"foto\"><img decoding=\"async\" src=\"http:\/\/skalickyobzor.sk\/cms\/wp-content\/uploads\/2017\/10\/fotka_poslanca.jpg\" \/><\/div>\n<div class=\"meno\">BAR\u00c1T \u013dudov\u00edt<\/div>\n<div class=\"percenta\">13%<\/div>\n<div class=\"odpoved\">PROTI<\/div>\n<\/div>\n<div class=\"poslanec\">\n<div class=\"foto\"><img decoding=\"async\" src=\"http:\/\/skalickyobzor.sk\/cms\/wp-content\/uploads\/2017\/10\/fotka_poslanca.jpg\" \/><\/div>\n<div class=\"meno\">BELLAY Matej<\/div>\n<div class=\"percenta\">&#8211;<\/div>\n<div class=\"odpoved\">ZA<\/div>\n<\/div>\n<div class=\"poslanec\">\n<div class=\"foto\"><img decoding=\"async\" src=\"http:\/\/skalickyobzor.sk\/cms\/wp-content\/uploads\/2019\/01\/veronika_hanzalikova.jpg\" \/><\/div>\n<div class=\"meno\">BUC Veronika<\/div>\n<div class=\"percenta\">88%<\/div>\n<div class=\"odpoved\">ZA<\/div>\n<\/div>\n<div class=\"poslanec\">\n<div class=\"foto\"><img decoding=\"async\" src=\"http:\/\/skalickyobzor.sk\/cms\/wp-content\/uploads\/2019\/01\/lubica_buckova.jpg\" \/><\/div>\n<div class=\"meno\">BU\u010cKOV\u00c1 \u013dubica<\/div>\n<div class=\"percenta\">63%<\/div>\n<div class=\"odpoved\">ZA<\/div>\n<\/div>\n<div class=\"poslanec\">\n<div class=\"foto\"><img decoding=\"async\" src=\"http:\/\/skalickyobzor.sk\/cms\/wp-content\/uploads\/2019\/01\/adrian_hertl.jpg\" \/><\/div>\n<div class=\"meno\">HERTL Adri\u00e1n<\/div>\n<div class=\"percenta\">100%<\/div>\n<div class=\"odpoved\">ZA<\/div>\n<\/div>\n<div class=\"poslanec\">\n<div class=\"foto\"><img decoding=\"async\" src=\"http:\/\/skalickyobzor.sk\/cms\/wp-content\/uploads\/2019\/01\/miroslav_hornak.jpg\" \/><\/div>\n<div class=\"meno\">HOR\u0147\u00c1K Miroslav<\/div>\n<div class=\"percenta\">69%<\/div>\n<div class=\"odpoved\">ZDR\u017dAL SA<\/div>\n<\/div>\n<div class=\"poslanec\">\n<div class=\"foto\"><img decoding=\"async\" src=\"http:\/\/skalickyobzor.sk\/cms\/wp-content\/uploads\/2019\/02\/vladislav_hornak.jpg\" \/><\/div>\n<div class=\"meno\">HOR\u0147\u00c1K Vladislav<\/div>\n<div class=\"percenta\">27%<\/div>\n<div class=\"odpoved\">PROTI<\/div>\n<\/div>\n<div class=\"poslanec\">\n<div class=\"foto\"><img decoding=\"async\" src=\"http:\/\/skalickyobzor.sk\/cms\/wp-content\/uploads\/2019\/01\/katarina_chovancova.jpg\" \/><\/div>\n<div class=\"meno\">CHOVANCOV\u00c1 Katar\u00edna<\/div>\n<div class=\"percenta\">69%<\/div>\n<div class=\"odpoved\">Nepr\u00edtomn\u00e1<\/div>\n<\/div>\n<div class=\"poslanec\">\n<div class=\"foto\"><img decoding=\"async\" src=\"http:\/\/skalickyobzor.sk\/cms\/wp-content\/uploads\/2017\/10\/martin_kojs.jpg\" \/><\/div>\n<div class=\"meno\">KOJ\u0160 Martin<\/div>\n<div class=\"percenta\">69%<\/div>\n<div class=\"odpoved\">ZA<\/div>\n<\/div>\n<div class=\"poslanec\">\n<div class=\"foto\"><img decoding=\"async\" src=\"http:\/\/skalickyobzor.sk\/cms\/wp-content\/uploads\/2017\/10\/fotka_poslanca.jpg\" \/><\/div>\n<div class=\"meno\">KO\u0160\u00cdK Peter<\/div>\n<div class=\"percenta\">25%<\/div>\n<div class=\"odpoved\">Nepr\u00edtomn\u00fd<\/div>\n<\/div>\n<div class=\"poslanec\">\n<div class=\"foto\"><img decoding=\"async\" src=\"http:\/\/skalickyobzor.sk\/cms\/wp-content\/uploads\/2019\/01\/miroslav_lipovsky.jpg\" \/><\/div>\n<div class=\"meno\">LIPOVSK\u00dd Miroslav<\/div>\n<div class=\"percenta\">38%<\/div>\n<div class=\"odpoved\">ZA<\/div>\n<\/div>\n<div class=\"poslanec\">\n<div class=\"foto\"><img decoding=\"async\" src=\"http:\/\/skalickyobzor.sk\/cms\/wp-content\/uploads\/2017\/10\/anna_ozabalova.jpg\" \/><\/div>\n<div class=\"meno\">OZ\u00c1BALOV\u00c1 Anna<\/div>\n<div class=\"percenta\">100%<\/div>\n<div class=\"odpoved\">ZA<\/div>\n<\/div>\n<div class=\"poslanec\">\n<div class=\"foto\"><img decoding=\"async\" src=\"http:\/\/skalickyobzor.sk\/cms\/wp-content\/uploads\/2017\/12\/peter_pagac.jpg\" \/><\/div>\n<div class=\"meno\">PAG\u00c1\u010c Peter<\/div>\n<div class=\"percenta\">6%<\/div>\n<div class=\"odpoved\">ZA<\/div>\n<\/div>\n<div class=\"poslanec\">\n<div class=\"foto\"><img decoding=\"async\" src=\"http:\/\/skalickyobzor.sk\/cms\/wp-content\/uploads\/2019\/01\/zigmund_palffy.jpg\" \/><\/div>\n<div class=\"meno\">P\u00c1LFFY \u017digmund<\/div>\n<div class=\"percenta\">44%<\/div>\n<div class=\"odpoved\">ZDR\u017dAL SA<\/div>\n<\/div>\n<div class=\"poslanec\">\n<div class=\"foto\"><img decoding=\"async\" src=\"http:\/\/skalickyobzor.sk\/cms\/wp-content\/uploads\/2019\/01\/erik_rangl.jpg\" \/><\/div>\n<div class=\"meno\">RANGL Erik<\/div>\n<div class=\"percenta\">31%<\/div>\n<div class=\"odpoved\">ZA<\/div>\n<\/div>\n<div class=\"poslanec\">\n<div class=\"foto\"><img decoding=\"async\" src=\"http:\/\/skalickyobzor.sk\/cms\/wp-content\/uploads\/2017\/10\/jana_rekosova.jpg\" \/><\/div>\n<div class=\"meno\">REKO\u0160OV\u00c1 Jana<\/div>\n<div class=\"percenta\">81%<\/div>\n<div class=\"odpoved\">ZDR\u017dALA SA<\/div>\n<\/div>\n<div class=\"poslanec\">\n<div class=\"foto\"><img decoding=\"async\" src=\"http:\/\/skalickyobzor.sk\/cms\/wp-content\/uploads\/2017\/10\/fotka_poslanca.jpg\" \/><\/div>\n<div class=\"meno\">ROMAN Milan<\/div>\n<div class=\"percenta\">13%<\/div>\n<div class=\"odpoved\">Nepr\u00edtomn\u00fd<\/div>\n<\/div>\n<div class=\"poslanec\">\n<div class=\"foto\"><img decoding=\"async\" src=\"http:\/\/skalickyobzor.sk\/cms\/wp-content\/uploads\/2019\/01\/jozef_skala.jpg\" \/><\/div>\n<div class=\"meno\">SK\u00c1LA Jozef<\/div>\n<div class=\"percenta\">69%<\/div>\n<div class=\"odpoved\">ZA<\/div>\n<\/div>\n<div class=\"poslanec\">\n<div class=\"foto\"><img decoding=\"async\" src=\"http:\/\/skalickyobzor.sk\/cms\/wp-content\/uploads\/2017\/10\/fotka_poslanca.jpg\" \/><\/div>\n<div class=\"meno\">\u0160ANTAV\u00dd Rudolf<\/div>\n<div class=\"percenta\">0%<\/div>\n<div class=\"odpoved\">PROTI<\/div>\n<\/div>\n<\/div>\n","protected":false},"excerpt":{"rendered":"<div class=\"mh-excerpt\"><p>Rozhodnutia mestsk\u00e9ho zastupite\u013estva maj\u00fa vplyv na chod mesta a\u00a0kvalitu \u017eivota v\u0161etk\u00fdch ob\u010danov mesta. V\u00fdznamn\u00fa \u010das\u0165 rozhodnut\u00ed tvoria tie, ktor\u00e9 sa t\u00fdkaj\u00fa financi\u00ed. Na mimoriadnom augustovom zasadan\u00ed MsZ bolo schv\u00e1len\u00e9 prijatie \u00faveru vo v\u00fd\u0161ke 730 tis\u00edc <a class=\"mh-excerpt-more\" href=\"http:\/\/skalickyobzor.sk\/cms\/vazena-pani-primatorka-vazeni-poslanci-31\/\" title=\"V\u00e1\u017een\u00e1 pani prim\u00e1torka, v\u00e1\u017een\u00ed poslanci!\">[&#8230;]<\/a><\/p>\n<\/div>","protected":false},"author":1,"featured_media":239,"comment_status":"closed","ping_status":"closed","sticky":false,"template":"","format":"standard","meta":{"footnotes":""},"categories":[9],"tags":[],"class_list":{"0":"post-4863","1":"post","2":"type-post","3":"status-publish","4":"format-standard","5":"has-post-thumbnail","7":"category-vazeni-poslanci"},"_links":{"self":[{"href":"http:\/\/skalickyobzor.sk\/cms\/wp-json\/wp\/v2\/posts\/4863","targetHints":{"allow":["GET"]}}],"collection":[{"href":"http:\/\/skalickyobzor.sk\/cms\/wp-json\/wp\/v2\/posts"}],"about":[{"href":"http:\/\/skalickyobzor.sk\/cms\/wp-json\/wp\/v2\/types\/post"}],"author":[{"embeddable":true,"href":"http:\/\/skalickyobzor.sk\/cms\/wp-json\/wp\/v2\/users\/1"}],"replies":[{"embeddable":true,"href":"http:\/\/skalickyobzor.sk\/cms\/wp-json\/wp\/v2\/comments?post=4863"}],"version-history":[{"count":4,"href":"http:\/\/skalickyobzor.sk\/cms\/wp-json\/wp\/v2\/posts\/4863\/revisions"}],"predecessor-version":[{"id":4867,"href":"http:\/\/skalickyobzor.sk\/cms\/wp-json\/wp\/v2\/posts\/4863\/revisions\/4867"}],"wp:featuredmedia":[{"embeddable":true,"href":"http:\/\/skalickyobzor.sk\/cms\/wp-json\/wp\/v2\/media\/239"}],"wp:attachment":[{"href":"http:\/\/skalickyobzor.sk\/cms\/wp-json\/wp\/v2\/media?parent=4863"}],"wp:term":[{"taxonomy":"category","embeddable":true,"href":"http:\/\/skalickyobzor.sk\/cms\/wp-json\/wp\/v2\/categories?post=4863"},{"taxonomy":"post_tag","embeddable":true,"href":"http:\/\/skalickyobzor.sk\/cms\/wp-json\/wp\/v2\/tags?post=4863"}],"curies":[{"name":"wp","href":"https:\/\/api.w.org\/{rel}","templated":true}]}}