{"id":4878,"date":"2021-11-10T18:11:18","date_gmt":"2021-11-10T17:11:18","guid":{"rendered":"http:\/\/skalickyobzor.sk\/cms\/?p=4878"},"modified":"2021-11-10T18:17:51","modified_gmt":"2021-11-10T17:17:51","slug":"julko","status":"publish","type":"post","link":"http:\/\/skalickyobzor.sk\/cms\/julko\/","title":{"rendered":"Julko"},"content":{"rendered":"<p>Tento \u010dl\u00e1nek sem nap\u00edsal s\u00a0n\u00e1zvem Julko proto, lebo Julko sa vol\u00e1 ko\u0165\u00e1tko, o\u00a0ker\u00e9m bude re\u010d. M\u00e9no dostalo Julko, lebo sem ho dostal ot jednej mojej zn\u00e1mej v\u00a0mjes\u00edci j\u00fal. Za to j\u00ed e\u0161\u0165e r\u00e1z \u010fekuju.<\/p>\n<p>B\u00edvam v\u00a0ro\u010fin\u00e9m domje s\u00a0dvorem a\u00a0z\u00e1hrad\u00fa a\u00a0sam\u00e9mu vdovcovi je mi \u010dasto dl\u00faho a\u00a0smutno. Bil sem od mali\u010dka jak \u010fecko vichovan\u00ed s\u00a0l\u00e1sk\u00fa ke zv\u00edrat\u00e1m a\u00a0to m\u0148e zostalo. Doma sem choval polov\u0148\u00edck\u00edch ps\u00fa, no v\u00a0posled\u0148\u00edm \u010dasi u\u0161 chov\u00e1m enom ko\u010dki, lebo pes chce vjec pozornos\u0165i, cho\u010fit na proch\u00e1ski a\u00a0tak. Nato u\u0161 nohi nem\u00e1m. M\u00faj Julko je flekat\u00ed \u010dernob\u00edl\u00ed koc\u00farek. Ke\u010f si sednu a\u00a0polo\u017e\u00edm si ho na kl\u00edn, enom si pomruk\u00e1v\u00e1 a\u00a0je spokojn\u00ed. Je to e\u0161\u0165e ko\u0165\u00e1tko a\u00a0furt sa chce enom hr\u00e1t. Na ventil\u00e1tor sem mu povjesil modr\u00ed bal\u00f3nek. S\u00a0radost\u00fa po \u0148em sk\u00e1\u010de a\u00a0sna\u017e\u00ed sa ho utrhn\u00fat, ke\u010f sa mu nedar\u00ed nech\u00e1 teho. Jakmile mu ho ale rozk\u00edvam, zas po \u0148em sk\u00e1\u010de a\u00a0tak sa obidv\u00e1 zab\u00e1v\u00e1me dok\u00e1t n\u00e1s to neprestane bavit. Sk\u00fasil sem mu na \u0161n\u00farku povjesit aj p\u00e9rko z\u00a0ba\u017eanta a\u00a0to ho zaujalo vjec, no labkama sa mu to ta\u017eko chit\u00e1. Ale nech si zvik\u00e1, \u017ee \u017eivot ne\u0148i pln\u00ed lahkos\u0165\u00ed. Ka\u017ed\u00e9 r\u00e1no mna bu\u010f\u00ed m\u0148auk\u00e1\u0148\u00edm, abi dostal s\u0148\u00edda\u0148i a\u00a0abi sem sa s\u00a0\u0148\u00edm pohr\u00e1l.<\/p>\n<p>Na veran\u010fe m\u00e1 mal\u00fa bed\u0148i\u010dku s\u00a0misk\u00fa na \u00eddlo a\u00a0vodu a\u00a0sem tam nejak\u00fa tu dobrotu. Mus\u00edm si d\u00e1vat pozor ket cho\u010f\u00edm po domje, abich ho neza\u0161l\u00e1pel. Furt sa m\u0148e mot\u00e1 pod nohama. Dr\u00e1pki m\u00e1 ale ostr\u00e9 jak \u0161evcove \u0161idlo. Mus\u00edm si d\u00e1vat pozor, lebo u\u0161 m\u0148a aj po\u0161kr\u00e1bal, ket sem ho chcel chi\u0165it a\u00a0na noc dat do jeho dome\u010dka. M\u00e1m ho zat\u00e1t v\u00a0domje, abi si navikel, nesk\u00far ho pus\u0165\u00edm ven, enom sa boj\u00edm nech ho na ulici neco neprejede. Bes \u0148eho si to doma u\u0161 a\u0148i nedovedu predstavit.<\/p>\n<p>N\u00e1\u0161 \u017eivot pom\u00e1li pokra\u010duje d\u00e1l a\u00a0j\u00e1 sa ka\u017ed\u00ed de\u0148 raduju se svoj\u00edm mil\u00e1\u010dkem Julkem.<\/p>\n<p>P\u00ed\u0161u enom to, co sem ve svojem \u017eivo\u0165e vi\u010fel, \u010dul a\u00a0za\u017eil.<\/p>\n<p><em>Miloslav Tom\u0161ej st.,<\/em><br \/>\n<em>Skali\u010dan \u0165elem aj du\u0161\u00fa<\/em><\/p>\n","protected":false},"excerpt":{"rendered":"<div class=\"mh-excerpt\"><p>Tento \u010dl\u00e1nek sem nap\u00edsal s\u00a0n\u00e1zvem Julko proto, lebo Julko sa vol\u00e1 ko\u0165\u00e1tko, o\u00a0ker\u00e9m bude re\u010d. M\u00e9no dostalo Julko, lebo sem ho dostal ot jednej mojej zn\u00e1mej v\u00a0mjes\u00edci j\u00fal. Za to j\u00ed e\u0161\u0165e r\u00e1z \u010fekuju. B\u00edvam <a class=\"mh-excerpt-more\" href=\"http:\/\/skalickyobzor.sk\/cms\/julko\/\" title=\"Julko\">[&#8230;]<\/a><\/p>\n<\/div>","protected":false},"author":17,"featured_media":17,"comment_status":"closed","ping_status":"closed","sticky":false,"template":"","format":"standard","meta":{"footnotes":""},"categories":[4],"tags":[],"class_list":{"0":"post-4878","1":"post","2":"type-post","3":"status-publish","4":"format-standard","5":"has-post-thumbnail","7":"category-ja-su-ze-skalice"},"_links":{"self":[{"href":"http:\/\/skalickyobzor.sk\/cms\/wp-json\/wp\/v2\/posts\/4878","targetHints":{"allow":["GET"]}}],"collection":[{"href":"http:\/\/skalickyobzor.sk\/cms\/wp-json\/wp\/v2\/posts"}],"about":[{"href":"http:\/\/skalickyobzor.sk\/cms\/wp-json\/wp\/v2\/types\/post"}],"author":[{"embeddable":true,"href":"http:\/\/skalickyobzor.sk\/cms\/wp-json\/wp\/v2\/users\/17"}],"replies":[{"embeddable":true,"href":"http:\/\/skalickyobzor.sk\/cms\/wp-json\/wp\/v2\/comments?post=4878"}],"version-history":[{"count":1,"href":"http:\/\/skalickyobzor.sk\/cms\/wp-json\/wp\/v2\/posts\/4878\/revisions"}],"predecessor-version":[{"id":4879,"href":"http:\/\/skalickyobzor.sk\/cms\/wp-json\/wp\/v2\/posts\/4878\/revisions\/4879"}],"wp:featuredmedia":[{"embeddable":true,"href":"http:\/\/skalickyobzor.sk\/cms\/wp-json\/wp\/v2\/media\/17"}],"wp:attachment":[{"href":"http:\/\/skalickyobzor.sk\/cms\/wp-json\/wp\/v2\/media?parent=4878"}],"wp:term":[{"taxonomy":"category","embeddable":true,"href":"http:\/\/skalickyobzor.sk\/cms\/wp-json\/wp\/v2\/categories?post=4878"},{"taxonomy":"post_tag","embeddable":true,"href":"http:\/\/skalickyobzor.sk\/cms\/wp-json\/wp\/v2\/tags?post=4878"}],"curies":[{"name":"wp","href":"https:\/\/api.w.org\/{rel}","templated":true}]}}