{"id":4890,"date":"2021-11-10T18:15:13","date_gmt":"2021-11-10T17:15:13","guid":{"rendered":"http:\/\/skalickyobzor.sk\/cms\/?p=4890"},"modified":"2021-11-10T18:18:18","modified_gmt":"2021-11-10T17:18:18","slug":"tak-si-myslim-ze-malo-si-pustame-do-zivota-smrt","status":"publish","type":"post","link":"http:\/\/skalickyobzor.sk\/cms\/tak-si-myslim-ze-malo-si-pustame-do-zivota-smrt\/","title":{"rendered":"Tak si mysl\u00edm, \u017ee m\u00e1lo si p\u00fa\u0161\u0165ame do \u017eivota smr\u0165"},"content":{"rendered":"<p>Du\u0161i\u010dkov\u00fd \u010das u\u017e b\u00fdva pre m\u0148a jedno z najkraj\u0161\u00edch obdob\u00ed roka. Ako die\u0165a som s\u00edce rada chodila na cintor\u00edn osvetlen\u00fd mihotaj\u00facim sa svetlom tis\u00edcok svie\u010dok, no inak som toto obdobie, v\u00e4\u010d\u0161inou nev\u013e\u00fadneho, uzimen\u00e9ho a vetern\u00e9ho po\u010dasia nemala rada. Pochm\u00farnej t\u00e9me op\u00fa\u0161\u0165ania a zomierania som sa rad\u0161ej nevenovala, odvracala sa a \u010das som v\u00e4\u010d\u0161inou iba pre\u010dkala, ba niekedy dokonca a\u017e pretrpela \u2013 do toho radostnej\u0161ieho, viano\u010dn\u00e9ho. Azda to znie divne, no posledn\u00e9 roky si u\u017e du\u0161i\u010dkov\u00e9 obdobie a\u017e do predviano\u010dn\u00e9ho \u010dasu u\u017e\u00edvam. I\u00a0ke\u010f za\u017e\u00edvam i\u00a0\u0165a\u017ek\u00e9 chv\u00edle.<\/p>\n<p>Pred rokmi pomaly za\u010dali odch\u00e1dza\u0165 na druh\u00fa stranu moji najbli\u017e\u0161\u00ed. Pri ich odchodoch som bola prim\u00e4t\u00e1 dotkn\u00fa\u0165 sa ot\u00e1zok \u017eivota a\u00a0smrti. Dostala som ve\u013ea odpoved\u00ed, no z\u00e1rove\u0148 sa ako lav\u00edna otv\u00e1rali \u010fal\u0161ie. V\u00a0hlbin\u00e1ch svojho vn\u00fatra som h\u013eadala porozumenie slov\u00e1m Tonka Srholca: \u201eA\u017e pochop\u00edme zmysel smrti \u010dloveka, tak jeho smr\u0165 nebola zbyto\u010dn\u00e1.\u201c \u00c1no, preto\u017ee, a\u017e ke\u010f pochop\u00edme zmysel smrti, pochop\u00edme zmysel \u017eivota. A\u00a0tak si s\u00a0v\u010fakou uvedom\u00edme, \u017ee Smr\u0165 je na\u0161a ve\u013ek\u00e1 \u017eivotn\u00e1 u\u010dite\u013eka.<\/p>\n<p>V\u00a0tichu na\u0161ej du\u0161e m\u00f4\u017eeme objavi\u0165 aj tenk\u00e9 vl\u00e1kenko nezomieraj\u00facej, st\u00e1le \u017eivej l\u00e1sky, ktor\u00e1 sp\u00e1ja hmotn\u00fd svet n\u00e1s \u017eiv\u00fdch a\u00a0ten druh\u00fd. Nehmotn\u00fd svet du\u0161\u00ed na\u0161ich bl\u00edzkych, ktor\u00ed u\u017e ten n\u00e1\u0161 opustili. Svet du\u0161\u00ed, ktor\u00fd m\u00f4\u017eeme vn\u00edma\u0165 iba na\u0161im vn\u00fatrom a\u00a0ktor\u00fd sa ob\u010das poznate\u013en\u00fdm sp\u00f4sobom prederie do toho n\u00e1\u0161ho, hmotn\u00e9ho a\u00a0zanech\u00e1 hmatate\u013en\u00fd d\u00f4kaz o\u00a0svojej existencii. A\u00a0ak m\u00e1me to \u0161\u0165astie a\u00a0sme pr\u00e1ve vn\u00edmav\u00ed, zachyt\u00edme ho. Vtedy si uvedom\u00edme, \u017ee smr\u0165ou mo\u017eno nie\u010do kon\u010d\u00ed a\u00a0nie\u010do za\u010d\u00edna, no z\u00e1rove\u0148 nie\u010do pokra\u010duje.<\/p>\n<p>V\u010faka zodpovedan\u00fdm ot\u00e1zkam, i\u00a0v\u00a0h\u013eadan\u00ed \u010fal\u0161\u00edch odpoved\u00ed, som na\u0161la a\u00a0nach\u00e1dzam dary vn\u00fatorn\u00e9ho st\u00ed\u0161enia sa, melancholick\u00fa kr\u00e1su spomienok i\u00a0sm\u00fatku, v\u0161adepr\u00edtomn\u00fd mier a\u00a0hlbok\u00fd pokoj du\u0161e. Dary lie\u010div\u00e9 a\u00a0to\u013eko potrebn\u00e9 i\u00a0v\u00a0\u010dase bolesti, ke\u010f n\u00e1s niekto \u010fal\u0161\u00ed, bl\u00edzky opust\u00ed.<\/p>\n<p>Du\u0161i\u010dkov\u00e9 obdobie n\u00e1m svojim predur\u010den\u00edm d\u00e1va priestor a\u00a0\u010das na zastavenie sa, spom\u00ednanie na svojich milovan\u00fdch, av\u0161ak i\u00a0h\u013eadanie pochopenia zmyslu na\u0161ich \u017eivotov.<br \/>\nVyu\u017eime ho, lebo raz na\u0161a ve\u013ek\u00e1 u\u010dite\u013eka nav\u0161t\u00edvi aj n\u00e1s a\u00a0sp\u00fdta sa, \u010di sme \u017eili.<\/p>\n<p><em>S\u00a0\u00factou a\u00a0v\u010fa\u010dnos\u0165ou<\/em><\/p>\n<p><em>\u017eij\u00faca \u017delm\u00edra Mach\u00e1\u010dkov\u00e1<\/em><\/p>\n","protected":false},"excerpt":{"rendered":"<div class=\"mh-excerpt\"><p>Du\u0161i\u010dkov\u00fd \u010das u\u017e b\u00fdva pre m\u0148a jedno z najkraj\u0161\u00edch obdob\u00ed roka. Ako die\u0165a som s\u00edce rada chodila na cintor\u00edn osvetlen\u00fd mihotaj\u00facim sa svetlom tis\u00edcok svie\u010dok, no inak som toto obdobie, v\u00e4\u010d\u0161inou nev\u013e\u00fadneho, uzimen\u00e9ho a vetern\u00e9ho <a class=\"mh-excerpt-more\" href=\"http:\/\/skalickyobzor.sk\/cms\/tak-si-myslim-ze-malo-si-pustame-do-zivota-smrt\/\" title=\"Tak si mysl\u00edm, \u017ee m\u00e1lo si p\u00fa\u0161\u0165ame do \u017eivota smr\u0165\">[&#8230;]<\/a><\/p>\n<\/div>","protected":false},"author":2,"featured_media":241,"comment_status":"closed","ping_status":"closed","sticky":false,"template":"","format":"standard","meta":{"footnotes":""},"categories":[3],"tags":[],"class_list":{"0":"post-4890","1":"post","2":"type-post","3":"status-publish","4":"format-standard","5":"has-post-thumbnail","7":"category-tak-si-myslim"},"_links":{"self":[{"href":"http:\/\/skalickyobzor.sk\/cms\/wp-json\/wp\/v2\/posts\/4890","targetHints":{"allow":["GET"]}}],"collection":[{"href":"http:\/\/skalickyobzor.sk\/cms\/wp-json\/wp\/v2\/posts"}],"about":[{"href":"http:\/\/skalickyobzor.sk\/cms\/wp-json\/wp\/v2\/types\/post"}],"author":[{"embeddable":true,"href":"http:\/\/skalickyobzor.sk\/cms\/wp-json\/wp\/v2\/users\/2"}],"replies":[{"embeddable":true,"href":"http:\/\/skalickyobzor.sk\/cms\/wp-json\/wp\/v2\/comments?post=4890"}],"version-history":[{"count":1,"href":"http:\/\/skalickyobzor.sk\/cms\/wp-json\/wp\/v2\/posts\/4890\/revisions"}],"predecessor-version":[{"id":4891,"href":"http:\/\/skalickyobzor.sk\/cms\/wp-json\/wp\/v2\/posts\/4890\/revisions\/4891"}],"wp:featuredmedia":[{"embeddable":true,"href":"http:\/\/skalickyobzor.sk\/cms\/wp-json\/wp\/v2\/media\/241"}],"wp:attachment":[{"href":"http:\/\/skalickyobzor.sk\/cms\/wp-json\/wp\/v2\/media?parent=4890"}],"wp:term":[{"taxonomy":"category","embeddable":true,"href":"http:\/\/skalickyobzor.sk\/cms\/wp-json\/wp\/v2\/categories?post=4890"},{"taxonomy":"post_tag","embeddable":true,"href":"http:\/\/skalickyobzor.sk\/cms\/wp-json\/wp\/v2\/tags?post=4890"}],"curies":[{"name":"wp","href":"https:\/\/api.w.org\/{rel}","templated":true}]}}