{"id":4895,"date":"2021-11-10T18:16:41","date_gmt":"2021-11-10T17:16:41","guid":{"rendered":"http:\/\/skalickyobzor.sk\/cms\/?p=4895"},"modified":"2025-01-30T23:33:05","modified_gmt":"2025-01-30T22:33:05","slug":"medzinarodny-den-nenakupovania","status":"publish","type":"post","link":"http:\/\/skalickyobzor.sk\/cms\/medzinarodny-den-nenakupovania\/","title":{"rendered":"Medzin\u00e1rodn\u00fd de\u0148 nenakupovania"},"content":{"rendered":"<p><em><strong>Medzin\u00e1rodn\u00fd de\u0148 nenakupovania, ktor\u00fd pripad\u00e1 tento rok na piatok 26. novembra, inicioval a\u00a0prv\u00fdkr\u00e1t realizoval v\u00a0roku 1992 Kana\u010fan Ted Dave vo Vancouveri. T\u00e1to dnes celosvetov\u00e1 akcia nem\u00e1 amb\u00edcie priamo ovplyvni\u0165 dopady nakupovania na \u017eivotn\u00e9 prostredie, no jeho existencia ovplyv\u0148uje myslenie spolo\u010dnosti a\u00a0vo v\u0161eobecnosti nakupuj\u00facich.<\/strong><\/em><\/p>\n<p>\u0160t\u00fadie potvrdzuj\u00fa, \u017ee nadmern\u00fd konzum ni\u010d\u00ed na\u0161u plan\u00e9tu. Aj z tohto d\u00f4vodu vznik\u00e1 len na Slovensku 9,5 mili\u00f3na ton odpadu. Nezab\u00fadajme, \u017ee aj ke\u010f je na\u0161a krajina mal\u00e1, patr\u00edme k malej skupiny kraj\u00edn s najvy\u0161\u0161ou \u017eivotnou \u00farov\u0148ou. Aj tu plat\u00ed Paretovo pravidlo, \u017ee dvadsa\u0165 percent svetovej popul\u00e1cie spotrebov\u00e1va a\u017e 80 percent pr\u00edrodn\u00fdch zdrojov. Napriek tomu, \u017ee navonok v\u0161etci ch\u00e1pu potrebu spr\u00e1va\u0165 sa ekologicky, i to, \u017ee \u010dasto nakupujeme nezmyselne ve\u013ea, na Slovensku ani ten jedin\u00fd De\u0148 nenakupovania zatia\u013e ve\u013ek\u00fa odozvu nena\u0161iel.<\/p>\n<p><img loading=\"lazy\" decoding=\"async\" class=\"aligncenter size-full wp-image-4897\" src=\"http:\/\/skalickyobzor.sk\/cms\/wp-content\/uploads\/2021\/11\/03559933-457f-48bf-a150-6382eab90dc1_dam-urljir4vl.jpg\" alt=\"\" width=\"612\" height=\"540\" srcset=\"http:\/\/skalickyobzor.sk\/cms\/wp-content\/uploads\/2021\/11\/03559933-457f-48bf-a150-6382eab90dc1_dam-urljir4vl.jpg 612w, http:\/\/skalickyobzor.sk\/cms\/wp-content\/uploads\/2021\/11\/03559933-457f-48bf-a150-6382eab90dc1_dam-urljir4vl-300x265.jpg 300w\" sizes=\"auto, (max-width: 612px) 100vw, 612px\" \/><\/p>\n<h4>SVEDOMIE VERZUS Z\u013dAVY<\/h4>\n<p>Paradoxne sa zvy\u010dajne tento d\u00e1tum v Spojen\u00fdch \u0161t\u00e1toch prekr\u00fdva s tzv. Black Friday, d\u0148om obrovsk\u00fdch zliav a najv\u00e4\u010d\u0161ieho n\u00e1kupn\u00e9ho o\u0161ia\u013eu, kedy \u0161tartuje predviano\u010dn\u00e1 n\u00e1kupn\u00e1 hor\u00fa\u010dka. Je to akoby symbolick\u00e9 vyjadrenie protikladov kdesi v na\u0161om vn\u00fatri a je opr\u00e1vnen\u00e1 obava, \u017ee v tomto s\u00faboji de\u0148 nenakupovania silne prehr\u00e1va. Je mo\u017en\u00e9 sa s\u010dasti obhajova\u0165 u\u0161etren\u00edm pe\u0148az\u00ed a, teda, tie\u017e ist\u00fdm pozit\u00edvom, no na druhej strane je prudk\u00fd pokles cien odhalen\u00edm kvality, skuto\u010dn\u00fdch n\u00e1kladov na v\u00fdrobu a s t\u00fdm aj ceny pr\u00e1ce v krajin\u00e1ch tretieho sveta, kde sa v\u00e4\u010d\u0161ina tovaru vyr\u00e1ba. Black Friday je \u0161tartovacou \u010diarou v\u00edkendov\u00fdch v\u00fdpredajov, ktor\u00e9 sa \u0165ahaj\u00fa a\u017e do Vianoc. Obchodn\u00edci na pril\u00e1kanie kupuj\u00facich vyu\u017e\u00edvaj\u00fa skuto\u010dne prepracovan\u00e9 marketingov\u00e9 n\u00e1stroje a vz\u00e1p\u00e4t\u00ed na z\u00e1klade satelitn\u00fdch fotografi\u00ed vyhodnocuj\u00fa ko\u013eko \u013eud\u00ed zareagovalo a pri\u0161lo. Snaha natiahnu\u0165 viano\u010dn\u00e9 n\u00e1kupy do\u0161la a\u017e tam, \u017ee mnoh\u00e9 obchody dov\u00e1\u017eaj\u00fa viano\u010dn\u00fd tovar u\u017e v okt\u00f3bri.<\/p>\n<p>&nbsp;<\/p>\n<h4>STOPY NA DU\u0160I<\/h4>\n<p>Ako v\u0161etky \u201eciviliza\u010dn\u00e9 novinky\u201c uchytil sa Black Friday aj na Slovensku, aj ke\u010f nie s takou mierou davovej psych\u00f3zy. Nie je to v\u0161ak jedin\u00fd pojem, ktor\u00fd n\u00e1m v s\u00favislosti s nakupovan\u00edm pribudol do slovn\u00edka. Do zoznamu psychick\u00fdch por\u00fach a z\u00e1vislost\u00ed pribudli obsessive shoping, shopoholizmus \u010di oniom\u00e1nia. Nakupovanie sa pre ve\u013ek\u00e9 mno\u017estvo \u013eud\u00ed stalo ur\u010dit\u00fdm sp\u00f4sobom relaxu. Predstavuje pr\u00edjemne str\u00e1ven\u00fd \u010das, spojen\u00fd so seba odme\u0148ovan\u00edm, teda, prin\u00e1\u0161a s\u00fa\u010dasne uspokojenie a zvy\u0161uje sebavedomie v spojen\u00ed s t\u00fdm, \u017ee \u201eja m\u00e1m, m\u00f4\u017eem si dovoli\u0165\u201c. Z nakupovania sa st\u00e1va nel\u00e1tkov\u00e1 z\u00e1vislos\u0165, nutkav\u00e1 potreba, podobne ako z\u00e1vislos\u0165 od internetu \u010di mobiln\u00e9ho telef\u00f3nu.<\/p>\n<h4>KTO JE SHOPOHOLIK?<\/h4>\n<p>I\u00a0ke\u010f sa budeme sna\u017ei\u0165 ospravedlni\u0165 t\u00fdm, \u017ee t\u00e1to \u010dinnos\u0165 u\u00a0niektor\u00fdch z\u00a0n\u00e1s prerast\u00e1 do z\u00e1vislosti, skuto\u010dnos\u0165 sa oklama\u0165 ned\u00e1. Ak m\u00e1te siln\u00fa potrebu nakupova\u0165, bez oh\u013eadu na to, \u010di nak\u00fapen\u00e9 veci potrebujete alebo nie (nesna\u017ete sa vykr\u00faca\u0165, zahmlieva\u0165, \u017ee to bolo v\u00fdhodn\u00e9 a\u00a0raz sa to ur\u010dite z\u00edde) a\u00a0prin\u00e1\u0161a v\u00e1m to uspokojenie, znamen\u00e1 to, \u017ee v\u00e1\u0161 mozog pri nakupovan\u00ed uvo\u013e\u0148uje endorf\u00edny a\u00a0dopam\u00edn a\u00a0postupne upad\u00e1te do z\u00e1vislosti. Je jedno, \u010di s\u00fa to drobnosti alebo \u0161perky, \u010di nakupujete v\u00a0kamenn\u00fdch obchodoch alebo cez internet. Rovnako r\u00f4zne m\u00f4\u017eu by\u0165 aj\u00a0sp\u00fa\u0161\u0165a\u010de \u2013 m\u00f4\u017ee n\u00edm by\u0165 samota, stres, neuspokojiv\u00e9 vz\u0165ahy, ale aj tak\u00fd oby\u010dajn\u00fd dostatok pe\u0148az\u00ed. Pri lie\u010dbe shopoholizmu pom\u00e1ha zodpovedanie a\u00a0dodr\u017eiavanie asi dvadsiatich ot\u00e1zok a\u00a0r\u00e1d. Zauj\u00edmav\u00e9 je, \u017ee v\u0161etky by sme si mali zodpoveda\u0165 i\u00a0v\u00a0pr\u00edpade, \u017ee m\u00e1me pochybnosti, \u010di m\u00e1 Medzin\u00e1rodn\u00fd de\u0148 nenakupovania zmysel.<\/p>\n<p>&nbsp;<\/p>\n<h4>KO\u013dKO MINIE SLOV\u00c1K?<\/h4>\n<p>Priemern\u00e1 slovensk\u00e1 dom\u00e1cnos\u0165 denne minie 25 eur. Ka\u017ed\u00fd de\u0148, teda, minieme pribli\u017ene 50 mili\u00f3nov eur. Na jeden sviato\u010dn\u00fd de\u0148 v\u0161ak celkovo pripad\u00e1 103 mili\u00f3nov eur, na v\u00edkendov\u00fd de\u0148 a\u017e 160 mili\u00f3nov. Takmer polovica Slov\u00e1kov m\u00ed\u0148a peniaze v\u00a0supermarketoch, hypermarketoch, nasleduje oble\u010denie, kozmetika a\u00a0\u0161perky.<\/p>\n<h4>HUR\u00c1, VIANOCE!<\/h4>\n<p>V\u00fddavky st\u00fapaj\u00fa smerom k Vianociam, \u010do je v na\u0161ej kult\u00farnej oblasti (bez oh\u013eadu na to, \u017ee v niektor\u00fdch krajin\u00e1ch nos\u00ed hlavn\u00e9 dar\u010deky Mikul\u00e1\u0161) vrchol obchodnej sez\u00f3ny po\u010das roka. Len na ilustr\u00e1ciu nieko\u013eko \u010d\u00edsiel: 97 percent v\u0161etk\u00fdch Slov\u00e1kov kupuje dar\u010deky bl\u00edzkym, len jedno percento mysl\u00ed na charitu, no z nich 55 percent kupuje aj oble\u010denie, 46 percent aj hra\u010dky, ale pote\u0161ite\u013en\u00fdch 31 percent kupuje aj knihy. Priemern\u00e9 v\u00fddavky Slov\u00e1kov na dar\u010deky s\u00fa 172 eur a a\u017e 48 percent z nich nakupuje v novembri, preto\u017ee vtedy za\u010d\u00edna najviac v\u00fdpredajov. Dev\u00e4\u0165desiat percent Slov\u00e1kov tr\u00e1vi viano\u010dn\u00e9 sviatky doma a tak d\u00f4le\u017eitou polo\u017ekou v\u00fddavkov je jedlo. Na viano\u010dn\u00fa hostinu vyd\u00e1me priemerne 119 eur. Na \u0161peci\u00e1lne viano\u010dn\u00e9 oble\u010denie je to v priemere \u010fal\u0161\u00edch 84 eur. Celkovo s\u00fa priemern\u00e9 viano\u010dn\u00e9 v\u00fddavky na Slovensku 375 eur na jedn\u00e9ho obyvate\u013ea. Z 34 sk\u00faman\u00fdch kraj\u00edn v\u0161etk\u00fdch kontinentov sme sa zaradili na neuverite\u013en\u00e9 deviate miesto. Tabu\u013eku vedie \u010cesko s\u00a0v\u00fddavkami 436 eur a\u00a0uzatv\u00e1ra ju Turecko s\u00a085 eurami. Treba v\u0161ak ma\u0165 na pam\u00e4ti, \u017ee v\u00a0moslimskom Turecku kres\u0165ansk\u00e9 Vianoce a\u017e tak\u00fd ve\u013ek\u00fd o\u0161ia\u013e nesp\u00f4sobuj\u00fa.<\/p>\n<p>&nbsp;<\/p>\n<h4>PENIAZE A\u017d NA DRUHOM MIESTE<\/h4>\n<p>U\u017e sme sa dotkli hlavn\u00e9ho d\u00f4vodu, pre ktor\u00fd je Medzin\u00e1rodn\u00fd de\u0148 nenakupovania ove\u013ea d\u00f4le\u017eitej\u0161\u00edm d\u0148om ako si zatia\u013e prip\u00fa\u0161\u0165ame. Okrem nezmyselnosti zbyto\u010dn\u00e9ho nakupovania je podstatn\u00fdm predov\u0161etk\u00fdm negat\u00edvny vplyv na stav na\u0161ej plan\u00e9ty. Hrozba nadmern\u00e9ho konzumu sa prejavuje v\u00a0mnoh\u00fdch oblastiach nielen geograficky, ale predov\u0161etk\u00fdm z\u00a0h\u013eadiska na\u0161ej \u010dinnosti:<\/p>\n<p><strong>\u2767 Nadmern\u00e1 tvorba odpadov a\u00a0za\u0165a\u017eovanie \u017eivotn\u00e9ho prostredia.<\/strong> Odpad vznik\u00e1 nielen v\u00a0procese v\u00fdroby, ale aj pri jeho likvid\u00e1cii, a\u00a0aj pri likvid\u00e1cii obalu.<br \/>\n<strong>\u2767 Dovoz tovaru z\u00a0cel\u00e9ho sveta,<\/strong> s\u00a0\u010d\u00edm s\u00favis\u00ed emisia CO2 do ovzdu\u0161ia a\u00a0priame zne\u010dis\u0165ovanie olejmi a\u00a0pohonn\u00fdmi hmotami na mori i\u00a0na pevnine.<br \/>\n<strong>\u2767 Utl\u00e1\u010danie maloobchodn\u00edkov a\u00a0dom\u00e1cich produktov.<\/strong> Uprednost\u0148ovanie kvantity pred kvalitou znamen\u00e1 nakupovanie mno\u017estva lacn\u00fdch produktov, namiesto jedn\u00e9ho kvalitnej\u0161ieho a\u00a0z\u00a0lok\u00e1lnej produkcie.<br \/>\n<strong>\u2767 N\u00e1kupn\u00e1 turistika.<\/strong> Cestovanie v\u00fdlu\u010dne kv\u00f4li n\u00e1kupom v\u00fdrazne prispieva k\u00a0zne\u010dis\u0165ovaniu ovzdu\u0161ia.<br \/>\n<strong>\u2767 Vplyv na zdravie.<\/strong> Obchodn\u00e9 centr\u00e1 sa st\u00e1vaj\u00fa miestami tr\u00e1venia vo\u013en\u00e9ho \u010dasu namiesto aktiv\u00edt v\u00a0pr\u00edrode.<br \/>\n<strong>\u2767 Dopad na psychiku.<\/strong> Emocion\u00e1lne labilnej\u0161\u00ed \u013eudia prepadaj\u00fa depresi\u00e1m, ak si nem\u00f4\u017eu dovoli\u0165 mno\u017estvo propagovan\u00e9ho tovaru. V\u00fdnimkou nie je ani \u0161ikana t\u00fdch, ktor\u00ed na to nemaj\u00fa.<br \/>\n<strong>\u2767 T\u00fdranie zvierat.<\/strong> Kv\u00f4li lacn\u00e9mu m\u00e4su a \u017eivo\u010d\u00ed\u0161nym produktom \u017eij\u00fa zvierat\u00e1 v krut\u00fdch podmienkach. Druh\u00fdm probl\u00e9mom je testovanie produktov na zvierat\u00e1ch.<br \/>\n<strong>\u2767 Vykoris\u0165ovanie \u013eud\u00ed.<\/strong> Pre laika je a\u017e \u0165a\u017ek\u00e9 odhadn\u00fa\u0165, ko\u013eko je pr\u00edjem robotn\u00edka, ak z\u00a0lacn\u00fdch d\u017e\u00ednsov odpo\u010d\u00edtame materi\u00e1l, n\u00e1klady na stroje, dopravu a\u00a0zisk v\u0161etk\u00fdch priekupn\u00edkov, ktor\u00fdm pre\u0161li cez ruky &#8230;<\/p>\n<p>&nbsp;<\/p>\n<h4>NAKONIEC<\/h4>\n<p>\u010c\u00edsiel u\u017e bolo asi dos\u0165, av\u0161ak predsa \u2013 celosvetovo sa vyhod\u00ed 88 mili\u00f3nov ton potrav\u00edn, \u010do je 173 kg na ka\u017ed\u00e9ho \u010dloveka. I\u00a0ke\u010f v\u00a0skuto\u010dnosti priemern\u00fd Slov\u00e1k vyhod\u00ed 40 \u2013 a\u017e 60 kilogramov potrav\u00edn, je to ur\u010dite na zamyslenie. E\u0161te st\u00e1le si nemysl\u00edte, \u017ee Medzin\u00e1rodn\u00fd de\u0148 bez nakupovania m\u00e1 zmysel? Aspo\u0148 pre zmenu myslenia. Je to jedin\u00fd de\u0148 a\u00a0v\u0161etko je na na\u0161om rozhodnut\u00ed. Mus\u00edme v\u0161ak by\u0165 presved\u010den\u00ed o\u00a0jeho v\u00fdzname a\u00a0o\u00a0v\u00fdzname toho, \u017ee m\u00e1 zmysel zapoji\u0165 sa do neho ako jedinci. Av\u0161ak, bez toho, aby sme podstatu obch\u00e1dzali t\u00fdm, \u017ee si nak\u00fapime o\u00a0de\u0148 sk\u00f4r a\u00a0v\u00a0piatok z\u00a0n\u00e1s bud\u00fa ekologick\u00ed bojovn\u00edci &#8230;<\/p>\n<p><em>Stano Bellan,<\/em><br \/>\n<em>zdroj foto: internet<\/em><\/p>\n<p><img loading=\"lazy\" decoding=\"async\" class=\"aligncenter size-full wp-image-4902\" src=\"http:\/\/skalickyobzor.sk\/cms\/wp-content\/uploads\/2021\/11\/images.png\" alt=\"\" width=\"662\" height=\"244\" srcset=\"http:\/\/skalickyobzor.sk\/cms\/wp-content\/uploads\/2021\/11\/images.png 662w, http:\/\/skalickyobzor.sk\/cms\/wp-content\/uploads\/2021\/11\/images-300x111.png 300w\" sizes=\"auto, (max-width: 662px) 100vw, 662px\" \/><\/p>\n<p><a href=\"http:\/\/skalickyobzor.sk\/cms\/wp-content\/uploads\/2021\/11\/anketa-ulica.jpg\"><img loading=\"lazy\" decoding=\"async\" class=\"aligncenter wp-image-4903 size-full\" src=\"http:\/\/skalickyobzor.sk\/cms\/wp-content\/uploads\/2021\/11\/anketa-ulica.jpg\" alt=\"\" width=\"1067\" height=\"740\" srcset=\"http:\/\/skalickyobzor.sk\/cms\/wp-content\/uploads\/2021\/11\/anketa-ulica.jpg 1067w, http:\/\/skalickyobzor.sk\/cms\/wp-content\/uploads\/2021\/11\/anketa-ulica-300x208.jpg 300w, http:\/\/skalickyobzor.sk\/cms\/wp-content\/uploads\/2021\/11\/anketa-ulica-1024x710.jpg 1024w, http:\/\/skalickyobzor.sk\/cms\/wp-content\/uploads\/2021\/11\/anketa-ulica-768x533.jpg 768w\" sizes=\"auto, (max-width: 1067px) 100vw, 1067px\" \/><\/a><\/p>\n<p><a href=\"http:\/\/skalickyobzor.sk\/cms\/wp-content\/uploads\/2021\/11\/anketa-instagram.jpg\"><img loading=\"lazy\" decoding=\"async\" class=\"aligncenter wp-image-4904 size-full\" src=\"http:\/\/skalickyobzor.sk\/cms\/wp-content\/uploads\/2021\/11\/anketa-instagram.jpg\" alt=\"\" width=\"1074\" height=\"735\" srcset=\"http:\/\/skalickyobzor.sk\/cms\/wp-content\/uploads\/2021\/11\/anketa-instagram.jpg 1074w, http:\/\/skalickyobzor.sk\/cms\/wp-content\/uploads\/2021\/11\/anketa-instagram-300x205.jpg 300w, http:\/\/skalickyobzor.sk\/cms\/wp-content\/uploads\/2021\/11\/anketa-instagram-1024x701.jpg 1024w, http:\/\/skalickyobzor.sk\/cms\/wp-content\/uploads\/2021\/11\/anketa-instagram-768x526.jpg 768w\" sizes=\"auto, (max-width: 1074px) 100vw, 1074px\" \/><\/a><\/p>\n","protected":false},"excerpt":{"rendered":"<div class=\"mh-excerpt\"><p>Medzin\u00e1rodn\u00fd de\u0148 nenakupovania, ktor\u00fd pripad\u00e1 tento rok na piatok 26. novembra, inicioval a\u00a0prv\u00fdkr\u00e1t realizoval v\u00a0roku 1992 Kana\u010fan Ted Dave vo Vancouveri. T\u00e1to dnes celosvetov\u00e1 akcia nem\u00e1 amb\u00edcie priamo ovplyvni\u0165 dopady nakupovania na \u017eivotn\u00e9 prostredie, no <a class=\"mh-excerpt-more\" href=\"http:\/\/skalickyobzor.sk\/cms\/medzinarodny-den-nenakupovania\/\" title=\"Medzin\u00e1rodn\u00fd de\u0148 nenakupovania\">[&#8230;]<\/a><\/p>\n<\/div>","protected":false},"author":15,"featured_media":17,"comment_status":"closed","ping_status":"closed","sticky":false,"template":"","format":"standard","meta":{"footnotes":""},"categories":[2],"tags":[],"class_list":{"0":"post-4895","1":"post","2":"type-post","3":"status-publish","4":"format-standard","5":"has-post-thumbnail","7":"category-hlavna-tema"},"_links":{"self":[{"href":"http:\/\/skalickyobzor.sk\/cms\/wp-json\/wp\/v2\/posts\/4895","targetHints":{"allow":["GET"]}}],"collection":[{"href":"http:\/\/skalickyobzor.sk\/cms\/wp-json\/wp\/v2\/posts"}],"about":[{"href":"http:\/\/skalickyobzor.sk\/cms\/wp-json\/wp\/v2\/types\/post"}],"author":[{"embeddable":true,"href":"http:\/\/skalickyobzor.sk\/cms\/wp-json\/wp\/v2\/users\/15"}],"replies":[{"embeddable":true,"href":"http:\/\/skalickyobzor.sk\/cms\/wp-json\/wp\/v2\/comments?post=4895"}],"version-history":[{"count":3,"href":"http:\/\/skalickyobzor.sk\/cms\/wp-json\/wp\/v2\/posts\/4895\/revisions"}],"predecessor-version":[{"id":5717,"href":"http:\/\/skalickyobzor.sk\/cms\/wp-json\/wp\/v2\/posts\/4895\/revisions\/5717"}],"wp:featuredmedia":[{"embeddable":true,"href":"http:\/\/skalickyobzor.sk\/cms\/wp-json\/wp\/v2\/media\/17"}],"wp:attachment":[{"href":"http:\/\/skalickyobzor.sk\/cms\/wp-json\/wp\/v2\/media?parent=4895"}],"wp:term":[{"taxonomy":"category","embeddable":true,"href":"http:\/\/skalickyobzor.sk\/cms\/wp-json\/wp\/v2\/categories?post=4895"},{"taxonomy":"post_tag","embeddable":true,"href":"http:\/\/skalickyobzor.sk\/cms\/wp-json\/wp\/v2\/tags?post=4895"}],"curies":[{"name":"wp","href":"https:\/\/api.w.org\/{rel}","templated":true}]}}