{"id":4945,"date":"2021-12-17T14:11:24","date_gmt":"2021-12-17T13:11:24","guid":{"rendered":"http:\/\/skalickyobzor.sk\/cms\/?p=4945"},"modified":"2021-12-17T14:52:05","modified_gmt":"2021-12-17T13:52:05","slug":"masarski-pes","status":"publish","type":"post","link":"http:\/\/skalickyobzor.sk\/cms\/masarski-pes\/","title":{"rendered":"Mas\u00e1rsk\u00ed pes"},"content":{"rendered":"<p>V\u00a0\u017eivo\u0165e sem vi\u010fel a\u00a0spoznal f\u0161elijak\u00e9 sorti ps\u00fa. Pjekn\u00edch, \u0161kared\u00edch, klidn\u00edch aj z\u00fariv\u00edch. Ale, ket sa tak zamisl\u00edm, tak ka\u017ed\u00ed mjel r\u00e1d svoj\u00e9ho p\u00e1na alebo pa\u0148i\u010dku. Psi s\u00fa neskute\u010d\u0148e m\u00fadr\u00ed a\u00a0vjer\u0148\u00ed. Pred \u010dasem sem v\u00e1m vipr\u00e1vjal o\u00a0l\u00e1sce psa a\u00a0srnki. Dnes v\u00e1m povipr\u00e1vj\u00e1m o\u00a0jedn\u00e9m psovi, jak\u00edch moc ve Skalici nebilo a\u00a0a\u0148i asi nebude. O\u00a0Bernard\u00ednovi. Velik\u00e1nsk\u00ed pes, jak tela, aj tak trochu zabarven\u00ed. Velik\u00e1 hlava, tlama, o\u010diska, u\u0161iska a\u00a0furt za\u017egrindan\u00e9 piski. Ale velice ochotn\u00ed posl\u00fachat. A\u00a0mjeli sme ho aj doma na Blahovej ulici. Jak sme k\u0148emu do\u0161li?<\/p>\n<p>M\u00faj otec hr\u00e1v\u00e1l ve svadeb\u0148\u00ed a\u00a0s\u00ed\u0148ovej kapeli, velice ftej dobje zn\u00e1mej, volala sa Happy boyss. Hr\u00e1vali za prv\u0148\u00ed republiki, za Slovensk\u00e9ho \u0161t\u00e1tu a\u00a0aj za socializmu, a\u017e do roku 1963. Odehr\u00e1li f\u0161ecko a\u00a0f\u0161adi, gde sa sceli lud\u00e9 bavit. Hr\u00e1vali pravidel\u0148e ve skalick\u00e9m hoteli na n\u00e1mjes\u0165\u00ed. Jedn\u00e9ho ne\u010fel\u0148\u00edho r\u00e1na na mja, aj na mamu \u010dekalo velik\u00e9 prekvape\u0148\u00ed. Pod kol\u0148\u00fa le\u017eal obrofsk\u00ed psisko, jedn\u00edm okem sa \u010f\u00edval na mamu, druh\u00edm namja a\u00a0f\u0161ec\u00ed tr\u00e9 sme neve\u010feli pro\u010d tam sme spolem. Visvjetle\u0148\u00ed do\u0161lo a\u0161 ftedi, ket sa z\u00a0no\u010d\u0148\u00ed n\u00e1mahi probr\u00e1l tata. Na ot\u00e1sku na\u0161ej mamico to m\u00e1 znamenat, co tu u\u00a0n\u00e1s \u010fel\u00e1 ten pes tata rekel: No, co u\u00a0n\u00e1s \u010fel\u00e1, je n\u00e1\u0161. Mama m\u00e1lem zamdlela a\u00a0j\u00e1sem sa \u0165e\u0161\u00edl. Jak, je n\u00e1\u0161? optala sa mama. No, j\u00e1 sem ho vihr\u00e1l alebo k\u00fap\u00edl, u\u0161 nev\u00edm. A\u00a0vol\u00e1 sa Bodra.<\/p>\n<p>P\u00fal d\u0148a sa nevipr\u00e1vjali, mamje to nedalo a\u00a0don\u00e9sla Bodrovi misku ze \u017er\u00e1dlem. Pes dvakr\u00e1t l\u00edzel, mlask\u00e9l a\u00a0miska bila pr\u00e1zn\u00e1. Po p\u00e1rs d\u0148och sa f\u0161ecko sklid\u0148ilo a\u00a0pes bil definit\u00edv\u0148e n\u00e1\u0161. Ka\u017ed\u00e9 r\u00e1no sa prez okno do na\u0161ej izbi \u010f\u00edvala velik\u00edma o\u010diskama hladn\u00e1 hlava psa. A\u00a0tu sa za\u010dali probl\u00e9mi. Mama r\u00e1no nachistala k\u00edbl n\u00e1poja pro prasa. I\u0161la ho zan\u00e9st do chl\u00e9va, ale Bodra \u00ed k\u00edbl preko\u0165\u00edl, n\u00e1poj vi\u017er\u00e1l a\u00a0bil po s\u0148\u00e1da\u0148\u00ed. To sa opakovalo p\u00e1r d\u0148\u00ed a\u00a0t\u00edd\u0148\u00fa a\u00a0bilo rozhodl\u00e9, \u017ee Bodra pujde zdomu. Tata sa sna\u017e\u00edl mamu presvje\u010dit o\u00a0tem, \u017ee majstr Holek u\u010fel\u00e1 mal\u00ed \u017eebri\u0148\u00e1\u010dek, voz\u00edk, a\u00a0Bodra bude mamu vozit do vinohradu a\u00a0bude vozit aj no\u0161e tr\u00e1vi pro kozu. Mamu skoro \u0161lak tref\u00edl, ket si prectavila, jak bi sa voz\u00edk preko\u0165il do \u0165ihel\u0148e aj s\u0148\u00fa. Tento pl\u00e1n tatovi nejak nepro\u0161\u00e9l. Ve Skalici nejs\u00fa a\u0148i takov\u00e9 hori a\u00a0tolik s\u0148ehu, abi Bodra nos\u00edl mal\u00fa be\u010dku z\u00a0rumem turistom a\u00a0li\u017earom, a\u00a0tak a\u0148i z\u00e1chran\u00e1r nebude.<\/p>\n<p>Re\u0161e\u0148\u00ed sa ale na\u0161lo. V\u00a0rinkov\u0148\u00ed \u2013 \u0160karniclofskej ulici b\u00edval mas\u00e1r Jan Bellay, tat\u00faf kamar\u00e1d, a\u00a0tak sa dohodli, \u017ee za dva mjechi ja\u010dme\u0148a si Bodru zebere. Tenkr\u00e1t m\u00edvali mas\u00e1ri vl\u00e9\u0165e, a\u00a0n\u00e9 enom vl\u00e9\u0165e, maso v\u00a0ledov\u0148i pod Kalvark\u00fa. U\u010d\u0148i alebo tavari\u0161 vozili maso, sal\u00e1m, \u0148\u00edtrnos\u0165i na voz\u00edku do obchodu. Bodru zaprahli do voz\u00edka, nau\u010dili ho t\u00e1hat a\u00a0tak bil vlast\u0148e u\u017eite\u010d\u0148\u00ed.<\/p>\n<p>Pes m\u00e1 velice dobr\u00fa pamje\u0165 a\u00a0to bilo zl\u00e9. U\u010de\u0148 z\u00a0Bodru v\u00e9zli maso na voz\u00edku z\u00a0ledov\u0148e po Blahovej ulici, bl\u00edsko na\u0161\u00e9ho domu, do zasranej (Jate\u010dnej) uli\u010dki, mama bila pred domem. Bodra ket ju uvi\u010fel, tak aj z\u00a0voz\u00edkem ut\u00e9kel za mam\u00fa, maso sa rozsipalo po ces\u0165e a\u00a0chlapec dostal p\u00e1r pohlafk\u00fa, \u017ee neum\u00ed r\u00ed\u010fit a\u0148i psa. Bodra zato nemohel, on si enom mamu pamatoval a\u00a0mjel ju r\u00e1d. To je svat\u00e1 pravda.<\/p>\n<p><em>Anton Dinka st.<\/em><\/p>\n","protected":false},"excerpt":{"rendered":"<div class=\"mh-excerpt\"><p>V\u00a0\u017eivo\u0165e sem vi\u010fel a\u00a0spoznal f\u0161elijak\u00e9 sorti ps\u00fa. Pjekn\u00edch, \u0161kared\u00edch, klidn\u00edch aj z\u00fariv\u00edch. Ale, ket sa tak zamisl\u00edm, tak ka\u017ed\u00ed mjel r\u00e1d svoj\u00e9ho p\u00e1na alebo pa\u0148i\u010dku. Psi s\u00fa neskute\u010d\u0148e m\u00fadr\u00ed a\u00a0vjer\u0148\u00ed. Pred \u010dasem sem v\u00e1m vipr\u00e1vjal <a class=\"mh-excerpt-more\" href=\"http:\/\/skalickyobzor.sk\/cms\/masarski-pes\/\" title=\"Mas\u00e1rsk\u00ed pes\">[&#8230;]<\/a><\/p>\n<\/div>","protected":false},"author":12,"featured_media":17,"comment_status":"closed","ping_status":"closed","sticky":false,"template":"","format":"standard","meta":{"footnotes":""},"categories":[4],"tags":[],"class_list":{"0":"post-4945","1":"post","2":"type-post","3":"status-publish","4":"format-standard","5":"has-post-thumbnail","7":"category-ja-su-ze-skalice"},"_links":{"self":[{"href":"http:\/\/skalickyobzor.sk\/cms\/wp-json\/wp\/v2\/posts\/4945","targetHints":{"allow":["GET"]}}],"collection":[{"href":"http:\/\/skalickyobzor.sk\/cms\/wp-json\/wp\/v2\/posts"}],"about":[{"href":"http:\/\/skalickyobzor.sk\/cms\/wp-json\/wp\/v2\/types\/post"}],"author":[{"embeddable":true,"href":"http:\/\/skalickyobzor.sk\/cms\/wp-json\/wp\/v2\/users\/12"}],"replies":[{"embeddable":true,"href":"http:\/\/skalickyobzor.sk\/cms\/wp-json\/wp\/v2\/comments?post=4945"}],"version-history":[{"count":1,"href":"http:\/\/skalickyobzor.sk\/cms\/wp-json\/wp\/v2\/posts\/4945\/revisions"}],"predecessor-version":[{"id":4946,"href":"http:\/\/skalickyobzor.sk\/cms\/wp-json\/wp\/v2\/posts\/4945\/revisions\/4946"}],"wp:featuredmedia":[{"embeddable":true,"href":"http:\/\/skalickyobzor.sk\/cms\/wp-json\/wp\/v2\/media\/17"}],"wp:attachment":[{"href":"http:\/\/skalickyobzor.sk\/cms\/wp-json\/wp\/v2\/media?parent=4945"}],"wp:term":[{"taxonomy":"category","embeddable":true,"href":"http:\/\/skalickyobzor.sk\/cms\/wp-json\/wp\/v2\/categories?post=4945"},{"taxonomy":"post_tag","embeddable":true,"href":"http:\/\/skalickyobzor.sk\/cms\/wp-json\/wp\/v2\/tags?post=4945"}],"curies":[{"name":"wp","href":"https:\/\/api.w.org\/{rel}","templated":true}]}}