{"id":4950,"date":"2021-12-17T14:12:19","date_gmt":"2021-12-17T13:12:19","guid":{"rendered":"http:\/\/skalickyobzor.sk\/cms\/?p=4950"},"modified":"2021-12-17T14:52:09","modified_gmt":"2021-12-17T13:52:09","slug":"bud-vola-tvoja","status":"publish","type":"post","link":"http:\/\/skalickyobzor.sk\/cms\/bud-vola-tvoja\/","title":{"rendered":"Bu\u010f v\u00f4\u013ea tvoja&#8230;"},"content":{"rendered":"<p>V\u00a0Ot\u010den\u00e1\u0161i, v\u00a0tomto \u00fachvatnom re\u0165azci \u010dlove\u010d\u00edch prosieb predostren\u00fdch Bohu, s\u00fa aj tak\u00e9 \u017eelania, \u017ee pri niektor\u00fdch by sme sa a\u017e z\u013eakli svojej opov\u00e1\u017elivosti, alebo prinajmen\u0161om by sme pri\u0161li do rozpakov. Pravda, ak by sme sa skuto\u010dne zamysleli nad ich obsahom a\u00a0mo\u017en\u00fdm dosahom. Modl\u00edme sa \u2013 \u201eBu\u010f v\u00f4\u013ea Tvoja ako v\u00a0nebi tak i\u00a0na zemi&#8220;. Av\u0161ak, ke\u010f n\u00e1s zasko\u010d\u00ed zl\u00e1 chv\u00ed\u013ea, pros\u00edme P\u00e1na Boha, aby on splnil v\u00f4\u013eu na\u0161u. Sama na sebe pozn\u00e1m ako \u0165a\u017eko sa mi formulovalo v\u00a0takej situ\u00e1cii pripojenie i\u00a0dodatku \u2013 \u201eav\u0161ak nie moja, ale Tvoja v\u00f4\u013ea nech sa stane.&#8220; A\u00a0st\u00e1le sa mi naliehavo vkr\u00e1dalo do my\u0161lienok aj \u017eelanie pripoji\u0165 k\u00a0tomu: \u201eAle, Pane Bo\u017ee, ak by si predsa len chcel&#8230;&#8220;<\/p>\n<p>U\u017e naplnen\u00fdch dvetis\u00edc rokov je Ot\u010den\u00e1\u0161 duchovn\u00fdm mottom eur\u00f3pskej kult\u00fary, a\u00a0predsa ko\u013eko je v\u00a0ka\u017edej gener\u00e1cii t\u00fdch, \u010do v\u00a0plnej zrelosti mysle a\u00a0srdca s\u00fa schopn\u00ed v\u00a0pokornej odhodlanosti a\u00a0odovzdanosti vyslovi\u0165 ve\u013ek\u00e9 pochopenie \u201eH\u013ea, prich\u00e1dzam, Pane, chcem plni\u0165 Tvoju v\u00f4\u013eu&#8220;? V\u00a0plnom poznan\u00ed a\u00a0v\u00a0plnom odhodlan\u00ed naplni\u0165 tieto slov\u00e1 skutkom? V\u00a0plnom vedom\u00ed, \u017ee Boh je v\u00a0n\u00e1s a\u00a0pracuje medzi \u013eu\u010fmi cez n\u00e1s? \u017de sme ochotn\u00ed sta\u0165 sa prostredn\u00edkmi a\u00a0vykon\u00e1vate\u013emi Bo\u017eej v\u00f4le?<\/p>\n<p>Ide o\u00a0\u00fapln\u00e9 a\u00a0dobrovo\u013en\u00e9 vstupy do Bo\u017e\u00edch l\u00e9gi\u00ed, ide o\u00a0\u00fapln\u00e9 a\u00a0dobrovo\u013en\u00e9 vzd\u00e1vanie sa slobodnej v\u00f4le v\u00a0jasnozrivom poznan\u00ed, \u017ee na\u0161a slobodn\u00e1 v\u00f4\u013ea beztak spo\u010d\u00edva iba v\u00a0na\u0161om \u201e\u00e1no&#8220; alebo \u201enie&#8220; jednotliv\u00fdm \u010dastiam ve\u013ek\u00e9ho Bo\u017eieho pl\u00e1nu, ktor\u00fd v\u0161etko rie\u0161i. No, my ho nedok\u00e1\u017eeme obsiahnu\u0165 a\u00a0pochopi\u0165, preto\u017ee presahuje na\u0161e ohrani\u010den\u00e9 \u013eudsk\u00e9 poznanie a\u00a0na\u0161e mo\u017enosti.<\/p>\n<p>Ak nedok\u00e1\u017eeme zos\u00faladi\u0165 na\u0161e t\u00fa\u017eby a\u00a0\u017eiadosti s\u00a0Bo\u017e\u00edmi z\u00e1mermi, trp\u00edme, ni\u010d sa n\u00e1m nedar\u00ed, rept\u00e1me. A\u00a0pritom u\u017e predkres\u0165ansk\u00e1 antick\u00e1 stoick\u00e1 filozofia sformulovala toto poznanie do sentencie, ktor\u00e1 sa stala aj n\u00e1m zn\u00e1mou prostredn\u00edctvom Senecu: \u201eOsud m\u00fadrych vedie, hl\u00fapych vle\u010die.&#8220; M\u00fadri s\u00fa t\u00ed, ktor\u00ed sa nech\u00e1vaj\u00fa vies\u0165 Bo\u017eou v\u00f4\u013eou a\u00a0plnia ju, ktor\u00ed pochopili. A\u00a0ostatn\u00fdch \u017eivotn\u00e9 udalosti zdanlivo chaoticky vle\u010d\u00fa \u010dasto ve\u013ek\u00fdm psychick\u00fdm utrpen\u00edm.<\/p>\n<p>Nie v\u0161etci dozrievame dostato\u010dne r\u00fdchlo. Ke\u010f som sa raz zd\u00f4verila svojej priate\u013eke s na\u0161\u00edm rodinn\u00fdm tr\u00e1pen\u00edm a so svojou neschopnos\u0165ou neprida\u0165 k prosbe \u201eBu\u010f v\u00f4\u013ea Tvoja&#8220; aj to na\u0161e slab\u00e9 \u013eudsk\u00e9 \u201eale&#8220;, poradila mi: \u201eNiekedy mus\u00edme \u00faprimne poveda\u0165 \u2013 Pane Bo\u017ee, s\u00edce nerozumiem Ti, \u010do m\u00e1m cez t\u00fato situ\u00e1ciu pochopi\u0165, ale daj mi aspo\u0148 silu, aby som ju zvl\u00e1dla.&#8220;<\/p>\n<p>A\u00a0op\u00e4\u0165 si e\u0161te dovol\u00edm citova\u0165 Senecu: \u201eRozum nie je ni\u010d in\u00e9 ne\u017e \u010das\u0165 bo\u017esk\u00e9ho ducha ponoren\u00e1 do \u013eudsk\u00e9ho tela.&#8220; V\u00a0tomto zmysle by sme ho skuto\u010dne mali ch\u00e1pa\u0165 a\u00a0vyu\u017e\u00edva\u0165, p\u00e1tra\u0165 po tom, \u010do n\u00e1m jeho prostredn\u00edctvom bo\u017esk\u00fd duch hovor\u00ed, ako naviguje na\u0161e cesty. A\u00a0ak sa n\u00e1m to nedar\u00ed, poprosme aspo\u0148 o\u00a0silu pochopi\u0165 \u00fapln\u00fd zmysel Ot\u010den\u00e1\u0161a.<\/p>\n<p><em>Eva Fordin\u00e1lov\u00e1<\/em><\/p>\n","protected":false},"excerpt":{"rendered":"<div class=\"mh-excerpt\"><p>V\u00a0Ot\u010den\u00e1\u0161i, v\u00a0tomto \u00fachvatnom re\u0165azci \u010dlove\u010d\u00edch prosieb predostren\u00fdch Bohu, s\u00fa aj tak\u00e9 \u017eelania, \u017ee pri niektor\u00fdch by sme sa a\u017e z\u013eakli svojej opov\u00e1\u017elivosti, alebo prinajmen\u0161om by sme pri\u0161li do rozpakov. Pravda, ak by sme sa skuto\u010dne <a class=\"mh-excerpt-more\" href=\"http:\/\/skalickyobzor.sk\/cms\/bud-vola-tvoja\/\" title=\"Bu\u010f v\u00f4\u013ea tvoja&#8230;\">[&#8230;]<\/a><\/p>\n<\/div>","protected":false},"author":10,"featured_media":916,"comment_status":"closed","ping_status":"closed","sticky":false,"template":"","format":"standard","meta":{"footnotes":""},"categories":[8],"tags":[],"class_list":{"0":"post-4950","1":"post","2":"type-post","3":"status-publish","4":"format-standard","5":"has-post-thumbnail","7":"category-obzor-seniorov"},"_links":{"self":[{"href":"http:\/\/skalickyobzor.sk\/cms\/wp-json\/wp\/v2\/posts\/4950","targetHints":{"allow":["GET"]}}],"collection":[{"href":"http:\/\/skalickyobzor.sk\/cms\/wp-json\/wp\/v2\/posts"}],"about":[{"href":"http:\/\/skalickyobzor.sk\/cms\/wp-json\/wp\/v2\/types\/post"}],"author":[{"embeddable":true,"href":"http:\/\/skalickyobzor.sk\/cms\/wp-json\/wp\/v2\/users\/10"}],"replies":[{"embeddable":true,"href":"http:\/\/skalickyobzor.sk\/cms\/wp-json\/wp\/v2\/comments?post=4950"}],"version-history":[{"count":2,"href":"http:\/\/skalickyobzor.sk\/cms\/wp-json\/wp\/v2\/posts\/4950\/revisions"}],"predecessor-version":[{"id":4952,"href":"http:\/\/skalickyobzor.sk\/cms\/wp-json\/wp\/v2\/posts\/4950\/revisions\/4952"}],"wp:featuredmedia":[{"embeddable":true,"href":"http:\/\/skalickyobzor.sk\/cms\/wp-json\/wp\/v2\/media\/916"}],"wp:attachment":[{"href":"http:\/\/skalickyobzor.sk\/cms\/wp-json\/wp\/v2\/media?parent=4950"}],"wp:term":[{"taxonomy":"category","embeddable":true,"href":"http:\/\/skalickyobzor.sk\/cms\/wp-json\/wp\/v2\/categories?post=4950"},{"taxonomy":"post_tag","embeddable":true,"href":"http:\/\/skalickyobzor.sk\/cms\/wp-json\/wp\/v2\/tags?post=4950"}],"curies":[{"name":"wp","href":"https:\/\/api.w.org\/{rel}","templated":true}]}}