{"id":5004,"date":"2022-01-22T13:03:42","date_gmt":"2022-01-22T12:03:42","guid":{"rendered":"http:\/\/skalickyobzor.sk\/cms\/?p=5004"},"modified":"2022-01-22T13:30:11","modified_gmt":"2022-01-22T12:30:11","slug":"skalicke-ulice-jozu-uprku","status":"publish","type":"post","link":"http:\/\/skalickyobzor.sk\/cms\/skalicke-ulice-jozu-uprku\/","title":{"rendered":"Skalick\u00e9 ulice &#8211; Jo\u017eu Uprku"},"content":{"rendered":"<p>Jo\u017ea Uprka (*25. okt\u00f3ber 1861, Kn\u011b\u017edub \u2013 \u202012. janu\u00e1r 1940, Hroznov\u00e1 Lhota), \u010desk\u00fd maliar a grafik, predstavite\u013e romantick\u00e9ho historizmu a secesn\u00e9ho dekorativizmu, in\u0161pirovan\u00e9ho najm\u00e4 rodn\u00fdm Moravsk\u00fdm Slov\u00e1ckom, mal ku Skalici v\u017edy bl\u00edzko, hoci jeho spomienka z mladosti bola pozna\u010den\u00e1 smutnou pr\u00edchu\u0165ou: v \u010dase maliarov\u00fdch \u0161t\u00fadi\u00ed v Mn\u00edchove sa Uprkova matka vybrala r\u00e1no 31. marca 1887 pe\u0161o na jarmok do Skalice, pod pazuchou niesla \u017eiv\u00e9ho koh\u00fata a v ruke kancion\u00e1l, a pr\u00e1ve na hraniciach mesta dostala infarkt a n\u00e1hle zomrela. Chud\u00e1k Jo\u017eka nesta\u010dil pr\u00eds\u0165 ani na jej pohreb. Pravda, inak mal na Skalicu iba tie najlep\u0161ie spomienky, najm\u00e4 od \u010dias, \u010do sa zozn\u00e1mil so skalick\u00fdm rod\u00e1kom Dr. Pavlom Blahom, n\u00e1rodn\u00fdm budite\u013eom, hlasistom a\u00a0politikom, otcom n\u00e1rodn\u00e9ho umelca Dr. Janka Blaha. Uprka chodieval na Z\u00e1horie ve\u013emi r\u00e1d, nach\u00e1dzal tu mnoh\u00e9 in\u0161pir\u00e1cie pre svoju tvorbu \u2013 sved\u010d\u00ed o\u00a0tom napr\u00edklad maliarska v\u00fdzdoba ve\u013ekej s\u00e1ly skalick\u00e9ho kult\u00farneho domu, architektonick\u00e9ho skvostu z\u00a0dielne Du\u0161ana Jurkovi\u010da (otvorili ho v\u00a0roku 1905) \u2013 oponu i\u00a0fresky na sten\u00e1ch nama\u013eoval na z\u00e1klade Uprkov\u00fdch n\u00e1\u010drtov jeho \u017eiak Arno\u0161t Frolka. Ve\u010f si len vezmime n\u00e1mety jednotliv\u00fdch v\u00fdjavov: Mokroh\u00e1j\u010dania a\u00a0Vr\u00e1di\u0161\u0165ania n\u00e1jdu na opone sam\u00fdch seba ako nes\u00fa Morenu a\u00a0v\u00edtaj\u00fa jar, tetka Vr\u00e1blov\u00e1 z\u00a0B\u00farov videla zase svoj vlastn\u00fd obraz v\u00a0\u017eene, sediacej s\u00a0praslicou pod kach\u013eami a\u00a0kr\u00fatiacej vreteno &#8230; a\u00a0takto by sme mohli pokra\u010dova\u0165. Skr\u00e1tka, myjavsk\u00e9 kopanice, Z\u00e1horie (a\u00a0v\u00a0tom predov\u0161etk\u00fdm Skalica) i\u00a0Slov\u00e1cko ako jeden svorn\u00fd symbol &#8230;<\/p>\n<p>Jo\u017ea Uprka poch\u00e1dzal zo sedliackej rodiny. Bol synom ro\u013en\u00edka a\u00a0maliara samouka Jana Uprku a\u00a0jeho druhej \u017eeny Evy. Mlad\u0161\u00ed brat Franti\u0161ek sa presl\u00e1vil ako soch\u00e1r. Do \u0161koly chodil v\u00a0Str\u00e1\u017enici, stredo\u0161kolsk\u00e9 vzdelanie z\u00edskal v\u00a0Olomouci, najprv v\u00a0nemeckom u\u010dite\u013eskom \u00fastave a\u00a0potom v\u00a0olomouckom Slovanskom gymn\u00e1ziu. V\u00a0\u0161t\u00fadi\u00e1ch pokra\u010doval od roku 1881 na pra\u017eskej akad\u00e9mii u\u00a0Franti\u0161ka \u010cerm\u00e1ka a\u00a0od roku 1884 na mn\u00edchovskej akad\u00e9mii. Po trojro\u010dnom pobyte v\u00a0Mn\u00edchove sa najprv vr\u00e1til do Prahy a\u00a0roku 1888 sa pres\u0165ahoval znova do rodn\u00e9ho kraja, ktor\u00fd ho in\u0161piroval n\u00e1metmi a\u00a0kde aj vznikla podstatn\u00e1 \u010das\u0165 jeho diela. T\u00e9my \u010derpal z\u00a0ka\u017edodenn\u00e9ho \u017eivota prost\u00e9ho \u013eudu, pr\u00e1ce, oby\u010daj\u00ed a\u00a0sl\u00e1vnost\u00ed, zachyt\u00e1val podobu \u013eudov\u00fdch krojov a\u00a0krajinu\u00a0Moravsk\u00e9ho Slov\u00e1cka.<\/p>\n<figure id=\"attachment_5006\" aria-describedby=\"caption-attachment-5006\" style=\"width: 768px\" class=\"wp-caption aligncenter\"><img loading=\"lazy\" decoding=\"async\" class=\"size-full wp-image-5006\" src=\"http:\/\/skalickyobzor.sk\/cms\/wp-content\/uploads\/2022\/01\/DSC06087.jpg\" alt=\"\" width=\"768\" height=\"576\" srcset=\"http:\/\/skalickyobzor.sk\/cms\/wp-content\/uploads\/2022\/01\/DSC06087.jpg 768w, http:\/\/skalickyobzor.sk\/cms\/wp-content\/uploads\/2022\/01\/DSC06087-300x225.jpg 300w, http:\/\/skalickyobzor.sk\/cms\/wp-content\/uploads\/2022\/01\/DSC06087-678x509.jpg 678w, http:\/\/skalickyobzor.sk\/cms\/wp-content\/uploads\/2022\/01\/DSC06087-326x245.jpg 326w, http:\/\/skalickyobzor.sk\/cms\/wp-content\/uploads\/2022\/01\/DSC06087-80x60.jpg 80w\" sizes=\"auto, (max-width: 768px) 100vw, 768px\" \/><figcaption id=\"caption-attachment-5006\" class=\"wp-caption-text\">Foto: P. Michalovi\u010d, Z\u00e1horsk\u00e9 m\u00fazeum v Skalici<\/figcaption><\/figure>\n<p>Ne\u010faleko rodn\u00e9ho Kn\u011b\u017edubu, v\u00a0Hroznovej Lhote, k\u00fapil mal\u00fd dom\u010dek ako ateli\u00e9r, ktor\u00fd dal roku 1904 prestava\u0165 pod\u013ea n\u00e1vrhu architekta Du\u0161ana Jurkovi\u010da\u00a0na poschodov\u00fa vilu s\u00a0dreven\u00fdmi prvkami in\u0161pirovan\u00fdmi \u013eudovou architekt\u00farou. Hostil v\u00a0\u0148om osobnosti zo sveta kult\u00fary, \u010dasto aj Dr. Pavla Blaha. V\u00a0rokoch 1922 \u2013 1937 \u017eil na Slovensku, v\u00a0Klobu\u0161iciach pri Ilave, vo vlastnom z\u00e1mo\u010dku s\u00a0ateli\u00e9rom. Na slovenskom vidieku h\u013eadal nov\u00fa in\u0161pir\u00e1ciu. Roku 1925 ho zvolili za predsedu Zdru\u017eenia slovensk\u00fdch umelcov v\u00a0Bratislave.<\/p>\n<p>K\u00a0najzn\u00e1mej\u0161\u00edm dielam Jo\u017eu Uprku patria olejoma\u013eby <em>Mal\u00e9re\u010dky, Pro p\u00e9re\u010dko, Kn\u011b\u017edubsk\u00e1 j\u00edzda kr\u00e1l\u016f, Na proces\u00ed, Pou\u0165 u\u00a0sv. Anton\u00ed\u010dka, Bo\u017e\u00ed t\u011blo v\u00a0Hroznov\u00e9 Lhot\u011b, P\u0159i k\u00e1z\u00e1n\u00ed, Trh v\u00a0Kyjov\u011b, J\u00edzda kr\u00e1l\u016f ve Vl\u010dnov\u011b, \u00davodnice z\u00a0Kn\u011b\u017eduba<\/em> a\u00a0\u010fal\u0161ie.<\/p>\n<p>Jo\u017ea Uprka zomrel 12. janu\u00e1ra 1940 v\u00a0Hroznovej Lhote. Je pochovan\u00fd ved\u013ea svojho brata Franti\u0161ka a\u00a0niekdaj\u0161ieho \u017eiaka Anto\u0161a Frolku na takzvanom Slov\u00e1ckom Slav\u00edne (cintor\u00edn pri miestnom kostole) v\u00a0rodnom Kn\u011b\u017edube.<\/p>\n<p><em>Pavol Dinka<\/em><\/p>\n","protected":false},"excerpt":{"rendered":"<div class=\"mh-excerpt\"><p>Jo\u017ea Uprka (*25. okt\u00f3ber 1861, Kn\u011b\u017edub \u2013 \u202012. janu\u00e1r 1940, Hroznov\u00e1 Lhota), \u010desk\u00fd maliar a grafik, predstavite\u013e romantick\u00e9ho historizmu a secesn\u00e9ho dekorativizmu, in\u0161pirovan\u00e9ho najm\u00e4 rodn\u00fdm Moravsk\u00fdm Slov\u00e1ckom, mal ku Skalici v\u017edy bl\u00edzko, hoci jeho spomienka <a class=\"mh-excerpt-more\" href=\"http:\/\/skalickyobzor.sk\/cms\/skalicke-ulice-jozu-uprku\/\" title=\"Skalick\u00e9 ulice &#8211; Jo\u017eu Uprku\">[&#8230;]<\/a><\/p>\n<\/div>","protected":false},"author":16,"featured_media":5005,"comment_status":"closed","ping_status":"closed","sticky":false,"template":"","format":"standard","meta":{"footnotes":""},"categories":[24],"tags":[],"class_list":{"0":"post-5004","1":"post","2":"type-post","3":"status-publish","4":"format-standard","5":"has-post-thumbnail","7":"category-skalicke-ulice"},"_links":{"self":[{"href":"http:\/\/skalickyobzor.sk\/cms\/wp-json\/wp\/v2\/posts\/5004","targetHints":{"allow":["GET"]}}],"collection":[{"href":"http:\/\/skalickyobzor.sk\/cms\/wp-json\/wp\/v2\/posts"}],"about":[{"href":"http:\/\/skalickyobzor.sk\/cms\/wp-json\/wp\/v2\/types\/post"}],"author":[{"embeddable":true,"href":"http:\/\/skalickyobzor.sk\/cms\/wp-json\/wp\/v2\/users\/16"}],"replies":[{"embeddable":true,"href":"http:\/\/skalickyobzor.sk\/cms\/wp-json\/wp\/v2\/comments?post=5004"}],"version-history":[{"count":1,"href":"http:\/\/skalickyobzor.sk\/cms\/wp-json\/wp\/v2\/posts\/5004\/revisions"}],"predecessor-version":[{"id":5007,"href":"http:\/\/skalickyobzor.sk\/cms\/wp-json\/wp\/v2\/posts\/5004\/revisions\/5007"}],"wp:featuredmedia":[{"embeddable":true,"href":"http:\/\/skalickyobzor.sk\/cms\/wp-json\/wp\/v2\/media\/5005"}],"wp:attachment":[{"href":"http:\/\/skalickyobzor.sk\/cms\/wp-json\/wp\/v2\/media?parent=5004"}],"wp:term":[{"taxonomy":"category","embeddable":true,"href":"http:\/\/skalickyobzor.sk\/cms\/wp-json\/wp\/v2\/categories?post=5004"},{"taxonomy":"post_tag","embeddable":true,"href":"http:\/\/skalickyobzor.sk\/cms\/wp-json\/wp\/v2\/tags?post=5004"}],"curies":[{"name":"wp","href":"https:\/\/api.w.org\/{rel}","templated":true}]}}